{"id":157663,"date":"2015-10-10T19:11:19","date_gmt":"2015-10-10T22:11:19","guid":{"rendered":"https:\/\/jundiai.sp.gov.br\/noticias\/?p=157663"},"modified":"2016-11-04T13:01:20","modified_gmt":"2016-11-04T15:01:20","slug":"turismo-passa-a-contar-com-funcao-deliberativa-no-conselho","status":"publish","type":"post","link":"https:\/\/jundiai.sp.gov.br\/noticias\/2015\/10\/10\/turismo-passa-a-contar-com-funcao-deliberativa-no-conselho\/","title":{"rendered":"Turismo passa a contar com fun\u00e7\u00e3o deliberativa no conselho"},"content":{"rendered":"<p><strong>Com import\u00e2ncia cada vez maior na cidade, o <a href=\"http:\/\/turismo.jundiai.sp.gov.br\/\" target=\"_blank\">turismo<\/a> conta desde sexta-feira (9) com uma mudan\u00e7a no seu conselho municipal, que passa a ter fun\u00e7\u00e3o tamb\u00e9m deliberativa, al\u00e9m de consultiva, de acordo com a lei 8.501. Com a mudan\u00e7a, o conselho refor\u00e7a seu papel como integrante da estrutura da Secretaria de Agricultura, Abastecimento e Turismo, no momento em que <a href=\"https:\/\/jundiai.sp.gov.br\/noticias\/2015\/10\/06\/jundiai-e-classificada-entre-melhores-no-turismo-do-estado\/\" target=\"_blank\">Jundia\u00ed \u00e9 reconhecida dentro do grupo principal de munic\u00edpios brasileiros do setor<\/a>.<\/strong><\/p>\n<p>O avan\u00e7o do segmento, que caminha para gerar 10% dos empregos diretos do munic\u00edpio, envolve tamb\u00e9m o surgimento do fundo municipal de turismo, mas tem sua import\u00e2ncia mais ligada ao trabalho conjunto do poder p\u00fablico, comunidade e iniciativa privada.<\/p>\n<p><strong>LEIA TAMB\u00c9M<br \/>\n<a href=\"https:\/\/jundiai.sp.gov.br\/noticias\/2015\/10\/07\/artesanato-brilha-em-dose-dupla-no-centro\/\" target=\"_blank\"><strong>Artesanato brilha em dose dupla no Centro<\/strong><\/a><br \/>\n<a href=\"https:\/\/jundiai.sp.gov.br\/noticias\/2015\/10\/10\/semana-do-idoso-e-homenageada-em-evento-do-celmi\/\" target=\"_blank\">Semana do Idoso \u00e9 homenageada em evento do Celmi<\/a><\/strong><\/p>\n<div id=\"attachment_157664\" style=\"width: 410px\" class=\"wp-caption alignleft\"><a href=\"https:\/\/jundiai.sp.gov.br\/noticias\/wp-content\/uploads\/sites\/32\/2015\/10\/camara_apresentacao_panorama_turismo_P54G1.jpg\"><img loading=\"lazy\" decoding=\"async\" aria-describedby=\"caption-attachment-157664\" class=\"size-large wp-image-157664\" src=\"https:\/\/jundiai.sp.gov.br\/noticias\/wp-content\/uploads\/sites\/32\/2015\/10\/camara_apresentacao_panorama_turismo_P54G1-720x492.jpg\" alt=\"Encontro de segmentos de turismo em recente evento p\u00fablico na C\u00e2mara\" width=\"400\" height=\"400\" \/><\/a><p id=\"caption-attachment-157664\" class=\"wp-caption-text\">Encontro de segmentos de turismo em recente evento p\u00fablico na C\u00e2mara<\/p><\/div>\n<p>\u201cAl\u00e9m de estarmos em destaque na nova categoriza\u00e7\u00e3o do Minist\u00e9rio de Turismo, aparecemos entre os casos nacionais divulgados por eles para o turismo rural\u201d, afirma o secret\u00e1rio Marcos Brunholi.<\/p>\n<p>Os resultados recentes do segmento, que levaram Jundia\u00ed a estar presente em eventos como da Associa\u00e7\u00e3o Brasileira de Ag\u00eancias de Viagem (Abav) ou do Centro Paula Souza, decorrem tamb\u00e9m da valoriza\u00e7\u00e3o do chamado planejamento participativo desde 2013.<\/p>\n<p>\u201cEsse \u00e9 um modelo que funciona para o poder p\u00fablico, envolvendo a comunidade e todo o trade do setor\u201d, afirma a diretora Marcela Moro.<\/p>\n<p>O conselho, com 24 vagas, \u00e9 formado por agentes p\u00fablicos e representantes do turismo rural, de restaurantes, da hotelaria, de ag\u00eancias de turismo receptivo, de profissionais envolvidos e de entidades e institui\u00e7\u00f5es. Atualmente \u00e9 coordenado pela artes\u00e3 Marizilda Folster.<\/p>\n<p>Converter Jundia\u00ed em uma refer\u00eancia de turismo foi a diretriz da gest\u00e3o do prefeito Pedro Bigardi (2013-2016), com objetivos definidos de fortalecimento da organiza\u00e7\u00e3o do turismo local, da promo\u00e7\u00e3o da cidade como destino tur\u00edstico, da amplia\u00e7\u00e3o de atrativos tur\u00edsticos qualificados, da implementa\u00e7\u00e3o de rotas tur\u00edsticas e da qualifica\u00e7\u00e3o do turismo local.<\/p>\n<p><em><strong>Jos\u00e9 Arnaldo de Oliveira<br \/>\nFoto: Arquivo PMJ <\/strong><\/em><\/p>\n","protected":false},"excerpt":{"rendered":"<p>Com import\u00e2ncia cada vez maior na cidade, o turismo conta desde sexta-feira (9) com uma mudan\u00e7a no seu conselho municipal, que passa a ter fun\u00e7\u00e3o tamb\u00e9m deliberativa, al\u00e9m de consultiva, de acordo com a lei 8.501. Com a mudan\u00e7a, o conselho refor\u00e7a seu papel como integrante da estrutura da Secretaria de Agricultura, Abastecimento e Turismo, [&hellip;]<\/p>\n","protected":false},"author":10,"featured_media":0,"comment_status":"closed","ping_status":"closed","sticky":false,"template":"","format":"standard","meta":{"footnotes":""},"categories":[2],"tags":[41,428,598],"ods":[],"class_list":["post-157663","post","type-post","status-publish","format-standard","hentry","category-noticias","tag-agricultura-abastecimento-e-turismo","tag-camara-municipal","tag-conselho-de-turismo-comtur"],"_links":{"self":[{"href":"https:\/\/jundiai.sp.gov.br\/noticias\/wp-json\/wp\/v2\/posts\/157663","targetHints":{"allow":["GET"]}}],"collection":[{"href":"https:\/\/jundiai.sp.gov.br\/noticias\/wp-json\/wp\/v2\/posts"}],"about":[{"href":"https:\/\/jundiai.sp.gov.br\/noticias\/wp-json\/wp\/v2\/types\/post"}],"author":[{"embeddable":true,"href":"https:\/\/jundiai.sp.gov.br\/noticias\/wp-json\/wp\/v2\/users\/10"}],"replies":[{"embeddable":true,"href":"https:\/\/jundiai.sp.gov.br\/noticias\/wp-json\/wp\/v2\/comments?post=157663"}],"version-history":[{"count":9,"href":"https:\/\/jundiai.sp.gov.br\/noticias\/wp-json\/wp\/v2\/posts\/157663\/revisions"}],"predecessor-version":[{"id":158145,"href":"https:\/\/jundiai.sp.gov.br\/noticias\/wp-json\/wp\/v2\/posts\/157663\/revisions\/158145"}],"wp:attachment":[{"href":"https:\/\/jundiai.sp.gov.br\/noticias\/wp-json\/wp\/v2\/media?parent=157663"}],"wp:term":[{"taxonomy":"category","embeddable":true,"href":"https:\/\/jundiai.sp.gov.br\/noticias\/wp-json\/wp\/v2\/categories?post=157663"},{"taxonomy":"post_tag","embeddable":true,"href":"https:\/\/jundiai.sp.gov.br\/noticias\/wp-json\/wp\/v2\/tags?post=157663"},{"taxonomy":"ods","embeddable":true,"href":"https:\/\/jundiai.sp.gov.br\/noticias\/wp-json\/wp\/v2\/ods?post=157663"}],"curies":[{"name":"wp","href":"https:\/\/api.w.org\/{rel}","templated":true}]}}