{"id":157715,"date":"2015-10-13T14:57:15","date_gmt":"2015-10-13T17:57:15","guid":{"rendered":"https:\/\/jundiai.sp.gov.br\/noticias\/?p=157715"},"modified":"2016-11-04T13:01:46","modified_gmt":"2016-11-04T15:01:46","slug":"3o-simposio-de-educacao-comeca-nesta-quarta-feira","status":"publish","type":"post","link":"https:\/\/jundiai.sp.gov.br\/noticias\/2015\/10\/13\/3o-simposio-de-educacao-comeca-nesta-quarta-feira\/","title":{"rendered":"3\u00ba Simp\u00f3sio de Educa\u00e7\u00e3o come\u00e7a nesta quarta-feira (14)"},"content":{"rendered":"<p><strong>A Secretaria de Educa\u00e7\u00e3o realiza, a partir desta quarta-feira (14), o 3\u00ba Simp\u00f3sio de Educa\u00e7\u00e3o, que tem como tema \u201cCurr\u00edculo e a reinven\u00e7\u00e3o da escola.\u201d A abertura ser\u00e1 \u00e0s 19h, no <a href=\"http:\/\/cultura.jundiai.sp.gov.br\/espacos-culturais\/teatro-polytheama\/\" target=\"_blank\">Teatro Polytheama<\/a>.<br \/>\n<\/strong><br \/>\n<strong>Em sua terceira edi\u00e7\u00e3o, o simp\u00f3sio tem como objetivo compartilhar descobertas, d\u00favidas, inquieta\u00e7\u00f5es e alegrias no estudo do curr\u00edculo.<\/strong> Para a primeira atividade foi convidado o professor Miguel Gonzales Arroyo, cientista social, mestre em Ci\u00eancia Pol\u00edtica, doutor em Educa\u00e7\u00e3o e docente em\u00e9rito da Faculdade de Educa\u00e7\u00e3o da UFMG. Ele ministrar\u00e1 uma palestra com o tema \u201cCurr\u00edculo e Escola: Outras inf\u00e2ncias, outras adolesc\u00eancias, outras escolas, outras doc\u00eancias?<\/p>\n<p><strong>LEIA TAMB\u00c9M<br \/>\n<a href=\"https:\/\/jundiai.sp.gov.br\/noticias\/2015\/10\/12\/parque-do-corrupira-tem-40-mil-na-festa-das-criancas\/\" target=\"_blank\">Parque do Corrupira tem 40 mil na Festa das Crian\u00e7as<\/a><br \/>\n<a href=\"https:\/\/jundiai.sp.gov.br\/noticias\/2015\/10\/09\/instituto-federal-e-etecvav-abrem-120-vagas-para-cursos-tecnicos\/\" target=\"_blank\">Instituto Federal e Etecvav abrem 120 vagas para cursos<\/a><br \/>\n<a href=\"https:\/\/jundiai.sp.gov.br\/noticias\/2015\/10\/09\/jundiai-tem-5a-maior-nota-do-ranking-de-cidades-com-melhor-oportunidade-de-educacao\/\" target=\"_blank\">Jundia\u00ed tem 5\u00aa maior nota do ranking de cidades com melhor oportunidade de educa\u00e7\u00e3o<\/a><\/strong><\/p>\n<div id=\"attachment_157716\" style=\"width: 730px\" class=\"wp-caption aligncenter\"><a href=\"https:\/\/jundiai.sp.gov.br\/noticias\/wp-content\/uploads\/sites\/32\/2015\/10\/2-simposio_educacao19_g.jpg\"><img loading=\"lazy\" decoding=\"async\" aria-describedby=\"caption-attachment-157716\" class=\"size-full wp-image-157716\" src=\"https:\/\/jundiai.sp.gov.br\/noticias\/wp-content\/uploads\/sites\/32\/2015\/10\/2-simposio_educacao19_g.jpg\" alt=\"Em 2014, simp\u00f3sio reuniu cerca de 1700 participantes\" width=\"720\" height=\"513\" \/><\/a><p id=\"caption-attachment-157716\" class=\"wp-caption-text\">Em 2014, simp\u00f3sio reuniu cerca de 1700 participantes<\/p><\/div>\n<p><strong>O simp\u00f3sio continua quinta (15) e sexta-feira (16), o dia todo, no Complexo Argos. Ser\u00e3o realizados minicursos, socializa\u00e7\u00e3o de projetos desenvolvidos por educadores da rede municipal e exposi\u00e7\u00e3o de p\u00f4steres<\/strong>. Os trabalhos est\u00e3o distribu\u00eddos em cinco eixos: Pol\u00edticas p\u00fablicas para a educa\u00e7\u00e3o; Direitos Humanos; Concep\u00e7\u00e3o do sujeito na educa\u00e7\u00e3o; Gest\u00e3o Educacional; Pr\u00e1ticas did\u00e1tico-pedag\u00f3gicas nas propostas pedag\u00f3gicas da Secretaria de Educa\u00e7\u00e3o. <strong>Mais de 2,5 mil educadores se inscreveram para participar das atividades.<\/strong><\/p>\n<p><em><strong>Roberta de S\u00e1<br \/>\nFoto: Arquivo PMJ<\/strong><\/em><\/p>\n","protected":false},"excerpt":{"rendered":"<p>A Secretaria de Educa\u00e7\u00e3o realiza, a partir desta quarta-feira (14), o 3\u00ba Simp\u00f3sio de Educa\u00e7\u00e3o, que tem como tema \u201cCurr\u00edculo e a reinven\u00e7\u00e3o da escola.\u201d A abertura ser\u00e1 \u00e0s 19h, no Teatro Polytheama. Em sua terceira edi\u00e7\u00e3o, o simp\u00f3sio tem como objetivo compartilhar descobertas, d\u00favidas, inquieta\u00e7\u00f5es e alegrias no estudo do curr\u00edculo. Para a primeira [&hellip;]<\/p>\n","protected":false},"author":21,"featured_media":0,"comment_status":"closed","ping_status":"closed","sticky":false,"template":"","format":"standard","meta":{"footnotes":""},"categories":[2],"tags":[775,419,6,98],"ods":[],"class_list":["post-157715","post","type-post","status-publish","format-standard","hentry","category-noticias","tag-3o-simposio-de-educacao","tag-complexo-argos","tag-educacao","tag-teatro-polytheama"],"_links":{"self":[{"href":"https:\/\/jundiai.sp.gov.br\/noticias\/wp-json\/wp\/v2\/posts\/157715","targetHints":{"allow":["GET"]}}],"collection":[{"href":"https:\/\/jundiai.sp.gov.br\/noticias\/wp-json\/wp\/v2\/posts"}],"about":[{"href":"https:\/\/jundiai.sp.gov.br\/noticias\/wp-json\/wp\/v2\/types\/post"}],"author":[{"embeddable":true,"href":"https:\/\/jundiai.sp.gov.br\/noticias\/wp-json\/wp\/v2\/users\/21"}],"replies":[{"embeddable":true,"href":"https:\/\/jundiai.sp.gov.br\/noticias\/wp-json\/wp\/v2\/comments?post=157715"}],"version-history":[{"count":5,"href":"https:\/\/jundiai.sp.gov.br\/noticias\/wp-json\/wp\/v2\/posts\/157715\/revisions"}],"predecessor-version":[{"id":158148,"href":"https:\/\/jundiai.sp.gov.br\/noticias\/wp-json\/wp\/v2\/posts\/157715\/revisions\/158148"}],"wp:attachment":[{"href":"https:\/\/jundiai.sp.gov.br\/noticias\/wp-json\/wp\/v2\/media?parent=157715"}],"wp:term":[{"taxonomy":"category","embeddable":true,"href":"https:\/\/jundiai.sp.gov.br\/noticias\/wp-json\/wp\/v2\/categories?post=157715"},{"taxonomy":"post_tag","embeddable":true,"href":"https:\/\/jundiai.sp.gov.br\/noticias\/wp-json\/wp\/v2\/tags?post=157715"},{"taxonomy":"ods","embeddable":true,"href":"https:\/\/jundiai.sp.gov.br\/noticias\/wp-json\/wp\/v2\/ods?post=157715"}],"curies":[{"name":"wp","href":"https:\/\/api.w.org\/{rel}","templated":true}]}}