{"id":157943,"date":"2015-10-15T14:14:31","date_gmt":"2015-10-15T17:14:31","guid":{"rendered":"https:\/\/jundiai.sp.gov.br\/noticias\/?p=157943"},"modified":"2016-11-04T13:02:02","modified_gmt":"2016-11-04T15:02:02","slug":"prefeito-participa-da-inauguracao-do-supermercado-covabra","status":"publish","type":"post","link":"https:\/\/jundiai.sp.gov.br\/noticias\/2015\/10\/15\/prefeito-participa-da-inauguracao-do-supermercado-covabra\/","title":{"rendered":"Prefeito participa da inaugura\u00e7\u00e3o do supermercado Covabra"},"content":{"rendered":"<p><strong>O prefeito <a href=\"https:\/\/jundiai.sp.gov.br\/gabinete\/prefeito\/\" target=\"_blank\">Pedro Bigardi<\/a> participou, nesta quinta-feira (15), da inaugura\u00e7\u00e3o da primeira loja da rede de supermercados Covabra em Jundia\u00ed, localizada na Malota. Cerca de 200 vagas diretas de emprego foram geradas exclusivamente para o novo estabelecimento. A unidade \u00e9 a 13\u00aa da empresa, presente em oito cidades do interior paulista.<\/strong><\/p>\n<p><strong>LEIA MAIS<\/strong><br \/>\n<strong> <a class=\"titulo-lista\" title=\"Prefeitura contabiliza 165 a\u00e7\u00f5es em menos de tr\u00eas anos\" href=\"https:\/\/jundiai.sp.gov.br\/noticias\/2015\/10\/09\/prefeitura-contabiliza-165-acoes-em-menos-de-tres-anos\/\" rel=\"bookmark\">Prefeitura contabiliza 165 a\u00e7\u00f5es em menos de tr\u00eas anos<\/a><\/strong><br \/>\n<strong> <a class=\"titulo-lista\" title=\"Prefeito recebe convite para presidir solenidade do Ex\u00e9rcito\" href=\"https:\/\/jundiai.sp.gov.br\/noticias\/2015\/10\/14\/prefeito-recebe-convite-para-presidir-solenidade-do-exercito\/\" rel=\"bookmark\">Prefeito recebe convite para presidir solenidade do Ex\u00e9rcito<\/a><\/strong><\/p>\n<div id=\"attachment_157946\" style=\"width: 730px\" class=\"wp-caption aligncenter\"><a href=\"https:\/\/jundiai.sp.gov.br\/noticias\/wp-content\/uploads\/sites\/32\/2015\/10\/Inauguracao-Supermercado-COVABRA_c_158_G.jpg\"><img loading=\"lazy\" decoding=\"async\" aria-describedby=\"caption-attachment-157946\" class=\"size-full wp-image-157946\" src=\"https:\/\/jundiai.sp.gov.br\/noticias\/wp-content\/uploads\/sites\/32\/2015\/10\/Inauguracao-Supermercado-COVABRA_c_158_G.jpg\" alt=\"Prefeito e diretores da Covabra inauguram a primeira loja da rede em Jundia\u00ed\" width=\"720\" height=\"513\" \/><\/a><p id=\"caption-attachment-157946\" class=\"wp-caption-text\">Prefeito e diretores da Covabra inauguram a primeira loja da rede em Jundia\u00ed<\/p><\/div>\n<p>Para o prefeito Pedro Bigardi, a chegada do supermercado reafirma o potencial econ\u00f4mico de Jundia\u00ed. \u201c\u00c9 uma honra receber um empreendimento como o Covabra, com uma hist\u00f3ria s\u00f3lida, <strong>gerando emprego e receita ao munic\u00edpio<\/strong>. Esta inaugura\u00e7\u00e3o \u00e9 mais um exemplo de que a cidade n\u00e3o para. <strong>A procura por empresas \u00e9 grande, o que prova que Jundia\u00ed tem qualidade e est\u00e1 em pleno desenvolvimento.<\/strong>\u201d<\/p>\n<p>O diretor-geral da rede de supermercados, Ronaldo dos Santos, disse que a empresa est\u00e1 em fase de expans\u00e3o e <strong>Jundia\u00ed j\u00e1 fazia parte dos planos, tanto que uma nova loja ser\u00e1 inaugurada no bairro Parque Eloy Chaves.<\/strong><\/p>\n<div id=\"attachment_157947\" style=\"width: 340px\" class=\"wp-caption alignright\"><a href=\"https:\/\/jundiai.sp.gov.br\/noticias\/wp-content\/uploads\/sites\/32\/2015\/10\/Inauguracao-Supermercado-COVABRA_c_43_G.jpg\"><img loading=\"lazy\" decoding=\"async\" aria-describedby=\"caption-attachment-157947\" class=\"size-full wp-image-157947\" src=\"https:\/\/jundiai.sp.gov.br\/noticias\/wp-content\/uploads\/sites\/32\/2015\/10\/Inauguracao-Supermercado-COVABRA_c_43_G.jpg\" alt=\" Supermercado conta com instala\u00e7\u00f5es modernas no bairro da Malota\" width=\"330\" height=\"370\" \/><\/a><p id=\"caption-attachment-157947\" class=\"wp-caption-text\"><br \/>Supermercado conta com instala\u00e7\u00f5es modernas no bairro da Malota<\/p><\/div>\n<p>\u201cT\u00ednhamos o desejo de vir para Jundia\u00ed h\u00e1 bastante tempo, \u00e9 uma cidade com excelentes indicadores econ\u00f4micos e sociais. Estamos vindo com duas lojas, uma na Malota e a outra no Eloy Chaves, que ser\u00e1 inaugurada no ano que vem. Nosso objetivo \u00e9 contribuir com o desenvolvimento do munic\u00edpio\u201d, afirmou. Santos tamb\u00e9m agradeceu a Prefeitura pelo apoio. \u201cA equipe da Prefeitura foi r\u00e1pida, o que \u00e9 muito importante para quem tem interesse em fazer investimentos na cidade.\u201d<\/p>\n<p><strong>A unidade jundiaiense conta com 1.800 m\u00b2 de \u00e1rea de vendas e 8 mil m\u00b2 de \u00e1rea constru\u00edda. Para ser a oitava cidade em que o Covabra investe, Jundia\u00ed foi escolhida devido \u00e0 proximidade com o raio de atua\u00e7\u00e3o da empresa, com sede em Campinas, e ao n\u00edvel de renda populacional.<\/strong><\/p>\n<p><strong>Participaram da inaugura\u00e7\u00e3o<\/strong> o vice-prefeito Durval Orlato; o diretor da Secretaria de Desenvolvimento Econ\u00f4mico Ci\u00eancia e Tecnologia, Jos\u00e9 Dimas Gon\u00e7alves; o secret\u00e1rio de Esportes, Cristiano Lopes; o secret\u00e1rio de Obras, Jos\u00e9 Roberto Aprillanti J\u00fanior; o secret\u00e1rio de Cultura, T\u00e9rcio Marinho; o coordenador do Procon, Adilton Garcia; o diretor-presidente da DAE, Jamil Yatin; e o superintendente da TVE, Thiago Godinho.<\/p>\n<p><em><strong>Assessoria de Imprensa<\/strong><\/em><br \/>\n<em><strong> Fotos: Cleber de Almeida<\/strong><\/em><\/p>\n","protected":false},"excerpt":{"rendered":"<p>O prefeito Pedro Bigardi participou, nesta quinta-feira (15), da inaugura\u00e7\u00e3o da primeira loja da rede de supermercados Covabra em Jundia\u00ed, localizada na Malota. Cerca de 200 vagas diretas de emprego foram geradas exclusivamente para o novo estabelecimento. A unidade \u00e9 a 13\u00aa da empresa, presente em oito cidades do interior paulista. LEIA MAIS Prefeitura contabiliza [&hellip;]<\/p>\n","protected":false},"author":11,"featured_media":0,"comment_status":"closed","ping_status":"closed","sticky":false,"template":"","format":"standard","meta":{"footnotes":""},"categories":[2],"tags":[365,480,58],"ods":[],"class_list":["post-157943","post","type-post","status-publish","format-standard","hentry","category-noticias","tag-desenvolvimento-economico-ciencia-e-tecnologia","tag-emprego","tag-prefeito"],"_links":{"self":[{"href":"https:\/\/jundiai.sp.gov.br\/noticias\/wp-json\/wp\/v2\/posts\/157943","targetHints":{"allow":["GET"]}}],"collection":[{"href":"https:\/\/jundiai.sp.gov.br\/noticias\/wp-json\/wp\/v2\/posts"}],"about":[{"href":"https:\/\/jundiai.sp.gov.br\/noticias\/wp-json\/wp\/v2\/types\/post"}],"author":[{"embeddable":true,"href":"https:\/\/jundiai.sp.gov.br\/noticias\/wp-json\/wp\/v2\/users\/11"}],"replies":[{"embeddable":true,"href":"https:\/\/jundiai.sp.gov.br\/noticias\/wp-json\/wp\/v2\/comments?post=157943"}],"version-history":[{"count":3,"href":"https:\/\/jundiai.sp.gov.br\/noticias\/wp-json\/wp\/v2\/posts\/157943\/revisions"}],"predecessor-version":[{"id":157952,"href":"https:\/\/jundiai.sp.gov.br\/noticias\/wp-json\/wp\/v2\/posts\/157943\/revisions\/157952"}],"wp:attachment":[{"href":"https:\/\/jundiai.sp.gov.br\/noticias\/wp-json\/wp\/v2\/media?parent=157943"}],"wp:term":[{"taxonomy":"category","embeddable":true,"href":"https:\/\/jundiai.sp.gov.br\/noticias\/wp-json\/wp\/v2\/categories?post=157943"},{"taxonomy":"post_tag","embeddable":true,"href":"https:\/\/jundiai.sp.gov.br\/noticias\/wp-json\/wp\/v2\/tags?post=157943"},{"taxonomy":"ods","embeddable":true,"href":"https:\/\/jundiai.sp.gov.br\/noticias\/wp-json\/wp\/v2\/ods?post=157943"}],"curies":[{"name":"wp","href":"https:\/\/api.w.org\/{rel}","templated":true}]}}