{"id":158303,"date":"2015-10-16T17:48:03","date_gmt":"2015-10-16T20:48:03","guid":{"rendered":"https:\/\/jundiai.sp.gov.br\/noticias\/?p=158303"},"modified":"2020-11-06T10:37:11","modified_gmt":"2020-11-06T13:37:11","slug":"prefeitura-divulga-mapa-com-identificacao-do-poligono-historico","status":"publish","type":"post","link":"https:\/\/jundiai.sp.gov.br\/noticias\/2015\/10\/16\/prefeitura-divulga-mapa-com-identificacao-do-poligono-historico\/","title":{"rendered":"Prefeitura divulga mapa com identifica\u00e7\u00e3o do Pol\u00edgono Hist\u00f3rico"},"content":{"rendered":"<p><strong>A <a href=\"http:\/\/cultura.jundiai.sp.gov.br\/\" target=\"_blank\" rel=\"noopener noreferrer\">Secretaria de Cultura<\/a>, por meio da Diretoria de Patrim\u00f4nio Hist\u00f3rico e Cultural, divulgou o mapa que possibilita localizar a regi\u00e3o protegida pelo Pol\u00edgono de Prote\u00e7\u00e3o Hist\u00f3rica dentro do Centro Hist\u00f3rico. As informa\u00e7\u00f5es est\u00e3o no site do Patrim\u00f4nio Hist\u00f3rico de Jundia\u00ed, na op\u00e7\u00e3o Pol\u00edtica de Preserva\u00e7\u00e3o do Patrim\u00f4nio.<\/strong><\/p>\n<p><strong>LEIA TAMB\u00c9M<br \/>\n<\/strong><a href=\"https:\/\/jundiai.sp.gov.br\/noticias\/2015\/10\/15\/solar-do-barao-sedia-exposicao-silencio-inefavel\/\" target=\"_blank\" rel=\"noopener noreferrer\">Solar do Bar\u00e3o sedia exposi\u00e7\u00e3o \u2018Sil\u00eancio Inef\u00e1vel\u2019<\/a><br \/>\n<a href=\"https:\/\/jundiai.sp.gov.br\/noticias\/2015\/10\/14\/pinacoteca-recebe-exposicao-sobre-diversidade-de-generos\/\" target=\"_blank\" rel=\"noopener noreferrer\">Pinacoteca recebe exposi\u00e7\u00e3o sobre diversidade de g\u00eaneros<\/a><br \/>\n<a href=\"https:\/\/jundiai.sp.gov.br\/noticias\/2015\/10\/16\/nova-diretoria-da-academia-de-letras-juridicas-toma-posse\/\" target=\"_blank\" rel=\"noopener noreferrer\">Nova diretoria da Academia de Letras Jur\u00eddicas toma posse<\/a><br \/>\n<a href=\"https:\/\/jundiai.sp.gov.br\/noticias\/2015\/10\/15\/inscricao-para-jovens-instrumentistas-e-prorrogada-ate-quarta-feira-21\/\" target=\"_blank\" rel=\"noopener noreferrer\">Inscri\u00e7\u00e3o para Jovens Instrumentistas \u00e9 prorrogada at\u00e9 quarta-feira (21)<\/a><\/p>\n<p>\u201c\u00c9 mais uma a\u00e7\u00e3o de <strong>transpar\u00eancia<\/strong> que tomamos, pois entendemos que <strong>a cidade toda tem que fazer parte da discuss\u00e3o<\/strong>\u201d, afirma o secret\u00e1rio de Cultura, T\u00e9rcio Marinho.<\/p>\n<p>Em agosto, durante o Simp\u00f3sio de Patrim\u00f4nio Material e Imaterial, foi <strong><a href=\"https:\/\/jundiai.sp.gov.br\/noticias\/2015\/08\/26\/simposio-de-patrimonio-comeca-com-mesa-redonda\/\" target=\"_blank\" rel=\"noopener noreferrer\">lan\u00e7ado o site do Patrim\u00f4nio<\/a><\/strong> para ser uma refer\u00eancia de pesquisa sobre a pol\u00edtica de preserva\u00e7\u00e3o dos bens culturais de Jundia\u00ed. \u201cEstamos complementando as informa\u00e7\u00f5es para que <strong>estudantes e cidad\u00e3os tenham acesso a este material de forma mais simples. Podemos dizer que \u00e9 uma a\u00e7\u00e3o pedag\u00f3gica tocada pelo poder p\u00fablico<\/strong>\u201d, completa o diretor de Patrim\u00f4nio Hist\u00f3rico e Cultural, Donizetti Aparecido Pinto.<\/p>\n<div id=\"attachment_158304\" style=\"width: 730px\" class=\"wp-caption aligncenter\"><a href=\"https:\/\/jundiai.sp.gov.br\/noticias\/wp-content\/uploads\/sites\/32\/2015\/10\/3\u00ba-Simposio-sobre-Patrimonio-Historico_c_18_G.jpg\"><img loading=\"lazy\" decoding=\"async\" aria-describedby=\"caption-attachment-158304\" class=\"size-large wp-image-158304\" src=\"https:\/\/jundiai.sp.gov.br\/noticias\/wp-content\/uploads\/sites\/32\/2015\/10\/3\u00ba-Simposio-sobre-Patrimonio-Historico_c_18_G-720x469.jpg\" alt=\"Site foi lan\u00e7ado em agosto durante o 3\u00ba Simp\u00f3sio do Patrim\u00f4nio Material e Imaterial\" width=\"720\" height=\"469\" srcset=\"https:\/\/jundiai.sp.gov.br\/noticias\/wp-content\/uploads\/sites\/32\/2015\/10\/3\u00ba-Simposio-sobre-Patrimonio-Historico_c_18_G-720x469.jpg 720w, https:\/\/jundiai.sp.gov.br\/noticias\/wp-content\/uploads\/sites\/32\/2015\/10\/3\u00ba-Simposio-sobre-Patrimonio-Historico_c_18_G-300x195.jpg 300w, https:\/\/jundiai.sp.gov.br\/noticias\/wp-content\/uploads\/sites\/32\/2015\/10\/3\u00ba-Simposio-sobre-Patrimonio-Historico_c_18_G.jpg 1240w\" sizes=\"auto, (max-width: 720px) 100vw, 720px\" \/><\/a><p id=\"caption-attachment-158304\" class=\"wp-caption-text\">Site foi lan\u00e7ado em agosto durante o 3\u00ba Simp\u00f3sio do Patrim\u00f4nio Material e Imaterial<\/p><\/div>\n<p><strong><em>Assessoria de Imprensa<br \/>\nFoto: Fot\u00f3grafos PMJ<\/em><\/strong><\/p>\n","protected":false},"excerpt":{"rendered":"<p>A Secretaria de Cultura, por meio da Diretoria de Patrim\u00f4nio Hist\u00f3rico e Cultural, divulgou o mapa que possibilita localizar a regi\u00e3o protegida pelo Pol\u00edgono de Prote\u00e7\u00e3o Hist\u00f3rica dentro do Centro Hist\u00f3rico. As informa\u00e7\u00f5es est\u00e3o no site do Patrim\u00f4nio Hist\u00f3rico de Jundia\u00ed, na op\u00e7\u00e3o Pol\u00edtica de Preserva\u00e7\u00e3o do Patrim\u00f4nio. LEIA TAMB\u00c9M Solar do Bar\u00e3o sedia exposi\u00e7\u00e3o [&hellip;]<\/p>\n","protected":false},"author":14,"featured_media":0,"comment_status":"closed","ping_status":"closed","sticky":false,"template":"","format":"standard","meta":{"footnotes":""},"categories":[2],"tags":[683,29,682],"ods":[],"class_list":["post-158303","post","type-post","status-publish","format-standard","hentry","category-noticias","tag-3o-simposio-sobre-patrimonio-material-e-imaterial","tag-cultura","tag-simposio-sobre-patrimonio-material-e-imaterial"],"_links":{"self":[{"href":"https:\/\/jundiai.sp.gov.br\/noticias\/wp-json\/wp\/v2\/posts\/158303","targetHints":{"allow":["GET"]}}],"collection":[{"href":"https:\/\/jundiai.sp.gov.br\/noticias\/wp-json\/wp\/v2\/posts"}],"about":[{"href":"https:\/\/jundiai.sp.gov.br\/noticias\/wp-json\/wp\/v2\/types\/post"}],"author":[{"embeddable":true,"href":"https:\/\/jundiai.sp.gov.br\/noticias\/wp-json\/wp\/v2\/users\/14"}],"replies":[{"embeddable":true,"href":"https:\/\/jundiai.sp.gov.br\/noticias\/wp-json\/wp\/v2\/comments?post=158303"}],"version-history":[{"count":6,"href":"https:\/\/jundiai.sp.gov.br\/noticias\/wp-json\/wp\/v2\/posts\/158303\/revisions"}],"predecessor-version":[{"id":258109,"href":"https:\/\/jundiai.sp.gov.br\/noticias\/wp-json\/wp\/v2\/posts\/158303\/revisions\/258109"}],"wp:attachment":[{"href":"https:\/\/jundiai.sp.gov.br\/noticias\/wp-json\/wp\/v2\/media?parent=158303"}],"wp:term":[{"taxonomy":"category","embeddable":true,"href":"https:\/\/jundiai.sp.gov.br\/noticias\/wp-json\/wp\/v2\/categories?post=158303"},{"taxonomy":"post_tag","embeddable":true,"href":"https:\/\/jundiai.sp.gov.br\/noticias\/wp-json\/wp\/v2\/tags?post=158303"},{"taxonomy":"ods","embeddable":true,"href":"https:\/\/jundiai.sp.gov.br\/noticias\/wp-json\/wp\/v2\/ods?post=158303"}],"curies":[{"name":"wp","href":"https:\/\/api.w.org\/{rel}","templated":true}]}}