{"id":158412,"date":"2015-10-19T15:22:55","date_gmt":"2015-10-19T17:22:55","guid":{"rendered":"https:\/\/jundiai.sp.gov.br\/noticias\/?p=158412"},"modified":"2020-11-06T10:37:01","modified_gmt":"2020-11-06T13:37:01","slug":"o-que-e-patrimonio-imaterial-palestra-na-casa-das-letras-explica","status":"publish","type":"post","link":"https:\/\/jundiai.sp.gov.br\/noticias\/2015\/10\/19\/o-que-e-patrimonio-imaterial-palestra-na-casa-das-letras-explica\/","title":{"rendered":"O que \u00e9 Patrim\u00f4nio Imaterial? Palestra na Casa das Letras explica"},"content":{"rendered":"<p><strong>A <a href=\"http:\/\/cultura.jundiai.sp.gov.br\/\" target=\"_blank\" rel=\"noopener noreferrer\">Secretaria de Cultura<\/a>, por meio da Diretoria de Patrim\u00f4nio Hist\u00f3rico e Cultural, realiza, no dia 10 de novembro, \u00e0s 19h, na Casa das Letras e Artes, a palestra &#8220;O que \u00e9 Patrim\u00f4nio Imaterial?&#8221;, com a pesquisadora Alessandra Ribeiro.<\/strong><\/p>\n<p><strong>LEIA TAMB\u00c9M<br \/>\n<\/strong><a href=\"https:\/\/jundiai.sp.gov.br\/noticias\/2015\/10\/17\/prefeito-pedro-bigardi-celebra-as-raizes-italianas-em-jundiai\/\" target=\"_blank\" rel=\"noopener noreferrer\">Prefeito Pedro Bigardi celebra as ra\u00edzes italianas em Jundia\u00ed<\/a><br \/>\n<a href=\"https:\/\/jundiai.sp.gov.br\/noticias\/2015\/10\/16\/prefeitura-divulga-mapa-com-identificacao-do-poligono-historico\/\" target=\"_blank\" rel=\"noopener noreferrer\">Prefeitura divulga mapa com identifica\u00e7\u00e3o do Pol\u00edgono Hist\u00f3rico<\/a><br \/>\n<a href=\"https:\/\/jundiai.sp.gov.br\/noticias\/2015\/10\/19\/cultura-e-educacao-sao-tema-de-mesa-redonda-no-complexo-argos\/\" target=\"_blank\" rel=\"noopener noreferrer\">Cultura e educa\u00e7\u00e3o s\u00e3o tema de mesa-redonda no Complexo Argos<\/a><\/p>\n<div id=\"attachment_158415\" style=\"width: 730px\" class=\"wp-caption aligncenter\"><a href=\"https:\/\/jundiai.sp.gov.br\/noticias\/wp-content\/uploads\/sites\/32\/2015\/10\/romaria_diocesanaG.jpg\"><img loading=\"lazy\" decoding=\"async\" aria-describedby=\"caption-attachment-158415\" class=\"size-large wp-image-158415\" src=\"https:\/\/jundiai.sp.gov.br\/noticias\/wp-content\/uploads\/sites\/32\/2015\/10\/romaria_diocesanaG-720x404.jpg\" alt=\"Romaria Diocesana Masculina foi reconhecida como Patrim\u00f4nio Imaterial de Jundia\u00ed\" width=\"720\" height=\"404\" srcset=\"https:\/\/jundiai.sp.gov.br\/noticias\/wp-content\/uploads\/sites\/32\/2015\/10\/romaria_diocesanaG-720x404.jpg 720w, https:\/\/jundiai.sp.gov.br\/noticias\/wp-content\/uploads\/sites\/32\/2015\/10\/romaria_diocesanaG-300x168.jpg 300w, https:\/\/jundiai.sp.gov.br\/noticias\/wp-content\/uploads\/sites\/32\/2015\/10\/romaria_diocesanaG.jpg 1240w\" sizes=\"auto, (max-width: 720px) 100vw, 720px\" \/><\/a><p id=\"caption-attachment-158415\" class=\"wp-caption-text\">Romaria Diocesana Masculina foi reconhecida como Patrim\u00f4nio Imaterial de Jundia\u00ed<\/p><\/div>\n<p>Segundo o diretor de Patrim\u00f4nio Hist\u00f3rico e Cultural, Donizetti Aparecido Pinto, o evento tem como proposta <strong>esclarecer a popula\u00e7\u00e3o sobre o Patrim\u00f4nio Imaterial, tema da <a href=\"http:\/\/sapl.jundiai.sp.leg.br\/consultas\/norma_juridica\/norma_juridica_mostrar_proc?cod_norma=16047\" target=\"_blank\" rel=\"noopener noreferrer\">lei 564\/2015<\/a>, rec\u00e9m-sancionada pelo prefeito Pedro Bigardi, que sistematiza as tratativas relacionadas ao tema na cidade<\/strong>. \u201c\u00c9 importante que os principais atores da quest\u00e3o estejam cientes da import\u00e2ncia do registro de suas a\u00e7\u00f5es como Patrim\u00f4nio Imaterial, pois, com a nova pol\u00edtica regulamentada, fica na incumb\u00eancia do poder p\u00fablico atuar de forma pedag\u00f3gica perante a sociedade civil\u201d, afirma o diretor.<\/p>\n<div id=\"attachment_158420\" style=\"width: 340px\" class=\"wp-caption alignleft\"><a href=\"https:\/\/jundiai.sp.gov.br\/noticias\/wp-content\/uploads\/sites\/32\/2015\/10\/Patrim\u00f4nioG.jpg\"><img loading=\"lazy\" decoding=\"async\" aria-describedby=\"caption-attachment-158420\" class=\"size-large wp-image-158420\" src=\"https:\/\/jundiai.sp.gov.br\/noticias\/wp-content\/uploads\/sites\/32\/2015\/10\/Patrim\u00f4nioG-681x960.jpg\" alt=\"Casa das Letras e Artes fica na rua Rangel Pestana, 456\" width=\"330\" height=\"370\" \/><\/a><p id=\"caption-attachment-158420\" class=\"wp-caption-text\">Casa das Letras e Artes fica na rua Rangel Pestana, 456<\/p><\/div>\n<p>A Diretoria de Patrim\u00f4nio Hist\u00f3rico e Cultural j\u00e1 trabalha no registro de bens imateriais da cidade. O evento complementa parte do processo estabelecido na implementa\u00e7\u00e3o da Lei. \u201cRecebemos a demanda via <strong><a href=\"http:\/\/www.jundiai.sp.leg.br\/\" target=\"_blank\" rel=\"noopener noreferrer\">C\u00e2mara Municipal<\/a>, por se tratar de uma quest\u00e3o importante para a sociedade jundiaiense e, com a san\u00e7\u00e3o do Executivo, agora \u00e9 nossa obriga\u00e7\u00e3o fazer o processo acontecer<\/strong>\u201d, analisa o Secret\u00e1rio de Cultura, T\u00e9rcio Marinho.<\/p>\n<p><strong>A palestrante <\/strong><br \/>\nAlessandra Ribeiro \u00e9 pesquisadora e lideran\u00e7a do \u201cJongo Dito Ribeiro de Campinas\u201d, e atua como defensora das pol\u00edticas de salvaguarda em todos n\u00edveis: nacional, estadual e municipal. Sua forma\u00e7\u00e3o acad\u00eamica tem \u00eanfase na \u00e1rea de estudos da \u00c1frica e Cultura Afro pela PUC Campinas desde 2005, pela qual \u00e9 formada em Hist\u00f3ria, com um Trabalho de Conclus\u00e3o de Curso sobre a manifesta\u00e7\u00e3o do jongo (dan\u00e7a brasileira de origem africana) e suas representa\u00e7\u00f5es nas produ\u00e7\u00f5es audiovisuais. \u00c9 mestre pela PUC &#8211; Campinas com a disserta\u00e7\u00e3o \u201cRequalifica\u00e7\u00e3o Urbana: A Fazenda Roseira e a Comunidade Jongo Dito Ribeiro\u201d. Atualmente \u00e9 doutoranda, com pesquisa sobre as Matrizes Africanas em Campinas, tamb\u00e9m pela PUC.<\/p>\n<p><strong>A palestra \u00e9 aberta ao p\u00fablico geral. A Casa das Letras e Artes fica na rua Rangel Pestana, 456, Centro. <\/strong><\/p>\n<p><strong><em>Assessoria de Imprensa<br \/>\nFoto: Arquivo pessoal\/V\u00e2nia Feitosa<\/em><\/strong><\/p>\n","protected":false},"excerpt":{"rendered":"<p>A Secretaria de Cultura, por meio da Diretoria de Patrim\u00f4nio Hist\u00f3rico e Cultural, realiza, no dia 10 de novembro, \u00e0s 19h, na Casa das Letras e Artes, a palestra &#8220;O que \u00e9 Patrim\u00f4nio Imaterial?&#8221;, com a pesquisadora Alessandra Ribeiro. LEIA TAMB\u00c9M Prefeito Pedro Bigardi celebra as ra\u00edzes italianas em Jundia\u00ed Prefeitura divulga mapa com identifica\u00e7\u00e3o [&hellip;]<\/p>\n","protected":false},"author":14,"featured_media":0,"comment_status":"closed","ping_status":"closed","sticky":false,"template":"","format":"standard","meta":{"footnotes":""},"categories":[2],"tags":[428,747,29,800],"ods":[],"class_list":["post-158412","post","type-post","status-publish","format-standard","hentry","category-noticias","tag-camara-municipal","tag-casa-das-letras-e-artes","tag-cultura","tag-patrimonio-historico-e-cultural"],"_links":{"self":[{"href":"https:\/\/jundiai.sp.gov.br\/noticias\/wp-json\/wp\/v2\/posts\/158412","targetHints":{"allow":["GET"]}}],"collection":[{"href":"https:\/\/jundiai.sp.gov.br\/noticias\/wp-json\/wp\/v2\/posts"}],"about":[{"href":"https:\/\/jundiai.sp.gov.br\/noticias\/wp-json\/wp\/v2\/types\/post"}],"author":[{"embeddable":true,"href":"https:\/\/jundiai.sp.gov.br\/noticias\/wp-json\/wp\/v2\/users\/14"}],"replies":[{"embeddable":true,"href":"https:\/\/jundiai.sp.gov.br\/noticias\/wp-json\/wp\/v2\/comments?post=158412"}],"version-history":[{"count":9,"href":"https:\/\/jundiai.sp.gov.br\/noticias\/wp-json\/wp\/v2\/posts\/158412\/revisions"}],"predecessor-version":[{"id":258108,"href":"https:\/\/jundiai.sp.gov.br\/noticias\/wp-json\/wp\/v2\/posts\/158412\/revisions\/258108"}],"wp:attachment":[{"href":"https:\/\/jundiai.sp.gov.br\/noticias\/wp-json\/wp\/v2\/media?parent=158412"}],"wp:term":[{"taxonomy":"category","embeddable":true,"href":"https:\/\/jundiai.sp.gov.br\/noticias\/wp-json\/wp\/v2\/categories?post=158412"},{"taxonomy":"post_tag","embeddable":true,"href":"https:\/\/jundiai.sp.gov.br\/noticias\/wp-json\/wp\/v2\/tags?post=158412"},{"taxonomy":"ods","embeddable":true,"href":"https:\/\/jundiai.sp.gov.br\/noticias\/wp-json\/wp\/v2\/ods?post=158412"}],"curies":[{"name":"wp","href":"https:\/\/api.w.org\/{rel}","templated":true}]}}