{"id":158637,"date":"2015-10-21T13:45:05","date_gmt":"2015-10-21T15:45:05","guid":{"rendered":"https:\/\/jundiai.sp.gov.br\/noticias\/?p=158637"},"modified":"2016-11-04T13:02:53","modified_gmt":"2016-11-04T15:02:53","slug":"alunos-concluem-curso-de-hortas-do-fundo-social","status":"publish","type":"post","link":"https:\/\/jundiai.sp.gov.br\/noticias\/2015\/10\/21\/alunos-concluem-curso-de-hortas-do-fundo-social\/","title":{"rendered":"Alunos concluem curso de hortas do Fundo Social de Solidariedade"},"content":{"rendered":"<p><strong>Depois de participar do curso de jardinagem oferecido pelo <a href=\"https:\/\/www.facebook.com\/fundosocialsolidariedadedejundiai?fref=ts\" target=\"_blank\">Fundo Social de Solidariedade (Funss)<\/a>, da Prefeitura de Jundia\u00ed, a artes\u00e3 Suzete Martins Silva, de 32, est\u00e1 trabalhando com minijardins e nesta quarta-feira (25) concluiu o curso de hortas. \u201cO curso de jardinagem me proporcionou um novo trabalho e renda. J\u00e1 o curso de horta est\u00e1 me ajudando na melhora da alimenta\u00e7\u00e3o da minha fam\u00edlia\u201d.<\/strong><\/p>\n<p>Outros sete alunos da turma da artes\u00e3 Suzete conclu\u00edram, nesta quarta-feira (21), a oficina na <strong>Unidade de Desenvolvimento Municipal (Unidam)<\/strong>. Representando a primeira-dama e presidente do Fundo Social, Margarete Geral Bigardi, o diretor do Funss, Paulo Santana, fez a entrega dos certificados.<\/p>\n<p><strong>LEIA TAMB\u00c9M<br \/>\n<a href=\"https:\/\/jundiai.sp.gov.br\/noticias\/2015\/10\/20\/caminhada-rosa-vai-ser-neste-domingo-25-no-parque-da-cidade\/\" target=\"_blank\">Caminhada Rosa est\u00e1 marcada para este domingo (25)<\/a><br \/>\n<a href=\"https:\/\/jundiai.sp.gov.br\/noticias\/2015\/10\/15\/natal-solidario-fundo-social-recebe-brinquedos-da-astra\/\" target=\"_blank\">Natal Solid\u00e1rio: Fundo Social recebe brinquedos da Astra<\/a><br \/>\n<a href=\"https:\/\/jundiai.sp.gov.br\/noticias\/2015\/10\/21\/primeira-dama-prestigia-encerramento-de-curso-do-senac\/\" target=\"_blank\">Primeira-dama prestigia encerramento de curso do Senac<\/a><\/strong><\/p>\n<div id=\"attachment_158639\" style=\"width: 730px\" class=\"wp-caption aligncenter\"><a href=\"https:\/\/jundiai.sp.gov.br\/noticias\/wp-content\/uploads\/sites\/32\/2015\/10\/curso_horta_funss_na_unidam_P-93G.jpg\"><img loading=\"lazy\" decoding=\"async\" aria-describedby=\"caption-attachment-158639\" src=\"https:\/\/jundiai.sp.gov.br\/noticias\/wp-content\/uploads\/sites\/32\/2015\/10\/curso_horta_funss_na_unidam_P-93G-720x480.jpg\" alt=\"Alunos recebem mais um certificado do Fundo Social \" width=\"720\" height=\"480\" class=\"size-large wp-image-158639\" srcset=\"https:\/\/jundiai.sp.gov.br\/noticias\/wp-content\/uploads\/sites\/32\/2015\/10\/curso_horta_funss_na_unidam_P-93G-720x480.jpg 720w, https:\/\/jundiai.sp.gov.br\/noticias\/wp-content\/uploads\/sites\/32\/2015\/10\/curso_horta_funss_na_unidam_P-93G-300x200.jpg 300w, https:\/\/jundiai.sp.gov.br\/noticias\/wp-content\/uploads\/sites\/32\/2015\/10\/curso_horta_funss_na_unidam_P-93G.jpg 1240w\" sizes=\"auto, (max-width: 720px) 100vw, 720px\" \/><\/a><p id=\"caption-attachment-158639\" class=\"wp-caption-text\">Alunos recebem mais um certificado do Fundo Social<\/p><\/div>\n<p><strong>\u201cMais de 150 alunos j\u00e1 participaram dos cursos de jardinagem e hortas e est\u00e3o satisfeitos. Estamos cumprindo o objetivo do Fundo Social de capacitar as pessoas para que possam ter uma profiss\u00e3o\u201d<\/strong>, afirma.<\/p>\n<p>Ministrado pela t\u00e9cnica agr\u00edcola Luciana Moraes, o curso \u00e9 dividido em <strong>dois dias (te\u00f3rico e pr\u00e1tico) e para o pr\u00f3ximo ano traz novidades<\/strong>.<\/p>\n<p>\u201cOs profissionais v\u00e3o passar por uma <strong>capacita\u00e7\u00e3o de agricultura urbana para aprimorarmos o curso para 2016<\/strong>. Al\u00e9m disso, estamos pensando em <strong>unificar hortas e jardinagem, j\u00e1 que h\u00e1 a demanda dos alunos<\/strong>\u201d.<\/p>\n<p>Nas aulas s\u00e3o ensinadas <strong>t\u00e9cnicas de preparo do solo, plantio, escolha das esp\u00e9cies e colheita<\/strong>.<\/p>\n<p><div id=\"attachment_158638\" style=\"width: 410px\" class=\"wp-caption alignright\"><a href=\"https:\/\/jundiai.sp.gov.br\/noticias\/wp-content\/uploads\/sites\/32\/2015\/10\/curso_horta_funss_na_unidam_P-9g.jpg\"><img loading=\"lazy\" decoding=\"async\" aria-describedby=\"caption-attachment-158638\" src=\"https:\/\/jundiai.sp.gov.br\/noticias\/wp-content\/uploads\/sites\/32\/2015\/10\/curso_horta_funss_na_unidam_P-9g-720x460.jpg\" alt=\"Hideko aprende todas t\u00e9cnicas das hortas\" width=\"400\" height=\"350\" class=\"size-large wp-image-158638\" \/><\/a><p id=\"caption-attachment-158638\" class=\"wp-caption-text\">Hideko aprende todas t\u00e9cnicas das hortas<\/p><\/div><strong>Cursos para todos <\/strong><br \/>\nHideko Mukai Andrade, de 63 anos, concluiu mais um curso pelo Fundo Social, j\u00e1 tendo feito os de <strong>corte e costura e jardinagem<\/strong>. \u201cSempre gostei muito de trabalhar com plantas e flores em vasos. Agora vou aproveitar o espa\u00e7o com terra e fazer uma horta para minha fam\u00edlia\u201d.<\/p>\n<p>Dona Hideko n\u00e3o desiste e<strong> quer fazer ainda mais cursos<\/strong>. \u201cJ\u00e1 me inscrevi cinco vezes no curso de teclado. Infelizmente ainda n\u00e3o fui sorteada, mas vou continuar tentando\u201d, sorriu.<\/p>\n<p><strong>A oficina de hortas concluiu o ano de cursos na Unidam. Novas vagas v\u00e3o ser abertas em breve para 2016. <\/strong><\/p>\n<p><strong><em>Luiza Ronchi<br \/>\nFotos: Paulo Gr\u00e9gio<\/em><\/strong><\/p>\n","protected":false},"excerpt":{"rendered":"<p>Cursos do Funss oferecem oportunidade de capacita\u00e7\u00e3o e visam \u00e0 empregabilidade; novas vagas v\u00e3o ser abertas em breve para 2016<\/p>\n","protected":false},"author":14,"featured_media":158641,"comment_status":"closed","ping_status":"closed","sticky":false,"template":"","format":"standard","meta":{"footnotes":""},"categories":[2],"tags":[430,416,341,742],"ods":[],"class_list":["post-158637","post","type-post","status-publish","format-standard","has-post-thumbnail","hentry","category-noticias","tag-cursos-gratuitos","tag-fundo-social-de-solidariedade-funss","tag-servicos-publicos","tag-unidade-de-desenvolvimento-ambiental-unidam"],"_links":{"self":[{"href":"https:\/\/jundiai.sp.gov.br\/noticias\/wp-json\/wp\/v2\/posts\/158637","targetHints":{"allow":["GET"]}}],"collection":[{"href":"https:\/\/jundiai.sp.gov.br\/noticias\/wp-json\/wp\/v2\/posts"}],"about":[{"href":"https:\/\/jundiai.sp.gov.br\/noticias\/wp-json\/wp\/v2\/types\/post"}],"author":[{"embeddable":true,"href":"https:\/\/jundiai.sp.gov.br\/noticias\/wp-json\/wp\/v2\/users\/14"}],"replies":[{"embeddable":true,"href":"https:\/\/jundiai.sp.gov.br\/noticias\/wp-json\/wp\/v2\/comments?post=158637"}],"version-history":[{"count":6,"href":"https:\/\/jundiai.sp.gov.br\/noticias\/wp-json\/wp\/v2\/posts\/158637\/revisions"}],"predecessor-version":[{"id":158681,"href":"https:\/\/jundiai.sp.gov.br\/noticias\/wp-json\/wp\/v2\/posts\/158637\/revisions\/158681"}],"wp:featuredmedia":[{"embeddable":true,"href":"https:\/\/jundiai.sp.gov.br\/noticias\/wp-json\/wp\/v2\/media\/158641"}],"wp:attachment":[{"href":"https:\/\/jundiai.sp.gov.br\/noticias\/wp-json\/wp\/v2\/media?parent=158637"}],"wp:term":[{"taxonomy":"category","embeddable":true,"href":"https:\/\/jundiai.sp.gov.br\/noticias\/wp-json\/wp\/v2\/categories?post=158637"},{"taxonomy":"post_tag","embeddable":true,"href":"https:\/\/jundiai.sp.gov.br\/noticias\/wp-json\/wp\/v2\/tags?post=158637"},{"taxonomy":"ods","embeddable":true,"href":"https:\/\/jundiai.sp.gov.br\/noticias\/wp-json\/wp\/v2\/ods?post=158637"}],"curies":[{"name":"wp","href":"https:\/\/api.w.org\/{rel}","templated":true}]}}