{"id":158731,"date":"2015-10-21T18:36:50","date_gmt":"2015-10-21T20:36:50","guid":{"rendered":"https:\/\/jundiai.sp.gov.br\/noticias\/?p=158731"},"modified":"2016-11-04T13:03:35","modified_gmt":"2016-11-04T15:03:35","slug":"secretario-de-cultura-prestigia-exposicao-de-inos-corradin","status":"publish","type":"post","link":"https:\/\/jundiai.sp.gov.br\/noticias\/2015\/10\/21\/secretario-de-cultura-prestigia-exposicao-de-inos-corradin\/","title":{"rendered":"Secret\u00e1rio de Cultura prestigia exposi\u00e7\u00e3o de Inos Corradin"},"content":{"rendered":"<p><strong>O secret\u00e1rio de <a href=\"http:\/\/cultura.jundiai.sp.gov.br\/\" target=\"_blank\">Cultura<\/a>, T\u00e9rcio Marinho, prestigiou a exposi\u00e7\u00e3o comemorativa de 62 anos de carreira art\u00edstica de Inos Corradin, aberta nessa ter\u00e7a-feira (20), na Galeria Andr\u00e9, em S\u00e3o Paulo.<\/strong><\/p>\n<p>A exposi\u00e7\u00e3o <strong>\u201c62 Anos de Arte\u201d<\/strong> conta com <strong>19 quadros em \u00f3leo sobre tela e 18 esculturas de materiais variados<\/strong>, sendo que a maior das esculturas mede 2,13 metros de altura, totalizando <strong>37 obras, em \u00f3leo sobre tela, bronze, resina cristal, terracota e fibra<\/strong>.<\/p>\n<p><strong>LEIA TAMB\u00c9M<br \/>\n<a href=\"https:\/\/jundiai.sp.gov.br\/noticias\/2015\/10\/20\/educacao-e-cultura-lancam-projeto-para-levar-arte-as-escolas\/\" target=\"_blank\">Educa\u00e7\u00e3o e Cultura lan\u00e7am programa para levar arte \u00e0s escolas<\/a><br \/>\n<a href=\"https:\/\/jundiai.sp.gov.br\/noticias\/2015\/10\/21\/estao-abertas-as-inscricoes-para-exposicao-de-presepios-no-solar\/\" target=\"_blank\">Est\u00e3o abertas as inscri\u00e7\u00f5es para exposi\u00e7\u00e3o de Pres\u00e9pios no \u2018Solar\u2019<\/a><br \/>\n<a href=\"https:\/\/jundiai.sp.gov.br\/noticias\/2015\/10\/21\/cafe-com-musica-agita-a-manha-do-domingo-25-com-muita-mpb\/\" target=\"_blank\">\u2018Caf\u00e9 com M\u00fasica\u2019 agita a manh\u00e3 do domingo (25) com muita MPB<\/a><\/strong><\/p>\n<div id=\"attachment_158732\" style=\"width: 730px\" class=\"wp-caption aligncenter\"><a href=\"https:\/\/jundiai.sp.gov.br\/noticias\/wp-content\/uploads\/sites\/32\/2015\/10\/expo_inosG.jpg\"><img loading=\"lazy\" decoding=\"async\" aria-describedby=\"caption-attachment-158732\" src=\"https:\/\/jundiai.sp.gov.br\/noticias\/wp-content\/uploads\/sites\/32\/2015\/10\/expo_inosG-720x547.jpg\" alt=\"Marcelo e T\u00e9rcio com Inos Corradin em sua exposi\u00e7\u00e3o em S\u00e3o Paulo\" width=\"720\" height=\"547\" class=\"size-large wp-image-158732\" srcset=\"https:\/\/jundiai.sp.gov.br\/noticias\/wp-content\/uploads\/sites\/32\/2015\/10\/expo_inosG-720x547.jpg 720w, https:\/\/jundiai.sp.gov.br\/noticias\/wp-content\/uploads\/sites\/32\/2015\/10\/expo_inosG-300x228.jpg 300w, https:\/\/jundiai.sp.gov.br\/noticias\/wp-content\/uploads\/sites\/32\/2015\/10\/expo_inosG.jpg 1240w\" sizes=\"auto, (max-width: 720px) 100vw, 720px\" \/><\/a><p id=\"caption-attachment-158732\" class=\"wp-caption-text\">Marcelo e T\u00e9rcio com Inos Corradin em sua exposi\u00e7\u00e3o em S\u00e3o Paulo<\/p><\/div>\n<p><strong>\u201cAprecio muito o trabalho do Inos, um artista consagrado internacionalmente que nos brinda com esta exposi\u00e7\u00e3o que re\u00fane suas principais obras. Com identidade visual marcante, seu trabalho \u00e9 \u00fanico e original\u201d<\/strong>, destacou T\u00e9rcio.<\/p>\n<p>Natural de Vogogna, na It\u00e1lia, o artista veio para o Brasil aos 21 anos e escolheu Jundia\u00ed para viver. <strong>Seu trabalho, reconhecido mundialmente, j\u00e1 foi exposto nos Estados Unidos, Canad\u00e1, Alemanha, \u00c1ustria, It\u00e1lia, B\u00e9lgica, Su\u00ed\u00e7a, Fran\u00e7a, Holanda, Israel, Argentina, Uruguai e Venezuela<\/strong>.<\/p>\n<p>Muitos convidados jundiaienses compareceram \u00e0 exposi\u00e7\u00e3o na Galeria Andr\u00e9, entre eles, o diretor presidente da <strong><a href=\"http:\/\/escoladegoverno.jundiai.sp.gov.br\/\" target=\"_blank\">Escola de Gest\u00e3o e Governo do Munic\u00edpio de Jundia\u00ed<\/a><\/strong>, Marcelo Lo Monaco.<\/p>\n<p><strong><em>Assessoria de Imprensa<br \/>\nFoto: Fot\u00f3grafos PMJ<\/em><\/strong><\/p>\n","protected":false},"excerpt":{"rendered":"<p>O secret\u00e1rio de Cultura, T\u00e9rcio Marinho, prestigiou a exposi\u00e7\u00e3o comemorativa de 62 anos de carreira art\u00edstica de Inos Corradin, aberta nessa ter\u00e7a-feira (20), na Galeria Andr\u00e9, em S\u00e3o Paulo. A exposi\u00e7\u00e3o \u201c62 Anos de Arte\u201d conta com 19 quadros em \u00f3leo sobre tela e 18 esculturas de materiais variados, sendo que a maior das esculturas [&hellip;]<\/p>\n","protected":false},"author":14,"featured_media":0,"comment_status":"closed","ping_status":"closed","sticky":false,"template":"","format":"standard","meta":{"footnotes":""},"categories":[2],"tags":[29],"ods":[],"class_list":["post-158731","post","type-post","status-publish","format-standard","hentry","category-noticias","tag-cultura"],"_links":{"self":[{"href":"https:\/\/jundiai.sp.gov.br\/noticias\/wp-json\/wp\/v2\/posts\/158731","targetHints":{"allow":["GET"]}}],"collection":[{"href":"https:\/\/jundiai.sp.gov.br\/noticias\/wp-json\/wp\/v2\/posts"}],"about":[{"href":"https:\/\/jundiai.sp.gov.br\/noticias\/wp-json\/wp\/v2\/types\/post"}],"author":[{"embeddable":true,"href":"https:\/\/jundiai.sp.gov.br\/noticias\/wp-json\/wp\/v2\/users\/14"}],"replies":[{"embeddable":true,"href":"https:\/\/jundiai.sp.gov.br\/noticias\/wp-json\/wp\/v2\/comments?post=158731"}],"version-history":[{"count":3,"href":"https:\/\/jundiai.sp.gov.br\/noticias\/wp-json\/wp\/v2\/posts\/158731\/revisions"}],"predecessor-version":[{"id":158735,"href":"https:\/\/jundiai.sp.gov.br\/noticias\/wp-json\/wp\/v2\/posts\/158731\/revisions\/158735"}],"wp:attachment":[{"href":"https:\/\/jundiai.sp.gov.br\/noticias\/wp-json\/wp\/v2\/media?parent=158731"}],"wp:term":[{"taxonomy":"category","embeddable":true,"href":"https:\/\/jundiai.sp.gov.br\/noticias\/wp-json\/wp\/v2\/categories?post=158731"},{"taxonomy":"post_tag","embeddable":true,"href":"https:\/\/jundiai.sp.gov.br\/noticias\/wp-json\/wp\/v2\/tags?post=158731"},{"taxonomy":"ods","embeddable":true,"href":"https:\/\/jundiai.sp.gov.br\/noticias\/wp-json\/wp\/v2\/ods?post=158731"}],"curies":[{"name":"wp","href":"https:\/\/api.w.org\/{rel}","templated":true}]}}