{"id":159005,"date":"2015-10-25T13:30:56","date_gmt":"2015-10-25T15:30:56","guid":{"rendered":"https:\/\/jundiai.sp.gov.br\/noticias\/?p=159005"},"modified":"2016-11-04T13:03:44","modified_gmt":"2016-11-04T15:03:44","slug":"prefeito-primeira-dama-e-secretario-prestigiam-25a-festa-portuguesa","status":"publish","type":"post","link":"https:\/\/jundiai.sp.gov.br\/noticias\/2015\/10\/25\/prefeito-primeira-dama-e-secretario-prestigiam-25a-festa-portuguesa\/","title":{"rendered":"Prefeito, primeira-dama e secret\u00e1rio prestigiam Festa Portuguesa"},"content":{"rendered":"<p><strong>A 25\u00aa Festa Portuguesa, promovida pela Par\u00f3quia Nossa Senhora da Concei\u00e7\u00e3o, na Vila Arens, se encerra neste domingo (25), completando quatro finais de semana de sucesso. O prefeito Pedro Bigardi, a primeira-dama e presidente do <a href=\"https:\/\/www.facebook.com\/fundosocialsolidariedadedejundiai?fref=ts\" target=\"_blank\">Fundo Social de Solidariedade<\/a>, Margarete Geraldo Bigardi, e o secret\u00e1rio municipal de Agricultura, Abastecimento e Turismo, Marcos Brunholi, marcaram presen\u00e7a no evento, na noite de s\u00e1bado (24). Eles foram recebidos pelos organizadores e volunt\u00e1rios e provaram os pratos servidos nas barracas.<\/strong><\/p>\n<p><strong>LEIA MAIS<\/strong><br \/>\n<strong><a href=\"https:\/\/jundiai.sp.gov.br\/noticias\/2015\/10\/09\/prefeitura-contabiliza-165-acoes-em-menos-de-tres-anos\/\" target=\"_blank\">Prefeitura contabiliza 165 a\u00e7\u00f5es em menos de tr\u00eas anos<\/a><\/strong><br \/>\n<strong> <a href=\"https:\/\/jundiai.sp.gov.br\/noticias\/2015\/10\/24\/prefeito-anuncia-melhorias-no-bom-jardim-em-festa-da-familia\/\" target=\"_blank\">Prefeito Pedro Bigardi anuncia melhorias no Bom Jardim<\/a><\/strong><br \/>\n<strong><a href=\"https:\/\/jundiai.sp.gov.br\/noticias\/2015\/10\/18\/prefeitura-soluciona-impasse-do-acesso-ao-residencial-manacas\/\" target=\"_blank\">Prefeitura soluciona impasse do acesso ao residencial Manac\u00e1s<\/a><\/strong><\/p>\n<div id=\"attachment_159006\" style=\"width: 730px\" class=\"wp-caption aligncenter\"><a href=\"https:\/\/jundiai.sp.gov.br\/noticias\/wp-content\/uploads\/sites\/32\/2015\/10\/ALE9473g.jpg\"><img loading=\"lazy\" decoding=\"async\" aria-describedby=\"caption-attachment-159006\" class=\"size-full wp-image-159006\" src=\"https:\/\/jundiai.sp.gov.br\/noticias\/wp-content\/uploads\/sites\/32\/2015\/10\/ALE9473g.jpg\" alt=\"Volunt\u00e1rios da 25\u00aa Festa Portuguesa e o prefeito Pedro Bigardi\" width=\"720\" height=\"513\" srcset=\"https:\/\/jundiai.sp.gov.br\/noticias\/wp-content\/uploads\/sites\/32\/2015\/10\/ALE9473g.jpg 1240w, https:\/\/jundiai.sp.gov.br\/noticias\/wp-content\/uploads\/sites\/32\/2015\/10\/ALE9473g-300x214.jpg 300w, https:\/\/jundiai.sp.gov.br\/noticias\/wp-content\/uploads\/sites\/32\/2015\/10\/ALE9473g-720x513.jpg 720w\" sizes=\"auto, (max-width: 720px) 100vw, 720px\" \/><\/a><p id=\"caption-attachment-159006\" class=\"wp-caption-text\">Volunt\u00e1rios da 25\u00aa Festa Portuguesa e o prefeito Pedro Bigardi<\/p><\/div>\n<p><strong>O prefeito destacou a import\u00e2ncia de manter esta tradi\u00e7\u00e3o.<\/strong> \u201cEstas festas s\u00e3o uma tradi\u00e7\u00e3o de Jundia\u00ed, que as par\u00f3quias v\u00eam mantendo historicamente e que crescem a cada ano. Para n\u00f3s, gestores p\u00fablicos, \u00e9 um<strong> evento importante<\/strong> para a cidade, pois <strong>re\u00fane a fam\u00edlia, promove a confraterniza\u00e7\u00e3o entre as pessoas, al\u00e9m de ser um lazer para a popula\u00e7\u00e3o<\/strong>.\u201d<\/p>\n<div id=\"attachment_159007\" style=\"width: 340px\" class=\"wp-caption alignleft\"><a href=\"https:\/\/jundiai.sp.gov.br\/noticias\/wp-content\/uploads\/sites\/32\/2015\/10\/ALE9466g.jpg\"><img loading=\"lazy\" decoding=\"async\" aria-describedby=\"caption-attachment-159007\" class=\"size-full wp-image-159007\" src=\"https:\/\/jundiai.sp.gov.br\/noticias\/wp-content\/uploads\/sites\/32\/2015\/10\/ALE9466g.jpg\" alt=\"Prefeito, primeira-dama, secret\u00e1rio e esposa marcaram presen\u00e7a no evento\" width=\"330\" height=\"370\" \/><\/a><p id=\"caption-attachment-159007\" class=\"wp-caption-text\">Prefeito, primeira-dama, secret\u00e1rio e esposa marcaram presen\u00e7a no evento<\/p><\/div>\n<p>Marcos Brunholi <strong>disse que desde 2013 a Prefeitura assumiu o compromisso de apoiar a realiza\u00e7\u00e3o de festas populares.<\/strong> \u201cS\u00e3o importantes eventos que contribuem para o <strong>desenvolvimento econ\u00f4mico e o turismo da cidade<\/strong>. H\u00e1 muitas pessoas que se deslocam at\u00e9 aqui para participar destas festas, sem falar nas fam\u00edlias jundiaienses que marcam presen\u00e7a todos os anos. Isso fortalece cada vez mais o munic\u00edpio\u201d, afirmou.<\/p>\n<p>O evento conta com o apoio da prefeitura, que disponibiliza a estrutura de tendas e ilumina\u00e7\u00e3o. \u201cA festa ficaria invi\u00e1vel sem o apoio da prefeitura, que cede a estrutura, possibilitando a realiza\u00e7\u00e3o deste tradicional evento\u201d, afirmou Marcel Righi, membro da comiss\u00e3o organizadora.<\/p>\n<p><em><strong>Viviane Rodrigues<\/strong><\/em><br \/>\n<em><strong> Fotos: Alessandro Rosman<\/strong><\/em><\/p>\n","protected":false},"excerpt":{"rendered":"<p>A 25\u00aa Festa Portuguesa, promovida pela Par\u00f3quia Nossa Senhora da Concei\u00e7\u00e3o, na Vila Arens, se encerra neste domingo (25), completando quatro finais de semana de sucesso. O prefeito Pedro Bigardi, a primeira-dama e presidente do Fundo Social de Solidariedade, Margarete Geraldo Bigardi, e o secret\u00e1rio municipal de Agricultura, Abastecimento e Turismo, Marcos Brunholi, marcaram presen\u00e7a [&hellip;]<\/p>\n","protected":false},"author":11,"featured_media":0,"comment_status":"closed","ping_status":"closed","sticky":false,"template":"","format":"standard","meta":{"footnotes":""},"categories":[2],"tags":[41,58,417],"ods":[],"class_list":["post-159005","post","type-post","status-publish","format-standard","hentry","category-noticias","tag-agricultura-abastecimento-e-turismo","tag-prefeito","tag-primeira-dama"],"_links":{"self":[{"href":"https:\/\/jundiai.sp.gov.br\/noticias\/wp-json\/wp\/v2\/posts\/159005","targetHints":{"allow":["GET"]}}],"collection":[{"href":"https:\/\/jundiai.sp.gov.br\/noticias\/wp-json\/wp\/v2\/posts"}],"about":[{"href":"https:\/\/jundiai.sp.gov.br\/noticias\/wp-json\/wp\/v2\/types\/post"}],"author":[{"embeddable":true,"href":"https:\/\/jundiai.sp.gov.br\/noticias\/wp-json\/wp\/v2\/users\/11"}],"replies":[{"embeddable":true,"href":"https:\/\/jundiai.sp.gov.br\/noticias\/wp-json\/wp\/v2\/comments?post=159005"}],"version-history":[{"count":7,"href":"https:\/\/jundiai.sp.gov.br\/noticias\/wp-json\/wp\/v2\/posts\/159005\/revisions"}],"predecessor-version":[{"id":159122,"href":"https:\/\/jundiai.sp.gov.br\/noticias\/wp-json\/wp\/v2\/posts\/159005\/revisions\/159122"}],"wp:attachment":[{"href":"https:\/\/jundiai.sp.gov.br\/noticias\/wp-json\/wp\/v2\/media?parent=159005"}],"wp:term":[{"taxonomy":"category","embeddable":true,"href":"https:\/\/jundiai.sp.gov.br\/noticias\/wp-json\/wp\/v2\/categories?post=159005"},{"taxonomy":"post_tag","embeddable":true,"href":"https:\/\/jundiai.sp.gov.br\/noticias\/wp-json\/wp\/v2\/tags?post=159005"},{"taxonomy":"ods","embeddable":true,"href":"https:\/\/jundiai.sp.gov.br\/noticias\/wp-json\/wp\/v2\/ods?post=159005"}],"curies":[{"name":"wp","href":"https:\/\/api.w.org\/{rel}","templated":true}]}}