{"id":159335,"date":"2015-10-28T16:41:21","date_gmt":"2015-10-28T18:41:21","guid":{"rendered":"https:\/\/jundiai.sp.gov.br\/noticias\/?p=159335"},"modified":"2016-11-04T13:04:40","modified_gmt":"2016-11-04T15:04:40","slug":"fiscais-da-secretaria-de-servicos-publicos-passam-por-capacitacao","status":"publish","type":"post","link":"https:\/\/jundiai.sp.gov.br\/noticias\/2015\/10\/28\/fiscais-da-secretaria-de-servicos-publicos-passam-por-capacitacao\/","title":{"rendered":"Fiscais da Secretaria de Servi\u00e7os P\u00fablicos passam por capacita\u00e7\u00e3o"},"content":{"rendered":"<p><strong>O dia do servidor p\u00fablico, comemorado nesta quarta-feira (28), foi marcado por atualiza\u00e7\u00e3o de conhecimento e capacita\u00e7\u00e3o para fiscais da Secretaria de Servi\u00e7os P\u00fablicos. Os funcion\u00e1rios receberam um treinamento na Unidade de Desenvolvimento Ambiental (Unidam) sobre fiscaliza\u00e7\u00e3o de cal\u00e7adas e terrenos.<\/strong><\/p>\n<p>De acordo com o secret\u00e1rio, Aguinaldo Leite, a proposta foi <strong>realizar um bate-papo para tirar d\u00favidas, tra\u00e7ar um plano de trabalho e alinhar as a\u00e7\u00f5es realizadas pela equipe<\/strong>. Ele destacou que <strong>houve uma recente altera\u00e7\u00e3o na lei que prev\u00ea notifica\u00e7\u00e3o e multa para terrenos abandonados e cal\u00e7adas sem manuten\u00e7\u00e3o<\/strong> e, por conta disso, a conversa foi importante.<\/p>\n<p><strong>LEIA TAMB\u00c9M<br \/>\n<a href=\"https:\/\/jundiai.sp.gov.br\/noticias\/2015\/10\/28\/prefeitura-realiza-exames-periodicos-para-servidores\/\" target=\"_blank\">Prefeitura realiza exames peri\u00f3dicos para servidores<\/a><br \/>\n<a href=\"https:\/\/jundiai.sp.gov.br\/noticias\/2015\/10\/09\/parque-do-jardim-do-lago-ganha-biblioteca-comunitaria\/\" target=\"_blank\">Parque do Jardim do Lago ganha biblioteca comunit\u00e1ria<\/a><br \/>\n<a href=\"https:\/\/jundiai.sp.gov.br\/noticias\/2015\/10\/26\/feira-organica-ganha-reforcos-do-jundiai-feito-a-mao\/\" target=\"_blank\">Feira Org\u00e2nica passa a ganhar refor\u00e7o do \u2018Jundia\u00ed Feito \u00e0 M\u00e3o\u2019<\/a><\/strong><\/p>\n<div id=\"attachment_159337\" style=\"width: 730px\" class=\"wp-caption aligncenter\"><a href=\"https:\/\/jundiai.sp.gov.br\/noticias\/wp-content\/uploads\/sites\/32\/2015\/10\/Capacitacao-fiscais-Servicos-Publicos_c_21_G.jpg\"><img loading=\"lazy\" decoding=\"async\" aria-describedby=\"caption-attachment-159337\" src=\"https:\/\/jundiai.sp.gov.br\/noticias\/wp-content\/uploads\/sites\/32\/2015\/10\/Capacitacao-fiscais-Servicos-Publicos_c_21_G-720x494.jpg\" alt=\"Secret\u00e1rio destacou mudan\u00e7as por conta da lei que altera notifica\u00e7\u00f5es e multas\" width=\"720\" height=\"494\" class=\"size-large wp-image-159337\" srcset=\"https:\/\/jundiai.sp.gov.br\/noticias\/wp-content\/uploads\/sites\/32\/2015\/10\/Capacitacao-fiscais-Servicos-Publicos_c_21_G-720x494.jpg 720w, https:\/\/jundiai.sp.gov.br\/noticias\/wp-content\/uploads\/sites\/32\/2015\/10\/Capacitacao-fiscais-Servicos-Publicos_c_21_G-300x206.jpg 300w, https:\/\/jundiai.sp.gov.br\/noticias\/wp-content\/uploads\/sites\/32\/2015\/10\/Capacitacao-fiscais-Servicos-Publicos_c_21_G.jpg 1240w\" sizes=\"auto, (max-width: 720px) 100vw, 720px\" \/><\/a><p id=\"caption-attachment-159337\" class=\"wp-caption-text\">Secret\u00e1rio destacou mudan\u00e7as por conta da lei que altera notifica\u00e7\u00f5es e multas<\/p><\/div>\n<p>A nova lei, j\u00e1 em vigor, <strong>reduz prazos<\/strong>. No caso de <strong>limpeza de terreno<\/strong>, o propriet\u00e1rio \u00e9 notificado e tem <strong>dez dias para realizar o servi\u00e7o<\/strong>. Caso isso n\u00e3o ocorra, uma <strong>multa \u00e9 aplicada<\/strong>. Com rela\u00e7\u00e3o \u00e0s <strong>cal\u00e7adas<\/strong>, o prazo para execu\u00e7\u00e3o \u00e9 de <strong>30 dias<\/strong>, e caso haja descumprimento, tamb\u00e9m \u00e9 aplicada a <strong>multa<\/strong>.<\/p>\n<p>No entanto, o secret\u00e1rio frisou durante o encontro que <strong>a ideia principal nunca \u00e9 punir o mun\u00edcipe, e sim realizar a orienta\u00e7\u00e3o<\/strong>. \u201cPara isso, com rela\u00e7\u00e3o \u00e0s cal\u00e7adas, a <strong>Prefeitura tem dado o exemplo. J\u00e1 executamos mais de 80 quil\u00f4metros de cal\u00e7adas em \u00e1reas p\u00fablicas. A ideia \u00e9 que o cidad\u00e3o cuide da sua cal\u00e7ada, que pertence ao im\u00f3vel, por\u00e9m, \u00e9 de uso p\u00fablico<\/strong>.\u201d<\/p>\n<p>Na ocasi\u00e3o, al\u00e9m do representante da Secretaria de Servi\u00e7os P\u00fablicos, Clayton Salviano, tamb\u00e9m falaram membros das secretarias de Finan\u00e7as, Neg\u00f3cios Jur\u00eddicos e da <strong><a href=\"http:\/\/www.cijun.sp.gov.br\/\" target=\"_blank\">Companhia de Inform\u00e1tica de Jundia\u00ed (Cijun)<\/a><\/strong> para esclarecer quest\u00f5es quanto \u00e0 <strong>cobran\u00e7a da multa, processos e sistema usado no cotidiano<\/strong>.<\/p>\n<p>Aguinaldo Leite aproveitou a oportunidade para <strong>agradecer a todos os funcion\u00e1rios da pasta pelo empenho e os parabenizou pelo dia do servidor<\/strong>. &#8220;Todos aqui se empenham para fazer o trabalho no dia a dia o melhor poss\u00edvel.&#8221; <\/p>\n<p><strong><em>Luana Dias<br \/>\nFoto: Cleber de Almeida<\/em><\/strong><\/p>\n","protected":false},"excerpt":{"rendered":"<p>O dia do servidor p\u00fablico, comemorado nesta quarta-feira (28), foi marcado por atualiza\u00e7\u00e3o de conhecimento e capacita\u00e7\u00e3o para fiscais da Secretaria de Servi\u00e7os P\u00fablicos. Os funcion\u00e1rios receberam um treinamento na Unidade de Desenvolvimento Ambiental (Unidam) sobre fiscaliza\u00e7\u00e3o de cal\u00e7adas e terrenos. De acordo com o secret\u00e1rio, Aguinaldo Leite, a proposta foi realizar um bate-papo para [&hellip;]<\/p>\n","protected":false},"author":14,"featured_media":0,"comment_status":"closed","ping_status":"closed","sticky":false,"template":"","format":"standard","meta":{"footnotes":""},"categories":[2],"tags":[235,345,591,341,424,742],"ods":[],"class_list":["post-159335","post","type-post","status-publish","format-standard","hentry","category-noticias","tag-companhia-de-informatica-de-jundiai-cijun","tag-financas","tag-negocios-juridicos","tag-servicos-publicos","tag-servidores","tag-unidade-de-desenvolvimento-ambiental-unidam"],"_links":{"self":[{"href":"https:\/\/jundiai.sp.gov.br\/noticias\/wp-json\/wp\/v2\/posts\/159335","targetHints":{"allow":["GET"]}}],"collection":[{"href":"https:\/\/jundiai.sp.gov.br\/noticias\/wp-json\/wp\/v2\/posts"}],"about":[{"href":"https:\/\/jundiai.sp.gov.br\/noticias\/wp-json\/wp\/v2\/types\/post"}],"author":[{"embeddable":true,"href":"https:\/\/jundiai.sp.gov.br\/noticias\/wp-json\/wp\/v2\/users\/14"}],"replies":[{"embeddable":true,"href":"https:\/\/jundiai.sp.gov.br\/noticias\/wp-json\/wp\/v2\/comments?post=159335"}],"version-history":[{"count":4,"href":"https:\/\/jundiai.sp.gov.br\/noticias\/wp-json\/wp\/v2\/posts\/159335\/revisions"}],"predecessor-version":[{"id":159342,"href":"https:\/\/jundiai.sp.gov.br\/noticias\/wp-json\/wp\/v2\/posts\/159335\/revisions\/159342"}],"wp:attachment":[{"href":"https:\/\/jundiai.sp.gov.br\/noticias\/wp-json\/wp\/v2\/media?parent=159335"}],"wp:term":[{"taxonomy":"category","embeddable":true,"href":"https:\/\/jundiai.sp.gov.br\/noticias\/wp-json\/wp\/v2\/categories?post=159335"},{"taxonomy":"post_tag","embeddable":true,"href":"https:\/\/jundiai.sp.gov.br\/noticias\/wp-json\/wp\/v2\/tags?post=159335"},{"taxonomy":"ods","embeddable":true,"href":"https:\/\/jundiai.sp.gov.br\/noticias\/wp-json\/wp\/v2\/ods?post=159335"}],"curies":[{"name":"wp","href":"https:\/\/api.w.org\/{rel}","templated":true}]}}