{"id":159529,"date":"2015-10-30T10:45:22","date_gmt":"2015-10-30T12:45:22","guid":{"rendered":"https:\/\/jundiai.sp.gov.br\/noticias\/?p=159529"},"modified":"2016-11-04T13:04:45","modified_gmt":"2016-11-04T15:04:45","slug":"prefeito-participa-da-escolha-de-vizinhanca-do-novo-horizonte","status":"publish","type":"post","link":"https:\/\/jundiai.sp.gov.br\/noticias\/2015\/10\/30\/prefeito-participa-da-escolha-de-vizinhanca-do-novo-horizonte\/","title":{"rendered":"Habita\u00e7\u00e3o no Jardim Novo Horizonte tem avan\u00e7os"},"content":{"rendered":"<p><iframe loading=\"lazy\" class=\"alignleft\" width=\"420\" height=\"315\" src=\"https:\/\/www.youtube.com\/embed\/EK0qd7Ru5H4\" frameborder=\"0\" allowfullscreen><\/iframe><strong>Foi por volta das 19h30 dessa quinta-feira (29), no Parque Comendador Ant\u00f4nio Carbonari (Parque da Uva), que o cora\u00e7\u00e3o da moradora da Vila Ana, Maria de F\u00e1tima da Rocha Vieira, bateu mais forte. O nome dela foi o primeiro a ser sorteado pelo prefeito Pedro Bigardi para a escolha de vizinhan\u00e7a de 384, das <a href=\"https:\/\/jundiai.sp.gov.br\/noticias\/2015\/03\/20\/primeira-fase-das-1088-moradias-do-novo-horizonte-esta-adiantada\/\" target=\"_blank\">1.088 unidades habitacionais em constru\u00e7\u00e3o no Jardim Novo Horizonte<\/a>.<\/strong><\/p>\n<p><strong><a href=\"https:\/\/www.flickr.com\/photos\/prefeituradejundiai\/albums\/72157660699373156\" target=\"_blank\">CONFIRA AS FOTOS<\/a><\/strong><\/p>\n<p>Sem conter as l\u00e1grimas, ela n\u00e3o escondeu a felicidade por dar o passo que a far\u00e1 <strong>deixar para tr\u00e1s 37 anos de aluguel. \u201c\u00c9 a realiza\u00e7\u00e3o de um sonho. Esperei a vida toda por isso\u201d<\/strong>, comentou.<\/p>\n<p>E o sonho de Maria se encontrou com o de gente como o morador do Novo Horizonte Andrelino Rodrigo dos Santos. Ele que vive em um pequeno quarto com a esposa, quer logo fazer a mudan\u00e7a. \u201cMoramos em um lugar muito apertado. <strong>Este apartamento representa muito para n\u00f3s. \u00c9 uma grande mudan\u00e7a de vida<\/strong>.\u201d<\/p>\n<p><strong>LEIA TAMB\u00c9M<br \/>\n<a href=\"https:\/\/jundiai.sp.gov.br\/noticias\/2015\/10\/28\/prefeitura-discute-politicas-habitacionais-no-plano-diretor\/\" target=\"_blank\">Prefeitura discute pol\u00edticas habitacionais no Plano Diretor<\/a><br \/>\n<a href=\"https:\/\/jundiai.sp.gov.br\/noticias\/2015\/10\/28\/sao-camilo-alunas-do-curso-de-manicure-tem-aula-de-automaquiagem\/\" target=\"_blank\">S\u00e3o Camilo: alunas de manicure t\u00eam aula de automaquiagem<\/a><br \/>\n<a href=\"https:\/\/jundiai.sp.gov.br\/noticias\/2015\/10\/29\/fumas-debate-politica-habitacional-com-moradores-do-santa-gertrudes-2\/\" target=\"_blank\">Fumas debate pol\u00edtica habitacional no Jardim Santa Gertrudes<\/a><\/strong><\/p>\n<p><div id=\"attachment_159533\" style=\"width: 410px\" class=\"wp-caption alignright\"><a href=\"https:\/\/jundiai.sp.gov.br\/noticias\/wp-content\/uploads\/sites\/32\/2015\/10\/primeira-sortiada.jpg\"><img loading=\"lazy\" decoding=\"async\" aria-describedby=\"caption-attachment-159533\" src=\"https:\/\/jundiai.sp.gov.br\/noticias\/wp-content\/uploads\/sites\/32\/2015\/10\/primeira-sortiada-720x556.jpg\" alt=\"Maria n\u00e3o escondeu a felicidade ao ouvir o nome chamado pelo prefeito\" width=\"400\" height=\"350\" class=\"size-large wp-image-159533\" \/><\/a><p id=\"caption-attachment-159533\" class=\"wp-caption-text\">Maria n\u00e3o escondeu a felicidade ao ouvir o nome chamado pelo prefeito<\/p><\/div>As fam\u00edlias que v\u00e3o mudar para as unidades na primeira fase, programada para os pr\u00f3ximos meses, j\u00e1 conheceram os im\u00f3veis e, durante a visita, apontaram 20 escolhas. E, <strong>por ordem de sorteio, participaram da escolha de vizinhan\u00e7a<\/strong>, que definiu o lar definitivo de cada uma.<\/p>\n<p><strong>O prefeito Pedro Bigardi falou da alegria desse momento. \u201cQuando entregamos uma casa ou o documento de regulariza\u00e7\u00e3o de um im\u00f3vel, sabemos o tamanho dessa conquista. \u00c9 algo que muda a vida das pessoas\u201d<\/strong>, destacou. Durante o discurso, o prefeito contou a todos que <strong>passou mais de 15 anos no aluguel. \u201cEu sei o que significa este momento. A nossa expectativa \u00e9 de que voc\u00eas tenham uma vida melhor, mais digna. Que dentro desses lares, todas as fam\u00edlias tenham uma boa rela\u00e7\u00e3o. Porque a casa \u00e9 importante, mas o que vale \u00e9 a vida que a gente leva dentro dela.\u201d<\/strong><\/p>\n<p><div id=\"attachment_159537\" style=\"width: 410px\" class=\"wp-caption alignleft\"><a href=\"https:\/\/jundiai.sp.gov.br\/noticias\/wp-content\/uploads\/sites\/32\/2015\/10\/sorteio0.jpg\"><img loading=\"lazy\" decoding=\"async\" aria-describedby=\"caption-attachment-159537\" src=\"https:\/\/jundiai.sp.gov.br\/noticias\/wp-content\/uploads\/sites\/32\/2015\/10\/sorteio0-720x505.jpg\" alt=\"Pedro Bigardi esteve na escolha de vizinhan\u00e7a e falou dos avan\u00e7os na habita\u00e7\u00e3o\" width=\"400\" height=\"350\" class=\"size-large wp-image-159537\" \/><\/a><p id=\"caption-attachment-159537\" class=\"wp-caption-text\">Pedro Bigardi esteve na escolha de vizinhan\u00e7a e falou dos avan\u00e7os na habita\u00e7\u00e3o<\/p><\/div>Pedro lembrou que o <strong>munic\u00edpio tem avan\u00e7ado e levado habita\u00e7\u00e3o de interesse social<\/strong> a quem precisa. Destacou que, al\u00e9m das 1.088 unidades no Novo Horizonte, <strong><a href=\"https:\/\/jundiai.sp.gov.br\/noticias\/2015\/04\/27\/prefeitura-em-acao-habitacao-e-destaque-na-zona-leste\/\" target=\"_blank\">outras 400 est\u00e3o em fase de constru\u00e7\u00e3o no Jardim S\u00e3o Camilo<\/a>. \u201cEntregamos recentemente <a href=\"https:\/\/jundiai.sp.gov.br\/noticias\/2015\/08\/29\/prefeito-entrega-87-moradias-populares-na-vila-ana\/\" target=\"_blank\">mais de 80 apartamentos na Vila Ana<\/a>. E estamos trabalhando para buscar muito mais\u201d<\/strong>, comentou.<\/p>\n<p>O superintendente da <strong><a href=\"http:\/\/fumas.jundiai.sp.gov.br\/\" target=\"_blank\">Funda\u00e7\u00e3o Municipal de A\u00e7\u00e3o Social (Fumas)<\/a><\/strong>, Waldemar Foelkel, o Cabelo, falou do <strong>empenho da administra\u00e7\u00e3o. \u201cNunca se fez tanto em t\u00e3o pouco tempo. Habita\u00e7\u00e3o \u00e9 uma das prioridades do governo Pedro Bigardi.\u201d<\/strong><\/p>\n<p>De acordo com ele, ap\u00f3s a mudan\u00e7a, as fam\u00edlias v\u00e3o contar com um <strong>acompanhamento pelo per\u00edodo de um ano<\/strong>. \u201c\u00c9 um trabalho <strong>p\u00f3s-ocupa\u00e7\u00e3o, com gest\u00e3o de condom\u00ednio<\/strong>. <strong>Todos v\u00e3o contar com um aux\u00edlio<\/strong> para iniciar esse novo passo. Temas como <strong>vida em condom\u00ednio, educa\u00e7\u00e3o ambiental, gera\u00e7\u00e3o de renda<\/strong>, entre outros, estar\u00e3o na pauta.\u201d<\/p>\n<p><strong><a href=\"https:\/\/www.flickr.com\/photos\/prefeituradejundiai\/albums\/72157660699373156\" target=\"_blank\">CONFIRA AS FOTOS<\/a><\/strong><\/p>\n<p><div id=\"attachment_159539\" style=\"width: 410px\" class=\"wp-caption alignright\"><a href=\"https:\/\/jundiai.sp.gov.br\/noticias\/wp-content\/uploads\/sites\/32\/2015\/10\/sorteio2.jpg\"><img loading=\"lazy\" decoding=\"async\" aria-describedby=\"caption-attachment-159539\" src=\"https:\/\/jundiai.sp.gov.br\/noticias\/wp-content\/uploads\/sites\/32\/2015\/10\/sorteio2-720x634.jpg\" alt=\"Contemplados v\u00e3o contar com apoio p\u00f3s-ocupa\u00e7\u00e3o\" width=\"400\" height=\"350\" class=\"size-large wp-image-159539\" \/><\/a><p id=\"caption-attachment-159539\" class=\"wp-caption-text\">Contemplados v\u00e3o contar com apoio p\u00f3s-ocupa\u00e7\u00e3o<\/p><\/div>O vereador Gerson Sartori, que representou a <strong><a href=\"http:\/\/www.jundiai.sp.leg.br\/\" target=\"_blank\">C\u00e2mara Municipal<\/a><\/strong>, destacou o <strong>comprometimento do prefeito. \u201cFico feliz em ver tanto empenho e avan\u00e7o nessa \u00e1rea em t\u00e3o pouco tempo.\u201d<\/strong> Al\u00e9m dele, tamb\u00e9m marcaram presen\u00e7a os vereadores M\u00e1rcio Pentecostes e Jos\u00e9 Dias. O secret\u00e1rio de Rela\u00e7\u00f5es Institucionais, Lir\u00e1ucio Tarini, tamb\u00e9m compareceu.<\/p>\n<p>Henrique Parra Parra, superintendente regional da Caixa Econ\u00f4mica Federal, parceira no empreendimento por meio do programa do Governo Federal Minha Casa Minha Vida, destacou a <strong>relev\u00e2ncia da escolha de vizinhan\u00e7a. \u201cTenho certeza de que Jundia\u00ed vai ser copiada por outros munic\u00edpios<\/strong>. \u00c9 uma ideia muito boa. A <strong>Caixa agradece pela oportunidade de participar desse projeto com a Prefeitura, \u00e9 um trabalho que nos d\u00e1 orgulho<\/strong>.\u201d<\/p>\n<p><strong><em>Luana Dias<br \/>\nFotos: Dorival Pinheiro Filho<\/em><\/strong><\/p>\n","protected":false},"excerpt":{"rendered":"<p>Prefeito participou da escolha de vizinhan\u00e7a no bairro, onde est\u00e3o em constru\u00e7\u00e3o 1.088 unidades habitacionais<\/p>\n","protected":false},"author":14,"featured_media":159541,"comment_status":"closed","ping_status":"closed","sticky":false,"template":"","format":"standard","meta":{"footnotes":""},"categories":[2],"tags":[49,490,276,58],"ods":[],"class_list":["post-159529","post","type-post","status-publish","format-standard","has-post-thumbnail","hentry","category-noticias","tag-fundacao-municipal-de-acao-social-fumas","tag-habitacao","tag-parque-da-uva","tag-prefeito"],"_links":{"self":[{"href":"https:\/\/jundiai.sp.gov.br\/noticias\/wp-json\/wp\/v2\/posts\/159529","targetHints":{"allow":["GET"]}}],"collection":[{"href":"https:\/\/jundiai.sp.gov.br\/noticias\/wp-json\/wp\/v2\/posts"}],"about":[{"href":"https:\/\/jundiai.sp.gov.br\/noticias\/wp-json\/wp\/v2\/types\/post"}],"author":[{"embeddable":true,"href":"https:\/\/jundiai.sp.gov.br\/noticias\/wp-json\/wp\/v2\/users\/14"}],"replies":[{"embeddable":true,"href":"https:\/\/jundiai.sp.gov.br\/noticias\/wp-json\/wp\/v2\/comments?post=159529"}],"version-history":[{"count":15,"href":"https:\/\/jundiai.sp.gov.br\/noticias\/wp-json\/wp\/v2\/posts\/159529\/revisions"}],"predecessor-version":[{"id":159562,"href":"https:\/\/jundiai.sp.gov.br\/noticias\/wp-json\/wp\/v2\/posts\/159529\/revisions\/159562"}],"wp:featuredmedia":[{"embeddable":true,"href":"https:\/\/jundiai.sp.gov.br\/noticias\/wp-json\/wp\/v2\/media\/159541"}],"wp:attachment":[{"href":"https:\/\/jundiai.sp.gov.br\/noticias\/wp-json\/wp\/v2\/media?parent=159529"}],"wp:term":[{"taxonomy":"category","embeddable":true,"href":"https:\/\/jundiai.sp.gov.br\/noticias\/wp-json\/wp\/v2\/categories?post=159529"},{"taxonomy":"post_tag","embeddable":true,"href":"https:\/\/jundiai.sp.gov.br\/noticias\/wp-json\/wp\/v2\/tags?post=159529"},{"taxonomy":"ods","embeddable":true,"href":"https:\/\/jundiai.sp.gov.br\/noticias\/wp-json\/wp\/v2\/ods?post=159529"}],"curies":[{"name":"wp","href":"https:\/\/api.w.org\/{rel}","templated":true}]}}