{"id":159682,"date":"2015-11-04T15:16:55","date_gmt":"2015-11-04T17:16:55","guid":{"rendered":"https:\/\/jundiai.sp.gov.br\/noticias\/?p=159682"},"modified":"2016-11-04T13:05:20","modified_gmt":"2016-11-04T15:05:20","slug":"159682","status":"publish","type":"post","link":"https:\/\/jundiai.sp.gov.br\/noticias\/2015\/11\/04\/159682\/","title":{"rendered":"Confira a programa\u00e7\u00e3o de novembro da Biblioteca"},"content":{"rendered":"<p><strong>De 3 a 14\/11<\/strong><br \/>\nExposi\u00e7\u00e3o: \u201cAlfredo Volpi visto e recriado por crian\u00e7as.\u201d Mostra realizada pelos alunos da Escola Dom Quixote de Jundia\u00ed.<\/p>\n<p><strong>De 3 a 19\/11<\/strong><br \/>\n\u201cFama.\u201d Exposi\u00e7\u00e3o de desenhos de pessoas famosas, artistas de filme, miniss\u00e9ries, cantores, do desenhista Jonathan William.<\/p>\n<p><strong>Dias 4 e 11\/11 \u2013 \u00e0s 9h30<\/strong><br \/>\n\u201cOficina de Cinema Brasileiro\u201d &#8211; Apresenta\u00e7\u00e3o de filmes atuais e da \u00e9poca de outro do cinema brasileiro. Durante a oficina, haver\u00e1 debate acerca da contextualiza\u00e7\u00e3o de cada produ\u00e7\u00e3o. P\u00fablico-alvo: terceira idade. Evento realizado em parceria com o Criju e a Secretaria Municipal de Cultura.<\/p>\n<p><strong>14\/11 \u2013 s\u00e1bado \u2013 10h<\/strong><br \/>\nPalestra: \u201cDificuldade de aprendizagem: quais s\u00e3o as poss\u00edveis causas?&#8221; \u2013 Debate sobre as poss\u00edveis causas emocionais e f\u00edsicas que podem acarretar na dificuldade de aprendizagem escolar, com as psic\u00f3logas Yasmim Ferreira da Cruz e Graziela Magalh\u00e3es. Evento realizado em parceria com a InterAn\u00e1lise Cl\u00ednica.<\/p>\n<p><strong>De 16 a 28\/11<\/strong><br \/>\nExposi\u00e7\u00e3o \u201cCriando com livros: a arte da imagina\u00e7\u00e3o\u201d. Obras art\u00edsticas do Setor Ocupacional da Amarati, confeccionadas com a utiliza\u00e7\u00e3o de diversas t\u00e9cnicas, entre elas, a pintura, a escultura, a assemblage e a costura. Os trabalhos sintetizam interpreta\u00e7\u00e3o de cl\u00e1ssicos liter\u00e1rios como, Alice no Pa\u00eds das Maravilhas, M\u00e1gico de Oz e Sherlock Homes.<\/p>\n<p><strong>27\/11 \u2013 sexta-feira \u2013 19h30<\/strong><br \/>\nApresenta\u00e7\u00e3o de alunos de canto da Pio X, com a professora Francine Barbosa.<\/p>\n<p><em><strong>Roberta de S\u00e1<\/strong><\/em><\/p>\n","protected":false},"excerpt":{"rendered":"<p>De 3 a 14\/11 Exposi\u00e7\u00e3o: \u201cAlfredo Volpi visto e recriado por crian\u00e7as.\u201d Mostra realizada pelos alunos da Escola Dom Quixote de Jundia\u00ed. De 3 a 19\/11 \u201cFama.\u201d Exposi\u00e7\u00e3o de desenhos de pessoas famosas, artistas de filme, miniss\u00e9ries, cantores, do desenhista Jonathan William. Dias 4 e 11\/11 \u2013 \u00e0s 9h30 \u201cOficina de Cinema Brasileiro\u201d &#8211; Apresenta\u00e7\u00e3o [&hellip;]<\/p>\n","protected":false},"author":10,"featured_media":0,"comment_status":"closed","ping_status":"closed","sticky":false,"template":"","format":"standard","meta":{"footnotes":""},"categories":[2],"tags":[505,6],"ods":[],"class_list":["post-159682","post","type-post","status-publish","format-standard","hentry","category-noticias","tag-biblioteca-municipal-professor-nelson-foot","tag-educacao"],"_links":{"self":[{"href":"https:\/\/jundiai.sp.gov.br\/noticias\/wp-json\/wp\/v2\/posts\/159682","targetHints":{"allow":["GET"]}}],"collection":[{"href":"https:\/\/jundiai.sp.gov.br\/noticias\/wp-json\/wp\/v2\/posts"}],"about":[{"href":"https:\/\/jundiai.sp.gov.br\/noticias\/wp-json\/wp\/v2\/types\/post"}],"author":[{"embeddable":true,"href":"https:\/\/jundiai.sp.gov.br\/noticias\/wp-json\/wp\/v2\/users\/10"}],"replies":[{"embeddable":true,"href":"https:\/\/jundiai.sp.gov.br\/noticias\/wp-json\/wp\/v2\/comments?post=159682"}],"version-history":[{"count":4,"href":"https:\/\/jundiai.sp.gov.br\/noticias\/wp-json\/wp\/v2\/posts\/159682\/revisions"}],"predecessor-version":[{"id":159684,"href":"https:\/\/jundiai.sp.gov.br\/noticias\/wp-json\/wp\/v2\/posts\/159682\/revisions\/159684"}],"wp:attachment":[{"href":"https:\/\/jundiai.sp.gov.br\/noticias\/wp-json\/wp\/v2\/media?parent=159682"}],"wp:term":[{"taxonomy":"category","embeddable":true,"href":"https:\/\/jundiai.sp.gov.br\/noticias\/wp-json\/wp\/v2\/categories?post=159682"},{"taxonomy":"post_tag","embeddable":true,"href":"https:\/\/jundiai.sp.gov.br\/noticias\/wp-json\/wp\/v2\/tags?post=159682"},{"taxonomy":"ods","embeddable":true,"href":"https:\/\/jundiai.sp.gov.br\/noticias\/wp-json\/wp\/v2\/ods?post=159682"}],"curies":[{"name":"wp","href":"https:\/\/api.w.org\/{rel}","templated":true}]}}