{"id":159734,"date":"2015-11-04T15:33:07","date_gmt":"2015-11-04T17:33:07","guid":{"rendered":"https:\/\/jundiai.sp.gov.br\/noticias\/?p=159734"},"modified":"2016-11-04T13:05:22","modified_gmt":"2016-11-04T15:05:22","slug":"defesa-civil-envia-alerta-para-areas-de-risco-em-jundiai","status":"publish","type":"post","link":"https:\/\/jundiai.sp.gov.br\/noticias\/2015\/11\/04\/defesa-civil-envia-alerta-para-areas-de-risco-em-jundiai\/","title":{"rendered":"Defesa Civil envia alerta para \u00e1reas de risco em Jundia\u00ed"},"content":{"rendered":"<p><strong>A Defesa Civil disparou, no final da tarde desta quarta-feira (4) mensagens de alerta por telefone (SMS) para os moradores de \u00e1reas de risco nos bairros S\u00e3o Camilo e jardins Tamoio, Sorocabana e das Tulipas.<\/strong><\/p>\n<p>A medida foi necess\u00e1ria por conta do <strong>alerta distribu\u00eddo pela Defesa Civil do Estado<\/strong> de que uma <strong>chuva forte, acompanhada por raios e ventos<\/strong>, vem em dire\u00e7\u00e3o \u00e0 cidade.<\/p>\n<p><strong>LEIA TAMB\u00c9M<br \/>\n<a href=\"https:\/\/jundiai.sp.gov.br\/noticias\/2015\/10\/23\/seguranca-integrada-derruba-numero-de-homicidios-em-jundiai\/\" target=\"_blank\">Seguran\u00e7a integrada derruba homic\u00eddios dolosos em Jundia\u00ed<\/a><br \/>\n<a href=\"https:\/\/jundiai.sp.gov.br\/noticias\/2015\/11\/03\/defesa-civil-participa-de-preparacao-para-a-operacao-verao\/\" target=\"_blank\">Defesa Civil participa de prepara\u00e7\u00e3o para a \u2018Opera\u00e7\u00e3o Ver\u00e3o\u2019<\/a><\/strong><\/p>\n<div id=\"attachment_159735\" style=\"width: 730px\" class=\"wp-caption aligncenter\"><a href=\"https:\/\/jundiai.sp.gov.br\/noticias\/wp-content\/uploads\/sites\/32\/2015\/11\/chuva_1_G.jpg\"><img loading=\"lazy\" decoding=\"async\" aria-describedby=\"caption-attachment-159735\" class=\"size-large wp-image-159735\" src=\"https:\/\/jundiai.sp.gov.br\/noticias\/wp-content\/uploads\/sites\/32\/2015\/11\/chuva_1_G-720x415.jpg\" alt=\"Nuvens carregadas rondam Jundia\u00ed na tarde desta quarta-feira\" width=\"720\" height=\"415\" srcset=\"https:\/\/jundiai.sp.gov.br\/noticias\/wp-content\/uploads\/sites\/32\/2015\/11\/chuva_1_G-720x415.jpg 720w, https:\/\/jundiai.sp.gov.br\/noticias\/wp-content\/uploads\/sites\/32\/2015\/11\/chuva_1_G-300x173.jpg 300w, https:\/\/jundiai.sp.gov.br\/noticias\/wp-content\/uploads\/sites\/32\/2015\/11\/chuva_1_G.jpg 1240w\" sizes=\"auto, (max-width: 720px) 100vw, 720px\" \/><\/a><p id=\"caption-attachment-159735\" class=\"wp-caption-text\">Nuvens carregadas rondam Jundia\u00ed na tarde desta quarta-feira (4)<\/p><\/div>\n<p>De acordo com o integrante do departamento da coordena\u00e7\u00e3o da Defesa Civil, Juliana Salvia Mazzei Segala, gr\u00e1ficos dos computadores que monitoram o clima comprovavam a <strong>possibilidade de chuva forte ou moderada para cidade nas pr\u00f3ximas horas<\/strong>. Foram disparados <strong>350 \u201ctorpedos\u201d, que levaram 5 segundos at\u00e9 os celulares das pessoas cadastradas<\/strong>.<\/p>\n<p>\u201c\u00c9 uma medida que tomamos <strong>para que as pessoas se previnam em caso de chuvas fortes<\/strong>\u201d, comentou Juliana.<\/p>\n<p>Tamb\u00e9m nesta quarta-feira (4), <strong>integrantes da Defesa Civil encerraram a participa\u00e7\u00e3o da Oficina Preparat\u00f3ria para Opera\u00e7\u00e3o Ver\u00e3o 2015\/2016<\/strong>.<\/p>\n<p>Por conta da forma\u00e7\u00e3o de um intenso Fen\u00f4meno El Ni\u00f1o, climatologistas esperam por um <strong>per\u00edodo de chuva forte<\/strong> por conta da massa de ar quente que est\u00e1 prevista para o Ver\u00e3o deste ano e in\u00edcio do ano que vem.<\/p>\n<p><strong><em>Ivan Lopes<br \/>\nFoto: Paulo Gr\u00e9gio<\/em><\/strong><\/p>\n","protected":false},"excerpt":{"rendered":"<p>Foram disparadas 350 mensagens, que levaram 5 segundos at\u00e9 os celulares das pessoas cadastradas na cidade<\/p>\n","protected":false},"author":14,"featured_media":154171,"comment_status":"closed","ping_status":"closed","sticky":false,"template":"","format":"standard","meta":{"footnotes":""},"categories":[2],"tags":[34],"ods":[],"class_list":["post-159734","post","type-post","status-publish","format-standard","has-post-thumbnail","hentry","category-noticias","tag-defesa-civil"],"_links":{"self":[{"href":"https:\/\/jundiai.sp.gov.br\/noticias\/wp-json\/wp\/v2\/posts\/159734","targetHints":{"allow":["GET"]}}],"collection":[{"href":"https:\/\/jundiai.sp.gov.br\/noticias\/wp-json\/wp\/v2\/posts"}],"about":[{"href":"https:\/\/jundiai.sp.gov.br\/noticias\/wp-json\/wp\/v2\/types\/post"}],"author":[{"embeddable":true,"href":"https:\/\/jundiai.sp.gov.br\/noticias\/wp-json\/wp\/v2\/users\/14"}],"replies":[{"embeddable":true,"href":"https:\/\/jundiai.sp.gov.br\/noticias\/wp-json\/wp\/v2\/comments?post=159734"}],"version-history":[{"count":5,"href":"https:\/\/jundiai.sp.gov.br\/noticias\/wp-json\/wp\/v2\/posts\/159734\/revisions"}],"predecessor-version":[{"id":159765,"href":"https:\/\/jundiai.sp.gov.br\/noticias\/wp-json\/wp\/v2\/posts\/159734\/revisions\/159765"}],"wp:featuredmedia":[{"embeddable":true,"href":"https:\/\/jundiai.sp.gov.br\/noticias\/wp-json\/wp\/v2\/media\/154171"}],"wp:attachment":[{"href":"https:\/\/jundiai.sp.gov.br\/noticias\/wp-json\/wp\/v2\/media?parent=159734"}],"wp:term":[{"taxonomy":"category","embeddable":true,"href":"https:\/\/jundiai.sp.gov.br\/noticias\/wp-json\/wp\/v2\/categories?post=159734"},{"taxonomy":"post_tag","embeddable":true,"href":"https:\/\/jundiai.sp.gov.br\/noticias\/wp-json\/wp\/v2\/tags?post=159734"},{"taxonomy":"ods","embeddable":true,"href":"https:\/\/jundiai.sp.gov.br\/noticias\/wp-json\/wp\/v2\/ods?post=159734"}],"curies":[{"name":"wp","href":"https:\/\/api.w.org\/{rel}","templated":true}]}}