{"id":160012,"date":"2015-11-06T14:46:18","date_gmt":"2015-11-06T16:46:18","guid":{"rendered":"https:\/\/jundiai.sp.gov.br\/noticias\/?p=160012"},"modified":"2016-11-04T13:05:33","modified_gmt":"2016-11-04T15:05:33","slug":"outubro-rosa-agenda-quase-5-mil-mamografias-em-jundiai","status":"publish","type":"post","link":"https:\/\/jundiai.sp.gov.br\/noticias\/2015\/11\/06\/outubro-rosa-agenda-quase-5-mil-mamografias-em-jundiai\/","title":{"rendered":"\u2018Outubro Rosa\u2019 faz subir em 60% exames de mamografia"},"content":{"rendered":"<p><strong>A campanha \u201cOutubro Rosa\u201d, que tem como objetivo conscientizar a popula\u00e7\u00e3o sobre a import\u00e2ncia da preven\u00e7\u00e3o do c\u00e2ncer de mama, mais uma vez superou as expectativas em Jundia\u00ed. Durante todo o m\u00eas de outubro, a rede municipal de Sa\u00fade agendou 4.996 mamografias para pacientes da cidade. Em outubro de 2012, foram 1985 exames realizados. O aumento registrado \u00e9 de 60%<\/strong><\/p>\n<p>Para o secret\u00e1rio de Sa\u00fade, Lu\u00eds Carlos Casarin, <strong>a campanha mostrou a import\u00e2ncia da realiza\u00e7\u00e3o de a\u00e7\u00f5es que chamem a aten\u00e7\u00e3o para o assunto. A informa\u00e7\u00e3o \u00e9 uma das principais aliadas na preven\u00e7\u00e3o e detec\u00e7\u00e3o precoce de doen\u00e7as como o c\u00e2ncer de mama.<\/strong><\/p>\n<p><strong>LEIA TAMB\u00c9M<br \/>\n<a href=\"https:\/\/jundiai.sp.gov.br\/noticias\/tag\/outubro-rosa-2015\/\" target=\"_blank\"><strong>Tudo sobre o Outubro Rosa 2015 <\/strong><\/a><br \/>\n<a href=\"https:\/\/jundiai.sp.gov.br\/noticias\/2015\/10\/29\/acao-marca-dia-nacional-de-combate-ao-cancer-de-pele\/\" target=\"_blank\"><strong>A\u00e7\u00e3o marca Dia Nacional de Combate ao C\u00e2ncer de Pele<\/strong><\/a><br \/>\n<a href=\"https:\/\/jundiai.sp.gov.br\/noticias\/2015\/11\/05\/novembro-azul-conscientiza-sobre-saude-do-homem\/\" target=\"_blank\">Campanha \u2018Novembro Azul\u2019 conscientiza sobre sa\u00fade do homem<\/strong><\/a><\/p>\n<p><div id=\"attachment_160014\" style=\"width: 410px\" class=\"wp-caption alignright\"><a href=\"https:\/\/jundiai.sp.gov.br\/noticias\/wp-content\/uploads\/sites\/32\/2015\/11\/Casarin-HDO-Sa\u00fade-39_G.jpg\"><img loading=\"lazy\" decoding=\"async\" aria-describedby=\"caption-attachment-160014\" src=\"https:\/\/jundiai.sp.gov.br\/noticias\/wp-content\/uploads\/sites\/32\/2015\/11\/Casarin-HDO-Sa\u00fade-39_G-720x678.jpg\" alt=\"Casarin destaca a import\u00e2ncia dos exames de preven\u00e7\u00e3o\" width=\"400\" height=\"400\" class=\"size-large wp-image-160014\" \/><\/a><p id=\"caption-attachment-160014\" class=\"wp-caption-text\">Casarin destaca a import\u00e2ncia dos exames de preven\u00e7\u00e3o<\/p><\/div>\u201cTodas as unidades de sa\u00fade da rede p\u00fablica promoveram uma programa\u00e7\u00e3o intensa, com diversas atividades, palestras, passeios e outros eventos, e tivemos grande participa\u00e7\u00e3o da comunidade, o que garantiu o sucesso da campanha. Mas isso s\u00f3 foi poss\u00edvel gra\u00e7as ao empenho das equipes de sa\u00fade. Agrade\u00e7o a todos\u201d, destacou o secret\u00e1rio.<\/p>\n<p>O secret\u00e1rio lembra que <strong>o c\u00e2ncer de mama \u00e9 a maior causa de morte de mulheres em todo o mundo e refor\u00e7a a import\u00e2ncia da realiza\u00e7\u00e3o do exame de mamografia.<\/strong> \u201cO c\u00e2ncer de mama pode ser tratado e o \u00edndice de cura \u00e9 alto desde que a detec\u00e7\u00e3o seja precoce\u201d, frisa Casarin.<\/p>\n<p>Durante a campanha, o prefeito Pedro Bigardi lembrou que poucas cidades t\u00eam uma campanha t\u00e3o forte e t\u00e3o ativa como Jundia\u00ed. \u201cDesde 2012, o n\u00famero de diagn\u00f3sticos preventivos realizados vem aumentando cada vez mais na cidade. Sabemos que o diagn\u00f3stico precoce aumenta as chances de cura. Isso \u00e9 fruto das campanhas de conscientiza\u00e7\u00e3o e preven\u00e7\u00e3o\u201d, afirmou.<\/p>\n<p>O sistema p\u00fablico de sa\u00fade em Jundia\u00ed disponibiliza 2,5 mil exames preventivos por m\u00eas, e n\u00e3o h\u00e1 fila de espera.<\/p>\n<p><strong>Ascens\u00e3o <\/strong><br \/>\n<strong>Os n\u00fameros mostram o impacto positivo da campanha. Em 2012, no m\u00eas de outubro, foram agendadas 1.985 mamografias. Em 2013, esse n\u00famero saltou para 3.250. No ano passado, foram 3.485 solicita\u00e7\u00f5es no m\u00eas. E este ano, quase 5 mil.<\/strong><\/p>\n<p><em><strong>Niza Souza<br \/>\nFoto: Arquivo PMJ<\/strong> <\/em><\/p>\n","protected":false},"excerpt":{"rendered":"<p>Em compara\u00e7\u00e3o aos exames realizados em 2012, Jundia\u00ed vem fortalecendo gradualmente o atendimento   <\/p>\n","protected":false},"author":10,"featured_media":160029,"comment_status":"closed","ping_status":"closed","sticky":false,"template":"","format":"standard","meta":{"footnotes":""},"categories":[2],"tags":[319,778,3],"ods":[],"class_list":["post-160012","post","type-post","status-publish","format-standard","has-post-thumbnail","hentry","category-noticias","tag-outubro-rosa","tag-outubro-rosa-2015","tag-saude"],"_links":{"self":[{"href":"https:\/\/jundiai.sp.gov.br\/noticias\/wp-json\/wp\/v2\/posts\/160012","targetHints":{"allow":["GET"]}}],"collection":[{"href":"https:\/\/jundiai.sp.gov.br\/noticias\/wp-json\/wp\/v2\/posts"}],"about":[{"href":"https:\/\/jundiai.sp.gov.br\/noticias\/wp-json\/wp\/v2\/types\/post"}],"author":[{"embeddable":true,"href":"https:\/\/jundiai.sp.gov.br\/noticias\/wp-json\/wp\/v2\/users\/10"}],"replies":[{"embeddable":true,"href":"https:\/\/jundiai.sp.gov.br\/noticias\/wp-json\/wp\/v2\/comments?post=160012"}],"version-history":[{"count":8,"href":"https:\/\/jundiai.sp.gov.br\/noticias\/wp-json\/wp\/v2\/posts\/160012\/revisions"}],"predecessor-version":[{"id":160076,"href":"https:\/\/jundiai.sp.gov.br\/noticias\/wp-json\/wp\/v2\/posts\/160012\/revisions\/160076"}],"wp:featuredmedia":[{"embeddable":true,"href":"https:\/\/jundiai.sp.gov.br\/noticias\/wp-json\/wp\/v2\/media\/160029"}],"wp:attachment":[{"href":"https:\/\/jundiai.sp.gov.br\/noticias\/wp-json\/wp\/v2\/media?parent=160012"}],"wp:term":[{"taxonomy":"category","embeddable":true,"href":"https:\/\/jundiai.sp.gov.br\/noticias\/wp-json\/wp\/v2\/categories?post=160012"},{"taxonomy":"post_tag","embeddable":true,"href":"https:\/\/jundiai.sp.gov.br\/noticias\/wp-json\/wp\/v2\/tags?post=160012"},{"taxonomy":"ods","embeddable":true,"href":"https:\/\/jundiai.sp.gov.br\/noticias\/wp-json\/wp\/v2\/ods?post=160012"}],"curies":[{"name":"wp","href":"https:\/\/api.w.org\/{rel}","templated":true}]}}