{"id":160013,"date":"2015-11-06T17:56:15","date_gmt":"2015-11-06T19:56:15","guid":{"rendered":"https:\/\/jundiai.sp.gov.br\/noticias\/?p=160013"},"modified":"2016-11-04T13:05:36","modified_gmt":"2016-11-04T15:05:36","slug":"encontro-de-corais-de-jundiai-comeca-na-terca-feira-10","status":"publish","type":"post","link":"https:\/\/jundiai.sp.gov.br\/noticias\/2015\/11\/06\/encontro-de-corais-de-jundiai-comeca-na-terca-feira-10\/","title":{"rendered":"Encontro de Corais de Jundia\u00ed come\u00e7a na ter\u00e7a-feira (10)"},"content":{"rendered":"<p><strong>Com a participa\u00e7\u00e3o de 23 corais, o 26\u00ba Encontro de Corais de Jundia\u00ed e o 14\u00ba Festival Astra-Finamax de Corais v\u00e3o ser abertos nesta ter\u00e7a-feira (10) e prosseguem at\u00e9 o s\u00e1bado (14), em v\u00e1rios pontos da cidade, com entrada gratuita. Tradicional na cidade, o encontro \u00e9 promovido pela <a href=\"http:\/\/cultura.jundiai.sp.gov.br\/\" target=\"_blank\">Secretaria de Cultura<\/a> em parceria com as empresas Astra e Finamax.<\/strong><\/p>\n<p>O <strong>Coral Municipal de Jundia\u00ed abre a programa\u00e7\u00e3o, nesta ter\u00e7a-feira (10), \u00e0s 20h, na Par\u00f3quia Nossa Senhora da Concei\u00e7\u00e3o, na Vila Arens<\/strong>, e vai apresentar ao p\u00fablico can\u00e7\u00f5es como \u201cKyrie\u201d, de Audrey Snyder; \u201cMarambaia\u201d, de Henric\u00e3o e Rubens Campos; \u201cSizohamba Naye\u201d (tradicional da Suazil\u00e2ndia \u2013 \u00c1frica); entre outras. Ainda, na abertura, complementam a programa\u00e7\u00e3o os <strong>corais Madrigal Clap, Coral Fidelity, Coral Azul e Branco e Coral Acalanto<\/strong>.<\/p>\n<p><strong>LEIA TAMB\u00c9M<br \/>\n<a href=\"https:\/\/jundiai.sp.gov.br\/noticias\/2015\/11\/05\/estao-abertas-as-inscricoes-para-a-corte-do-carnaval-2016\/\" target=\"_blank\">Est\u00e3o abertas as inscri\u00e7\u00f5es para a Corte do Carnaval 2016<\/a><br \/>\n<a href=\"https:\/\/jundiai.sp.gov.br\/noticias\/2015\/11\/06\/coral-municipal-faz-apresentacao-especial-em-casa-de-repouso\/\" target=\"_blank\">Coral Municipal faz apresenta\u00e7\u00e3o especial em casa de repouso<\/a><br \/>\n<a href=\"https:\/\/jundiai.sp.gov.br\/noticias\/2015\/11\/05\/virada-coletiva-vai-ter-mais-de-40-atracoes\/\" target=\"_blank\">1\u00aa Virada Coletiva de Jundia\u00ed vai ter mais de 40 atra\u00e7\u00f5es gratuitas<\/a><\/strong><\/p>\n<div id=\"attachment_160018\" style=\"width: 730px\" class=\"wp-caption aligncenter\"><a href=\"https:\/\/jundiai.sp.gov.br\/noticias\/wp-content\/uploads\/sites\/32\/2015\/11\/coral_municipal_nova_G.jpg\"><img loading=\"lazy\" decoding=\"async\" aria-describedby=\"caption-attachment-160018\" src=\"https:\/\/jundiai.sp.gov.br\/noticias\/wp-content\/uploads\/sites\/32\/2015\/11\/coral_municipal_nova_G-720x426.jpg\" alt=\"Coral Municipal participa da abertura do encontro, nesta ter\u00e7a-feira (10), na Par\u00f3quia N. Sra. da Concei\u00e7\u00e3o\" width=\"720\" height=\"426\" class=\"size-large wp-image-160018\" srcset=\"https:\/\/jundiai.sp.gov.br\/noticias\/wp-content\/uploads\/sites\/32\/2015\/11\/coral_municipal_nova_G-720x426.jpg 720w, https:\/\/jundiai.sp.gov.br\/noticias\/wp-content\/uploads\/sites\/32\/2015\/11\/coral_municipal_nova_G-300x178.jpg 300w, https:\/\/jundiai.sp.gov.br\/noticias\/wp-content\/uploads\/sites\/32\/2015\/11\/coral_municipal_nova_G.jpg 1240w\" sizes=\"auto, (max-width: 720px) 100vw, 720px\" \/><\/a><p id=\"caption-attachment-160018\" class=\"wp-caption-text\">Coral Municipal participa da abertura do encontro, nesta ter\u00e7a-feira (10), na Par\u00f3quia N. Sra. da Concei\u00e7\u00e3o<\/p><\/div>\n<p>\u201cO festival j\u00e1 est\u00e1 na 26\u00aa edi\u00e7\u00e3o e o que mais podemos observar \u00e9 o <strong>crescimento da qualidade dos grupos. Essa troca de informa\u00e7\u00f5es \u00e9 muito importante para todos os participantes<\/strong>\u201d, ressalta a regente do Coral Municipal de Jundia\u00ed, Cl\u00e1udia Queiroz.<\/p>\n<p><strong>Novidade<\/strong><br \/>\nNesta edi\u00e7\u00e3o, o festival vai contar com a participa\u00e7\u00e3o especial do <strong>Coro Acad\u00eamico da Orquestra Sinf\u00f4nica do Estado de S\u00e3o Paulo (Osesp), que fecha a programa\u00e7\u00e3o no s\u00e1bado (14), no <a href=\"http:\/\/cultura.jundiai.sp.gov.br\/espacos-culturais\/teatro-polytheama\/\" target=\"_blank\">Teatro Polytheama<\/a><\/strong>.<\/p>\n<p>\u201cO Canto Coral \u00e9 uma das voca\u00e7\u00f5es art\u00edsticas da cidade. Para tanto, pensamos em um <strong>novo formato para o encontro<\/strong>, que inclui a participa\u00e7\u00e3o do Coro Acad\u00eamico da Osesp no fechamento do evento\u201d, informa a diretora de Teatros, Helo\u00edsa Oliveira.<\/p>\n<p>Outra atra\u00e7\u00e3o especial no <strong>Polytheama, tamb\u00e9m no s\u00e1bado (14), \u00e0s 14h, vai ser a apresenta\u00e7\u00e3o dos grupos infantis Canarinhos da Terra, Coral Infantil Azul e Branco, Japi em Cena e Coral C\u00eanico Infantil Dons e Tons<\/strong>.<\/p>\n<p><strong>Confira a programa\u00e7\u00e3o completa:<\/strong><\/p>\n<ul>\n<li><strong><em>Ter\u00e7a-feira (10) \u2013 20h \u2013 Par\u00f3quia Nossa Senhora da Concei\u00e7\u00e3o (Vila Arens)<\/em><\/strong><br \/>\nGrupos: Coral Municipal de Jundia\u00ed, Madrigal Clap, Coral Fidelity, Coral Azul e Branco e Coral Acalanto;<\/li>\n<li><strong>Quarta-feira (11) \u2013 20h \u2013 Catedral Nossa Senhora do Desterro (Matriz)<\/strong><br \/>\nGrupos: Coral Vozes Encanto, Coral M\u00fasica \u00e9 Vida, Coral Vida Iluminada, Coral Unimed e Coral Cant\u2019Art;<\/li>\n<li><strong>Quinta-feira (12) \u2013 20h \u2013 Audit\u00f3rio Elis Regina \u2013 Complexo Argos<\/strong><br \/>\nGrupos: Madrigal da Escola de M\u00fasica de Jundia\u00ed, Na Ponta da L\u00edngua e Coral Astra;<\/li>\n<li><strong>Sexta-feira (13) \u2013 20h \u2013 Clube Jundiaiense (sede central)<\/strong><br \/>\nGrupos: Coral Vozes da Barreira, Coral Jundiaiense de M\u00fasica Sertaneja, Coral Criju e Coral Fati;<\/li>\n<li><strong>S\u00e1bado (14) \u2013 14h \u2013 <a href=\"http:\/\/cultura.jundiai.sp.gov.br\/espacos-culturais\/teatro-polytheama\/\" target=\"_blank\">Teatro Polytheama<\/a><\/strong><br \/>\nGrupos: Canarinhos da Terra, Coral Infantil Azul e Branco, Japi em Cena e Coral C\u00eanico Infantil Dons e Tons;<\/li>\n<li><strong>S\u00e1bado (14) <strong>\u2013<\/strong> 20h \u2013 <a href=\"http:\/\/cultura.jundiai.sp.gov.br\/espacos-culturais\/teatro-polytheama\/\" target=\"_blank\">Teatro Polytheama<\/a><\/strong><br \/>\nGrupos: Coro Acad\u00eamico da Osesp.<\/li>\n<\/ul>\n<p><strong>Assessoria de Imprensa<br \/>\nFoto: Arquivo PMJ<\/strong><\/p>\n","protected":false},"excerpt":{"rendered":"<p>Com a participa\u00e7\u00e3o de 23 corais, o 26\u00ba Encontro de Corais de Jundia\u00ed e o 14\u00ba Festival Astra-Finamax de Corais v\u00e3o ser abertos nesta ter\u00e7a-feira (10) e prosseguem at\u00e9 o s\u00e1bado (14), em v\u00e1rios pontos da cidade, com entrada gratuita. Tradicional na cidade, o encontro \u00e9 promovido pela Secretaria de Cultura em parceria com as [&hellip;]<\/p>\n","protected":false},"author":14,"featured_media":0,"comment_status":"closed","ping_status":"closed","sticky":false,"template":"","format":"standard","meta":{"footnotes":""},"categories":[2],"tags":[809,419,275,98],"ods":[],"class_list":["post-160013","post","type-post","status-publish","format-standard","hentry","category-noticias","tag-26o-encontro-de-corais","tag-complexo-argos","tag-coral-municipal-de-jundiai","tag-teatro-polytheama"],"_links":{"self":[{"href":"https:\/\/jundiai.sp.gov.br\/noticias\/wp-json\/wp\/v2\/posts\/160013","targetHints":{"allow":["GET"]}}],"collection":[{"href":"https:\/\/jundiai.sp.gov.br\/noticias\/wp-json\/wp\/v2\/posts"}],"about":[{"href":"https:\/\/jundiai.sp.gov.br\/noticias\/wp-json\/wp\/v2\/types\/post"}],"author":[{"embeddable":true,"href":"https:\/\/jundiai.sp.gov.br\/noticias\/wp-json\/wp\/v2\/users\/14"}],"replies":[{"embeddable":true,"href":"https:\/\/jundiai.sp.gov.br\/noticias\/wp-json\/wp\/v2\/comments?post=160013"}],"version-history":[{"count":5,"href":"https:\/\/jundiai.sp.gov.br\/noticias\/wp-json\/wp\/v2\/posts\/160013\/revisions"}],"predecessor-version":[{"id":160025,"href":"https:\/\/jundiai.sp.gov.br\/noticias\/wp-json\/wp\/v2\/posts\/160013\/revisions\/160025"}],"wp:attachment":[{"href":"https:\/\/jundiai.sp.gov.br\/noticias\/wp-json\/wp\/v2\/media?parent=160013"}],"wp:term":[{"taxonomy":"category","embeddable":true,"href":"https:\/\/jundiai.sp.gov.br\/noticias\/wp-json\/wp\/v2\/categories?post=160013"},{"taxonomy":"post_tag","embeddable":true,"href":"https:\/\/jundiai.sp.gov.br\/noticias\/wp-json\/wp\/v2\/tags?post=160013"},{"taxonomy":"ods","embeddable":true,"href":"https:\/\/jundiai.sp.gov.br\/noticias\/wp-json\/wp\/v2\/ods?post=160013"}],"curies":[{"name":"wp","href":"https:\/\/api.w.org\/{rel}","templated":true}]}}