{"id":160185,"date":"2015-11-09T18:44:06","date_gmt":"2015-11-09T20:44:06","guid":{"rendered":"https:\/\/jundiai.sp.gov.br\/noticias\/?p=160185"},"modified":"2016-11-04T13:06:38","modified_gmt":"2016-11-04T15:06:38","slug":"comissao-cobra-acoes-do-governo-do-estado-na-area-da-saude","status":"publish","type":"post","link":"https:\/\/jundiai.sp.gov.br\/noticias\/2015\/11\/09\/comissao-cobra-acoes-do-governo-do-estado-na-area-da-saude\/","title":{"rendered":"Comiss\u00e3o cobra a\u00e7\u00f5es do governo do Estado na \u00e1rea da sa\u00fade"},"content":{"rendered":"<p><strong>Gestores de sa\u00fade dos munic\u00edpios da regi\u00e3o, que integram a Comiss\u00e3o de Intergestores Regional (CIR), se reuniram na semana passada em Jundia\u00ed. Al\u00e9m da pauta ordin\u00e1ria do encontro, que ocorre mensalmente, o grupo aproveitou para cobrar dos representantes da Diretoria Regional de Sa\u00fade de Campinas (DRS7) algumas a\u00e7\u00f5es do Governo do Estado para a regi\u00e3o.<\/strong><\/p>\n<p>Segundo o secret\u00e1rio de Sa\u00fade de Jundia\u00ed, Lu\u00eds Carlos Casarin, foram levantados <strong>tr\u00eas pontos espec\u00edficos para adequa\u00e7\u00e3o dos servi\u00e7os de sa\u00fade na cidade<\/strong>. O primeiro \u00e9 referente \u00e0 <strong>transfer\u00eancia do teto financeiro dos munic\u00edpios de Itatiba e Morungaba<\/strong>, conforme prev\u00ea a altera\u00e7\u00e3o do desenho das regi\u00f5es de Sa\u00fade no \u00e2mbito da DRS de Campinas, aprovada em 2013. Com isso, Itatiba passou a compor a Regi\u00e3o de Sa\u00fade Metropolitana de Campinas e Morungaba, de Bragan\u00e7a Paulista.<\/p>\n<p><strong>LEIA TAMB\u00c9M<br \/>\n<a href=\"https:\/\/jundiai.sp.gov.br\/noticias\/2015\/11\/06\/outubro-rosa-agenda-quase-5-mil-mamografias-em-jundiai\/\" target=\"_blank\">&#8216;Outubro Rosa\u2019 faz subir em 60% exames de mamografia<\/a><br \/>\n<a href=\"https:\/\/jundiai.sp.gov.br\/noticias\/2015\/11\/09\/prefeitura-realiza-encontro-municipal-de-agricultura-urbana\/\" target=\"_blank\">Prefeitura realiza encontro municipal de agricultura urbana<\/a><br \/>\n<a href=\"https:\/\/jundiai.sp.gov.br\/noticias\/2015\/11\/05\/novembro-azul-conscientiza-sobre-saude-do-homem\/\" target=\"_blank\">Campanha \u2018Novembro Azul\u2019 conscientiza sobre sa\u00fade do homem<\/a><\/strong><\/p>\n<div id=\"attachment_160186\" style=\"width: 730px\" class=\"wp-caption aligncenter\"><a href=\"https:\/\/jundiai.sp.gov.br\/noticias\/wp-content\/uploads\/sites\/32\/2015\/11\/saude_palestra_parto_P1G.jpg\"><img loading=\"lazy\" decoding=\"async\" aria-describedby=\"caption-attachment-160186\" src=\"https:\/\/jundiai.sp.gov.br\/noticias\/wp-content\/uploads\/sites\/32\/2015\/11\/saude_palestra_parto_P1G-720x465.jpg\" alt=\"Encontro reuniu gestores de sa\u00fade da regi\u00e3o\" width=\"720\" height=\"465\" class=\"size-large wp-image-160186\" srcset=\"https:\/\/jundiai.sp.gov.br\/noticias\/wp-content\/uploads\/sites\/32\/2015\/11\/saude_palestra_parto_P1G-720x465.jpg 720w, https:\/\/jundiai.sp.gov.br\/noticias\/wp-content\/uploads\/sites\/32\/2015\/11\/saude_palestra_parto_P1G-300x194.jpg 300w, https:\/\/jundiai.sp.gov.br\/noticias\/wp-content\/uploads\/sites\/32\/2015\/11\/saude_palestra_parto_P1G.jpg 1240w\" sizes=\"auto, (max-width: 720px) 100vw, 720px\" \/><\/a><p id=\"caption-attachment-160186\" class=\"wp-caption-text\">Encontro reuniu gestores de sa\u00fade da regi\u00e3o<\/p><\/div>\n<p>Outra demanda \u00e9 sobre a <strong>adequa\u00e7\u00e3o do atendimento de partos na regi\u00e3o. O secret\u00e1rio explica que Jundia\u00ed \u00e9 refer\u00eancia na regi\u00e3o para atendimento de partos de m\u00e9dia e alta complexidade<\/strong>. Entretanto, na reorganiza\u00e7\u00e3o recente da aten\u00e7\u00e3o materno-infantil foi definida a transfer\u00eancia dos partos de baixa e m\u00e9dia complexidades dos munic\u00edpios de V\u00e1rzea Paulista e Jarinu para Campo Limpo Paulista. \u201cEssas <strong>mudan\u00e7as j\u00e1 foram pactuadas e aprovadas, mas na pr\u00e1tica n\u00e3o est\u00e3o ocorrendo<\/strong>\u201d, frisa Casarin.<\/p>\n<p>O terceiro ponto solicitado, por meio de of\u00edcio, foi a <strong>adequa\u00e7\u00e3o da oferta dos servi\u00e7os estaduais de sa\u00fade da regi\u00e3o de sa\u00fade de Jundia\u00ed, especialmente nos servi\u00e7os estaduais dispon\u00edveis na cidade, o Ambulat\u00f3rio M\u00e9dico de Especialidades (AME) e o Hospital Regional. \u201cO compromisso da Secretaria Estadual de Sa\u00fade foi adequar as ofertas desses servi\u00e7os para atender \u00e0s necessidades da regi\u00e3o. Mas a oferta ainda est\u00e1 muito abaixo da demanda.\u201d<\/strong><\/p>\n<p>Casarin cita algumas especialidades com <strong>oferta insuficiente<\/strong>, entre elas cardiologia, cirurgia geral, dermatologia, neurologia, proctologia, acupuntura e nutri\u00e7\u00e3o, al\u00e9m de <strong>procedimentos complementares<\/strong>, como cateterismo, ecocardiograma, entre outros.<\/p>\n<p>Al\u00e9m disso,<strong> o secret\u00e1rio de Sa\u00fade de Jundia\u00ed tamb\u00e9m aproveitou para solicitar, mais uma vez, o repasse dos recursos do programa Santa Casa Sustent\u00e1vel. \u201cEsse compromisso foi firmado h\u00e1 um ano pelo governo estadual, mas at\u00e9 agora n\u00e3o recebemos essa verba, que \u00e9 fundamental para a cidade e toda a regi\u00e3o\u201d<\/strong>, afirmou.<\/p>\n<p><strong>Palestras<\/strong><br \/>\nA reuni\u00e3o tamb\u00e9m contou com as palestras dos m\u00e9dicos L\u00e1zaro Francisco Perira de Souza, consultor da Funda\u00e7\u00e3o Maria Cec\u00edlia Souto Vidigal, e de Newton Tomio Miyashita, obstetra do Hospital Amparo Maternal. Eles falaram sobre a <strong>humaniza\u00e7\u00e3o do parto e o programa Primeir\u00edssima Inf\u00e2ncia<\/strong>.<\/p>\n<p><strong><em>Niza Souza<br \/>\nFoto: Paulo Gr\u00e9gio<\/em><\/strong><\/p>\n","protected":false},"excerpt":{"rendered":"<p>Gestores de sa\u00fade dos munic\u00edpios da regi\u00e3o, que integram a Comiss\u00e3o de Intergestores Regional (CIR), se reuniram na semana passada em Jundia\u00ed. Al\u00e9m da pauta ordin\u00e1ria do encontro, que ocorre mensalmente, o grupo aproveitou para cobrar dos representantes da Diretoria Regional de Sa\u00fade de Campinas (DRS7) algumas a\u00e7\u00f5es do Governo do Estado para a regi\u00e3o. [&hellip;]<\/p>\n","protected":false},"author":14,"featured_media":0,"comment_status":"closed","ping_status":"closed","sticky":false,"template":"","format":"standard","meta":{"footnotes":""},"categories":[2],"tags":[3],"ods":[],"class_list":["post-160185","post","type-post","status-publish","format-standard","hentry","category-noticias","tag-saude"],"_links":{"self":[{"href":"https:\/\/jundiai.sp.gov.br\/noticias\/wp-json\/wp\/v2\/posts\/160185","targetHints":{"allow":["GET"]}}],"collection":[{"href":"https:\/\/jundiai.sp.gov.br\/noticias\/wp-json\/wp\/v2\/posts"}],"about":[{"href":"https:\/\/jundiai.sp.gov.br\/noticias\/wp-json\/wp\/v2\/types\/post"}],"author":[{"embeddable":true,"href":"https:\/\/jundiai.sp.gov.br\/noticias\/wp-json\/wp\/v2\/users\/14"}],"replies":[{"embeddable":true,"href":"https:\/\/jundiai.sp.gov.br\/noticias\/wp-json\/wp\/v2\/comments?post=160185"}],"version-history":[{"count":3,"href":"https:\/\/jundiai.sp.gov.br\/noticias\/wp-json\/wp\/v2\/posts\/160185\/revisions"}],"predecessor-version":[{"id":160192,"href":"https:\/\/jundiai.sp.gov.br\/noticias\/wp-json\/wp\/v2\/posts\/160185\/revisions\/160192"}],"wp:attachment":[{"href":"https:\/\/jundiai.sp.gov.br\/noticias\/wp-json\/wp\/v2\/media?parent=160185"}],"wp:term":[{"taxonomy":"category","embeddable":true,"href":"https:\/\/jundiai.sp.gov.br\/noticias\/wp-json\/wp\/v2\/categories?post=160185"},{"taxonomy":"post_tag","embeddable":true,"href":"https:\/\/jundiai.sp.gov.br\/noticias\/wp-json\/wp\/v2\/tags?post=160185"},{"taxonomy":"ods","embeddable":true,"href":"https:\/\/jundiai.sp.gov.br\/noticias\/wp-json\/wp\/v2\/ods?post=160185"}],"curies":[{"name":"wp","href":"https:\/\/api.w.org\/{rel}","templated":true}]}}