{"id":160234,"date":"2015-11-10T14:51:14","date_gmt":"2015-11-10T16:51:14","guid":{"rendered":"https:\/\/jundiai.sp.gov.br\/noticias\/?p=160234"},"modified":"2020-11-05T09:31:51","modified_gmt":"2020-11-05T12:31:51","slug":"defesa-civil-volta-a-atender-pelo-telefone-199","status":"publish","type":"post","link":"https:\/\/jundiai.sp.gov.br\/noticias\/2015\/11\/10\/defesa-civil-volta-a-atender-pelo-telefone-199\/","title":{"rendered":"Defesa Civil volta a atender normalmente pelo telefone 199"},"content":{"rendered":"<p><strong>Os problemas t\u00e9cnicos externos na rede de telefonia na regi\u00e3o da Vila Joana foram resolvidos e o telefone 199 da Defesa Civil, usado para atender casos de emerg\u00eancia e considerado como canal direto entre os t\u00e9cnicos do \u00f3rg\u00e3o e a sociedade, voltou a funcionar no in\u00edcio da tarde desta ter\u00e7a-feira (10).<\/strong><\/p>\n<p>A <strong>linha apresentou problemas na noite de segunda-feira (9) e a operadora de telefonia respons\u00e1vel pela rede s\u00f3 terminou os reparos no final da manh\u00e3<\/strong>. Para manter o atendimento eficiente, a Defesa Civil passou a atender o p\u00fablico pelo <strong>n\u00famero interno, al\u00e9m de ter recebido apoio da <a href=\"https:\/\/jundiai.sp.gov.br\/156\/\">Prefeitura Municipal, por meio do 156<\/a>, e da Guarda Municipal, no n\u00famero 153<\/strong>.<\/p>\n<p><strong><em>Assessoria de Imprensa<\/em><\/strong><\/p>\n","protected":false},"excerpt":{"rendered":"<p>Problemas t\u00e9cnicos externos na rede de telefonia na vila Joana foram resolvidos e o telefone de emerg\u00eancia voltou a funcionar<\/p>\n","protected":false},"author":14,"featured_media":160245,"comment_status":"closed","ping_status":"closed","sticky":false,"template":"","format":"standard","meta":{"footnotes":""},"categories":[2],"tags":[511,34,31],"ods":[],"class_list":["post-160234","post","type-post","status-publish","format-standard","has-post-thumbnail","hentry","category-noticias","tag-511","tag-defesa-civil","tag-guarda-municipal"],"_links":{"self":[{"href":"https:\/\/jundiai.sp.gov.br\/noticias\/wp-json\/wp\/v2\/posts\/160234","targetHints":{"allow":["GET"]}}],"collection":[{"href":"https:\/\/jundiai.sp.gov.br\/noticias\/wp-json\/wp\/v2\/posts"}],"about":[{"href":"https:\/\/jundiai.sp.gov.br\/noticias\/wp-json\/wp\/v2\/types\/post"}],"author":[{"embeddable":true,"href":"https:\/\/jundiai.sp.gov.br\/noticias\/wp-json\/wp\/v2\/users\/14"}],"replies":[{"embeddable":true,"href":"https:\/\/jundiai.sp.gov.br\/noticias\/wp-json\/wp\/v2\/comments?post=160234"}],"version-history":[{"count":5,"href":"https:\/\/jundiai.sp.gov.br\/noticias\/wp-json\/wp\/v2\/posts\/160234\/revisions"}],"predecessor-version":[{"id":257591,"href":"https:\/\/jundiai.sp.gov.br\/noticias\/wp-json\/wp\/v2\/posts\/160234\/revisions\/257591"}],"wp:featuredmedia":[{"embeddable":true,"href":"https:\/\/jundiai.sp.gov.br\/noticias\/wp-json\/wp\/v2\/media\/160245"}],"wp:attachment":[{"href":"https:\/\/jundiai.sp.gov.br\/noticias\/wp-json\/wp\/v2\/media?parent=160234"}],"wp:term":[{"taxonomy":"category","embeddable":true,"href":"https:\/\/jundiai.sp.gov.br\/noticias\/wp-json\/wp\/v2\/categories?post=160234"},{"taxonomy":"post_tag","embeddable":true,"href":"https:\/\/jundiai.sp.gov.br\/noticias\/wp-json\/wp\/v2\/tags?post=160234"},{"taxonomy":"ods","embeddable":true,"href":"https:\/\/jundiai.sp.gov.br\/noticias\/wp-json\/wp\/v2\/ods?post=160234"}],"curies":[{"name":"wp","href":"https:\/\/api.w.org\/{rel}","templated":true}]}}