{"id":160271,"date":"2015-11-10T16:12:02","date_gmt":"2015-11-10T18:12:02","guid":{"rendered":"https:\/\/jundiai.sp.gov.br\/noticias\/?p=160271"},"modified":"2016-11-04T13:06:45","modified_gmt":"2016-11-04T15:06:45","slug":"prefeito-recebe-convite-para-at-bazar-no-parque-da-uva","status":"publish","type":"post","link":"https:\/\/jundiai.sp.gov.br\/noticias\/2015\/11\/10\/prefeito-recebe-convite-para-at-bazar-no-parque-da-uva\/","title":{"rendered":"Prefeito recebe convite para AT! Bazar no Parque da Uva"},"content":{"rendered":"<p><strong>O slogan j\u00e1 diz tudo: 100% solidariedade. A 11\u00aa edi\u00e7\u00e3o do mega <a href=\"http:\/\/www.atbazar.com.br\/atbazar\/\" target=\"_blank\">AT! Bazar<\/a> chega como uma oportunidade de a popula\u00e7\u00e3o de Jundia\u00ed e regi\u00e3o antecipar as compras Natal e ao mesmo tempo contribuir com os projetos internos da <a href=\"http:\/\/ateal.org.br\/\" target=\"_blank\">Associa\u00e7\u00e3o Terap\u00eautica de Estimula\u00e7\u00e3o Auditiva e Linguagem (Ateal)<\/a>, entidade refer\u00eancia em cuidados com a sa\u00fade auditiva.<\/strong><\/p>\n<p>O evento vai ser realizado desta quinta-feira (12) a domingo (15), das 11h \u00e0s 21h, no Parque Ant\u00f4nio Carbonari, o Parque da Uva, com entrada gratuita. \u201c\u00c9 um evento importante para a entidade que tem hist\u00f3rico reconhecido, que extrapola dos limites de Jundia\u00ed. \u00c9 chance de a Atel mostrar o trabalho e a sociedade conhec\u00ea-lo mais a fundo\u201d, disse o prefeito Pedro Bigardi.<\/p>\n<p><strong>LEIA TAMB\u00c9M<br \/>\n<a href=\"https:\/\/jundiai.sp.gov.br\/noticias\/2015\/11\/07\/prefeito-prestigia-feira-de-ciencias-da-casa-dom-gabriel\/\" target=\"_blank\"><strong>Prefeito prestigia Feira de Ci\u00eancias da Casa Dom Gabriel<\/strong><\/a><br \/>\n<a href=\"https:\/\/jundiai.sp.gov.br\/noticias\/2015\/11\/09\/prefeito-participa-do-encerramento-do-congresso-diocesano\/\" target=\"_blank\">Prefeito participa do encerramento do Congresso Diocesano<\/a><\/strong><br \/>\n<a href=\"https:\/\/jundiai.sp.gov.br\/noticias\/2015\/11\/06\/pedro-bigardi-lanca-nova-etapa-do-circuito-do-esporte-com-flag-footbal\/\" target=\"_blank\"><strong>Prefeito lan\u00e7a nova etapa do Circuito do Esporte com flag footbal<\/strong><\/a><\/p>\n<div id=\"attachment_160272\" style=\"width: 730px\" class=\"wp-caption aligncenter\"><a href=\"https:\/\/jundiai.sp.gov.br\/noticias\/wp-content\/uploads\/sites\/32\/2015\/11\/convite_ateal_P3G.jpg\"><img loading=\"lazy\" decoding=\"async\" aria-describedby=\"caption-attachment-160272\" class=\"size-large wp-image-160272\" src=\"https:\/\/jundiai.sp.gov.br\/noticias\/wp-content\/uploads\/sites\/32\/2015\/11\/convite_ateal_P3G-720x520.jpg\" alt=\"O prefeito Pedro Bigardi com a superintendente da Ateal, Mariza Pomilio\" width=\"720\" height=\"520\" srcset=\"https:\/\/jundiai.sp.gov.br\/noticias\/wp-content\/uploads\/sites\/32\/2015\/11\/convite_ateal_P3G-720x520.jpg 720w, https:\/\/jundiai.sp.gov.br\/noticias\/wp-content\/uploads\/sites\/32\/2015\/11\/convite_ateal_P3G-300x217.jpg 300w, https:\/\/jundiai.sp.gov.br\/noticias\/wp-content\/uploads\/sites\/32\/2015\/11\/convite_ateal_P3G.jpg 1240w\" sizes=\"auto, (max-width: 720px) 100vw, 720px\" \/><\/a><p id=\"caption-attachment-160272\" class=\"wp-caption-text\">O prefeito Pedro Bigardi com a superintendente da Ateal, Mariza Pomilio<\/p><\/div>\n<p>Bigardi recebeu nesta ter\u00e7a-feira (10), <a href=\"https:\/\/www.facebook.com\/1441418992774268\/photos\/a.1441617502754417.1073741827.1441418992774268\/1633539066895592\/?type=3&amp;theater\" target=\"_blank\"><strong>Dia Nacional da Surdez<\/strong><\/a>, o convite para participar da abertura da feira das m\u00e3os da superintendente da institui\u00e7\u00e3o, a fonoaudi\u00f3loga Mariza Cavenaghi Argentino Pomilio. \u201cO Pedro sempre foi um grande parceiro. A Prefeitura nos oferece toda a estrutura do Parque das Uva para que o AT! Bazar possa ser um sucesso\u201d, comentou Mariza.<\/p>\n<p>O evento vai reunir nesta segunda edi\u00e7\u00e3o do ano (a primeira foi em maio) cerca de 120 lojistas que oferecer\u00e3o produtos com descontos. \u201c<strong>O p\u00fablico encontrar\u00e1 ofertas que podem chegar a at\u00e9 70%. S\u00e3o marcas de primeira linha com um pre\u00e7o bem acess\u00edvel<\/strong>\u201d, destacou Mariza.<\/p>\n<p>Os visitantes v\u00e3o encontrar como op\u00e7\u00f5es artigos da moda feminina, masculina e infantil, al\u00e9m de acess\u00f3rios, cal\u00e7ados, bijuterias, decora\u00e7\u00e3o, pe\u00e7as para cama, mesa e banho, entre outros segmentos. A pra\u00e7a de alimenta\u00e7\u00e3o, com especiarias variadas, e espa\u00e7os climatizados garantem o bem-estar ao p\u00fablico.<\/p>\n<p>A Ateal \u00e9 credenciada pelo <strong><a href=\"http:\/\/portalsaude.saude.gov.br\/\" target=\"_blank\">Minist\u00e9rio as Sa\u00fade<\/a><\/strong> para atendimento na Rede de Sa\u00fade Auditiva pelo Sistema \u00danico de Sa\u00fade (SUS). S\u00e3o atendidas em m\u00e9dia 2,7 mil pessoas, de 19 munic\u00edpios, por m\u00eas.<\/p>\n<p>Por meio da Ateal s\u00e3o feitos exames em maternidades para a detec\u00e7\u00e3o precoce de defici\u00eancia auditiva em beb\u00eas (o chamado teste da orelhinha), al\u00e9m exames de audi\u00e7\u00e3o para indica\u00e7\u00e3o e adapta\u00e7\u00e3o de aparelhos auditivos. A entidade tamb\u00e9m participa de programas de sa\u00fade ocupacional em empresas para o diagn\u00f3stico e conserva\u00e7\u00e3o da adi\u00e7\u00e3o.<\/p>\n<p><em><strong>Ivan Lopes<br \/>\nFoto: Paulo Gr\u00e9gio <\/strong><\/em><\/p>\n","protected":false},"excerpt":{"rendered":"<p>O slogan j\u00e1 diz tudo: 100% solidariedade. A 11\u00aa edi\u00e7\u00e3o do mega AT! Bazar chega como uma oportunidade de a popula\u00e7\u00e3o de Jundia\u00ed e regi\u00e3o antecipar as compras Natal e ao mesmo tempo contribuir com os projetos internos da Associa\u00e7\u00e3o Terap\u00eautica de Estimula\u00e7\u00e3o Auditiva e Linguagem (Ateal), entidade refer\u00eancia em cuidados com a sa\u00fade auditiva. [&hellip;]<\/p>\n","protected":false},"author":10,"featured_media":0,"comment_status":"closed","ping_status":"closed","sticky":false,"template":"","format":"standard","meta":{"footnotes":""},"categories":[2],"tags":[145,276,58],"ods":[],"class_list":["post-160271","post","type-post","status-publish","format-standard","hentry","category-noticias","tag-ateal","tag-parque-da-uva","tag-prefeito"],"_links":{"self":[{"href":"https:\/\/jundiai.sp.gov.br\/noticias\/wp-json\/wp\/v2\/posts\/160271","targetHints":{"allow":["GET"]}}],"collection":[{"href":"https:\/\/jundiai.sp.gov.br\/noticias\/wp-json\/wp\/v2\/posts"}],"about":[{"href":"https:\/\/jundiai.sp.gov.br\/noticias\/wp-json\/wp\/v2\/types\/post"}],"author":[{"embeddable":true,"href":"https:\/\/jundiai.sp.gov.br\/noticias\/wp-json\/wp\/v2\/users\/10"}],"replies":[{"embeddable":true,"href":"https:\/\/jundiai.sp.gov.br\/noticias\/wp-json\/wp\/v2\/comments?post=160271"}],"version-history":[{"count":7,"href":"https:\/\/jundiai.sp.gov.br\/noticias\/wp-json\/wp\/v2\/posts\/160271\/revisions"}],"predecessor-version":[{"id":160301,"href":"https:\/\/jundiai.sp.gov.br\/noticias\/wp-json\/wp\/v2\/posts\/160271\/revisions\/160301"}],"wp:attachment":[{"href":"https:\/\/jundiai.sp.gov.br\/noticias\/wp-json\/wp\/v2\/media?parent=160271"}],"wp:term":[{"taxonomy":"category","embeddable":true,"href":"https:\/\/jundiai.sp.gov.br\/noticias\/wp-json\/wp\/v2\/categories?post=160271"},{"taxonomy":"post_tag","embeddable":true,"href":"https:\/\/jundiai.sp.gov.br\/noticias\/wp-json\/wp\/v2\/tags?post=160271"},{"taxonomy":"ods","embeddable":true,"href":"https:\/\/jundiai.sp.gov.br\/noticias\/wp-json\/wp\/v2\/ods?post=160271"}],"curies":[{"name":"wp","href":"https:\/\/api.w.org\/{rel}","templated":true}]}}