{"id":160377,"date":"2015-11-11T14:11:44","date_gmt":"2015-11-11T16:11:44","guid":{"rendered":"https:\/\/jundiai.sp.gov.br\/noticias\/?p=160377"},"modified":"2016-11-04T13:06:47","modified_gmt":"2016-11-04T15:06:47","slug":"publico-prestigia-abertura-do-encontro-de-corais","status":"publish","type":"post","link":"https:\/\/jundiai.sp.gov.br\/noticias\/2015\/11\/11\/publico-prestigia-abertura-do-encontro-de-corais\/","title":{"rendered":"P\u00fablico prestigia a abertura do Encontro de Corais"},"content":{"rendered":"<p><strong>O altar da Par\u00f3quia Nossa Senhora da Concei\u00e7\u00e3o, na Vila Arens, foi palco da abertura do 26\u00ba Encontro de Corais de Jundia\u00ed e o 14\u00ba Festival Astra-Finamax de Corais, na noite dessa ter\u00e7a-feira (10). O <a href=\"https:\/\/www.facebook.com\/coralmunicipaldejundiai\/?fref=ts\" target=\"_blank\">Coral Municipal de Jundia\u00ed<\/a> abriu a programa\u00e7\u00e3o, seguido pelos grupos Madrigal Clap, Fidelity, Azul e Branco e Acalanto.<\/strong><\/p>\n<p>Promovido <strong><a href=\"http:\/\/cultura.jundiai.sp.gov.br\/\" target=\"_blank\">Secretaria de Cultura<\/a><\/strong> em parceria com as empresas Astra e Finamax, o encontro re\u00fane, ao todo, <strong>23 corais e prossegue at\u00e9 s\u00e1bado (14), em v\u00e1rios pontos da cidade, com entrada gratuita<\/strong>.<\/p>\n<p><strong>LEIA TAMB\u00c9M<br \/>\n<a href=\"https:\/\/jundiai.sp.gov.br\/noticias\/2015\/11\/10\/corte-da-uva-2016-inscricoes-vao-ate-quinta-feira-26\/\" target=\"_blank\">Corte da Uva 2016: inscri\u00e7\u00f5es v\u00e3o at\u00e9 quinta-feira (26)<\/a><br \/>\n<a href=\"https:\/\/jundiai.sp.gov.br\/noticias\/2015\/11\/09\/cartograffiti-conecta-urbanismo-caminhavel-e-ponte-torta\/\" target=\"_blank\">\u2018Cartograffiti\u2019 liga Urbanismo Caminh\u00e1vel e Ponte Torta<\/a><br \/>\n<a href=\"https:\/\/jundiai.sp.gov.br\/noticias\/2015\/11\/11\/historiadora-da-puc-campinas-faz-palestra-sobre-patrimonio-imaterial\/\" target=\"_blank\">Historiadora da PUC faz palestra sobre patrim\u00f4nio imaterial<\/a><br \/>\n<a href=\"https:\/\/jundiai.sp.gov.br\/noticias\/2015\/11\/09\/violista-bel-rebello-e-convidada-do-programa-jovens-instrumentistas\/\" target=\"_blank\">Violista Bel Rebello \u00e9 convidada do Programa Jovens Instrumentistas<\/a><\/strong><\/p>\n<div id=\"attachment_160380\" style=\"width: 730px\" class=\"wp-caption aligncenter\"><a href=\"https:\/\/jundiai.sp.gov.br\/noticias\/wp-content\/uploads\/sites\/32\/2015\/11\/Encontro_Corais_A_18g.jpg\"><img loading=\"lazy\" decoding=\"async\" aria-describedby=\"caption-attachment-160380\" class=\"size-large wp-image-160380\" src=\"https:\/\/jundiai.sp.gov.br\/noticias\/wp-content\/uploads\/sites\/32\/2015\/11\/Encontro_Corais_A_18g-720x465.jpg\" alt=\" Abertura do Encontro de Corais levou p\u00fablico \u00e0 Par\u00f3quia da Vila Arens\" width=\"720\" height=\"465\" srcset=\"https:\/\/jundiai.sp.gov.br\/noticias\/wp-content\/uploads\/sites\/32\/2015\/11\/Encontro_Corais_A_18g-720x465.jpg 720w, https:\/\/jundiai.sp.gov.br\/noticias\/wp-content\/uploads\/sites\/32\/2015\/11\/Encontro_Corais_A_18g-300x194.jpg 300w, https:\/\/jundiai.sp.gov.br\/noticias\/wp-content\/uploads\/sites\/32\/2015\/11\/Encontro_Corais_A_18g.jpg 1240w\" sizes=\"auto, (max-width: 720px) 100vw, 720px\" \/><\/a><p id=\"caption-attachment-160380\" class=\"wp-caption-text\">Abertura do Encontro de Corais levou p\u00fablico \u00e0 Par\u00f3quia da Vila Arens<\/p><\/div>\n<p>\u201cA Secretaria de Cultura <strong>reconhece o coral como voca\u00e7\u00e3o cultural da cidade<\/strong>. O encontro foi feito <strong>pensando nos coralistas e regentes, na integra\u00e7\u00e3o entre eles, e no p\u00fablico<\/strong>, que tem a oportunidade de apreciar o trabalho\u201d, disse a diretora dos Teatros, Helo\u00edsa Oliveira.<\/p>\n<p>Para a regente do Coral Fidelity, Elisseia Duarte, o <strong>encontro possibilita a troca de experi\u00eancias entre os participantes. \u201cA proposta \u00e9 muito rica para os coralistas<\/strong>, pois um grupo aprende com o outro, conhece outros repert\u00f3rios e amplia o conhecimento musical. Al\u00e9m disso, m<strong>ostra \u00e0 sociedade o trabalho e o movimento na cidade<\/strong>\u201d, destacou.<\/p>\n<p>Apreciador do canto coral, o supervisor de seguran\u00e7a, Gerson Cestaroli, de 30 anos, foi assistir \u00e0 abertura do encontro. <strong>\u201cJundia\u00ed \u00e9 uma cidade intensamente cultural e o evento abrilhanta ainda mais a programa\u00e7\u00e3o oferecida aos cidad\u00e3os\u201d<\/strong>, afirmou.<\/p>\n<div id=\"attachment_160382\" style=\"width: 410px\" class=\"wp-caption alignright\"><a href=\"https:\/\/jundiai.sp.gov.br\/noticias\/wp-content\/uploads\/sites\/32\/2015\/11\/Encontro_Corais_A_39g.jpg\"><img loading=\"lazy\" decoding=\"async\" aria-describedby=\"caption-attachment-160382\" class=\"size-large wp-image-160382\" src=\"https:\/\/jundiai.sp.gov.br\/noticias\/wp-content\/uploads\/sites\/32\/2015\/11\/Encontro_Corais_A_39g-720x480.jpg\" alt=\" Coral Municipal de Jundia\u00ed abriu o Encontro de Corais\" width=\"400\" height=\"350\" \/><\/a><p id=\"caption-attachment-160382\" class=\"wp-caption-text\">Coral Municipal de Jundia\u00ed abriu o Encontro de Corais<\/p><\/div>\n<p><strong>Novidade <\/strong><br \/>\nNesta edi\u00e7\u00e3o, o festival vai contar com a participa\u00e7\u00e3o especial do <strong>Coro Acad\u00eamico da Orquestra Sinf\u00f4nica do Estado de S\u00e3o Paulo (Osesp), que fecha a programa\u00e7\u00e3o neste s\u00e1bado (14), \u00e0s 20h, no <a href=\"http:\/\/cultura.jundiai.sp.gov.br\/espacos-culturais\/teatro-polytheama\/\" target=\"_blank\">Teatro Polytheama<\/a><\/strong>.<\/p>\n<p>Outra atra\u00e7\u00e3o especial no Polytheama, tamb\u00e9m no <strong>s\u00e1bado (14), \u00e0s 14h, ser\u00e1 a apresenta\u00e7\u00e3o dos grupos infantis Canarinhos da Terra, Coral Infantil Azul e Branco, Japi em Cena e Coral C\u00eanico Infantil Dons e Tons<\/strong>.<\/p>\n<p><strong>Confira a programa\u00e7\u00e3o completa:<\/strong><\/p>\n<p><strong>Quarta-feira (11) \u2013 20h \u2013 Catedral Nossa Senhora do Desterro (Matriz)<\/strong><br \/>\n<em>Grupos: Coral Vozes Encanto, Coral M\u00fasica \u00e9 Vida, Coral Vida Iluminada, Coral Unimed e Coral Cant\u2019Art;<\/em><\/p>\n<p><strong>Quinta-feira (12) \u2013 20h \u2013 Audit\u00f3rio Elis Regina \u2013 Complexo Argos<\/strong><br \/>\n<em>Grupos: Madrigal da Escola de M\u00fasica de Jundia\u00ed, Na Ponta da L\u00edngua e Coral Astra;<\/em><\/p>\n<p><strong>Sexta-feira (13) \u2013 20h \u2013 Clube Jundiaiense (sede central)<\/strong><br \/>\n<em>Grupos: Coral Vozes da Barreira, Coral Jundiaiense de M\u00fasica Sertaneja, Coral Criju e Coral Fati;<\/em><\/p>\n<p><strong>S\u00e1bado (14) \u2013 14h \u2013 <a href=\"http:\/\/cultura.jundiai.sp.gov.br\/espacos-culturais\/teatro-polytheama\/\">Teatro Polytheama<\/a><\/strong><br \/>\n<em>Grupos: Canarinhos da Terra, Coral Infantil Azul e Branco, Japi em Cena e Coral C\u00eanico Infantil Dons e Tons;<\/em><br \/>\n<em>Grupo: Coro Acad\u00eamico da Osesp.<\/em><\/p>\n<p><strong><em>Viviane Rodrigues<br \/>\nFotos: Alessandro Rosman<\/em><\/strong><\/p>\n","protected":false},"excerpt":{"rendered":"<p>Programa\u00e7\u00e3o gratuita segue at\u00e9 este s\u00e1bado (14); nesta quinta (12) o Solar do Bar\u00e3o recebe tamb\u00e9m &#8220;Programa Jovens Instrumentistas&#8221;<\/p>\n","protected":false},"author":14,"featured_media":160387,"comment_status":"closed","ping_status":"closed","sticky":false,"template":"","format":"standard","meta":{"footnotes":""},"categories":[2],"tags":[809,419,275,29,434,98],"ods":[],"class_list":["post-160377","post","type-post","status-publish","format-standard","has-post-thumbnail","hentry","category-noticias","tag-26o-encontro-de-corais","tag-complexo-argos","tag-coral-municipal-de-jundiai","tag-cultura","tag-encontro-de-corais-municipais","tag-teatro-polytheama"],"_links":{"self":[{"href":"https:\/\/jundiai.sp.gov.br\/noticias\/wp-json\/wp\/v2\/posts\/160377","targetHints":{"allow":["GET"]}}],"collection":[{"href":"https:\/\/jundiai.sp.gov.br\/noticias\/wp-json\/wp\/v2\/posts"}],"about":[{"href":"https:\/\/jundiai.sp.gov.br\/noticias\/wp-json\/wp\/v2\/types\/post"}],"author":[{"embeddable":true,"href":"https:\/\/jundiai.sp.gov.br\/noticias\/wp-json\/wp\/v2\/users\/14"}],"replies":[{"embeddable":true,"href":"https:\/\/jundiai.sp.gov.br\/noticias\/wp-json\/wp\/v2\/comments?post=160377"}],"version-history":[{"count":16,"href":"https:\/\/jundiai.sp.gov.br\/noticias\/wp-json\/wp\/v2\/posts\/160377\/revisions"}],"predecessor-version":[{"id":160451,"href":"https:\/\/jundiai.sp.gov.br\/noticias\/wp-json\/wp\/v2\/posts\/160377\/revisions\/160451"}],"wp:featuredmedia":[{"embeddable":true,"href":"https:\/\/jundiai.sp.gov.br\/noticias\/wp-json\/wp\/v2\/media\/160387"}],"wp:attachment":[{"href":"https:\/\/jundiai.sp.gov.br\/noticias\/wp-json\/wp\/v2\/media?parent=160377"}],"wp:term":[{"taxonomy":"category","embeddable":true,"href":"https:\/\/jundiai.sp.gov.br\/noticias\/wp-json\/wp\/v2\/categories?post=160377"},{"taxonomy":"post_tag","embeddable":true,"href":"https:\/\/jundiai.sp.gov.br\/noticias\/wp-json\/wp\/v2\/tags?post=160377"},{"taxonomy":"ods","embeddable":true,"href":"https:\/\/jundiai.sp.gov.br\/noticias\/wp-json\/wp\/v2\/ods?post=160377"}],"curies":[{"name":"wp","href":"https:\/\/api.w.org\/{rel}","templated":true}]}}