{"id":160442,"date":"2015-11-11T17:34:02","date_gmt":"2015-11-11T19:34:02","guid":{"rendered":"https:\/\/jundiai.sp.gov.br\/noticias\/?p=160442"},"modified":"2020-11-06T10:36:36","modified_gmt":"2020-11-06T13:36:36","slug":"historiadora-da-puc-campinas-faz-palestra-sobre-patrimonio-imaterial","status":"publish","type":"post","link":"https:\/\/jundiai.sp.gov.br\/noticias\/2015\/11\/11\/historiadora-da-puc-campinas-faz-palestra-sobre-patrimonio-imaterial\/","title":{"rendered":"Historiadora da PUC faz palestra sobre patrim\u00f4nio imaterial"},"content":{"rendered":"<p><strong>O que \u00e9 patrim\u00f4nio imaterial? O conceito, experi\u00eancias e pol\u00edticas p\u00fablicas relacionadas ao tema foram abordados pela historiadora e pesquisadora da PUC Campinas, Alessandra Ribeiro, em palestra promovida pela <a href=\"http:\/\/cultura.jundiai.sp.gov.br\/\" target=\"_blank\" rel=\"noopener noreferrer\">Secretaria de Cultura<\/a> na noite dessa ter\u00e7a-feira (10), na Casa das Letras e Artes.<\/strong><\/p>\n<p>\u201cTodo patrim\u00f4nio imaterial \u00e9 <strong>intang\u00edvel, sua import\u00e2ncia n\u00e3o est\u00e1 na materialidade, e sim no simb\u00f3lico<\/strong>\u201d, explicou Alessandra, para a plateia formada por representantes do Conselho Municipal do Patrim\u00f4nio Cultural (Compac), do Clube 28 de Setembro, da Romaria Diocesana Masculina, estudantes e interessados no tema.<\/p>\n<p><strong>LEIA TAMB\u00c9M<br \/>\n<a href=\"https:\/\/jundiai.sp.gov.br\/noticias\/2015\/11\/11\/sexta-no-centro-chega-a-ultima-edicao-do-ano\/\" target=\"_blank\" rel=\"noopener noreferrer\">\u2018Sexta no Centro\u2019 chega \u00e0 \u00faltima edi\u00e7\u00e3o do ano<\/a><br \/>\n<a href=\"https:\/\/jundiai.sp.gov.br\/noticias\/2015\/11\/11\/publico-prestigia-abertura-do-encontro-de-corais\/\" target=\"_blank\" rel=\"noopener noreferrer\">P\u00fablico prestigia a abertura do Encontro de Corais<\/a><br \/>\n<a href=\"https:\/\/jundiai.sp.gov.br\/noticias\/2015\/11\/10\/corte-da-uva-2016-inscricoes-vao-ate-quinta-feira-26\/\" target=\"_blank\" rel=\"noopener noreferrer\">Corte da Uva 2016: inscri\u00e7\u00f5es v\u00e3o at\u00e9 quinta-feira (26)<\/a><br \/>\n<a href=\"https:\/\/jundiai.sp.gov.br\/noticias\/2015\/11\/11\/virada-negra-balada-traz-de-volta-a-festa-black-san-remo\/\" target=\"_blank\" rel=\"noopener noreferrer\">Virada Negra: balada traz de volta a festa black San Remo<\/a><\/strong><\/p>\n<div id=\"attachment_160443\" style=\"width: 730px\" class=\"wp-caption alignleft\"><a href=\"https:\/\/jundiai.sp.gov.br\/noticias\/wp-content\/uploads\/sites\/32\/2015\/11\/Patrimonio_Imaterial_A_4g.jpg\"><img loading=\"lazy\" decoding=\"async\" aria-describedby=\"caption-attachment-160443\" class=\"size-large wp-image-160443\" src=\"https:\/\/jundiai.sp.gov.br\/noticias\/wp-content\/uploads\/sites\/32\/2015\/11\/Patrimonio_Imaterial_A_4g-720x433.jpg\" alt=\"Alessandra Ribeiro abordou import\u00e2ncia do patrim\u00f4nio imaterial\" width=\"720\" height=\"433\" srcset=\"https:\/\/jundiai.sp.gov.br\/noticias\/wp-content\/uploads\/sites\/32\/2015\/11\/Patrimonio_Imaterial_A_4g-720x433.jpg 720w, https:\/\/jundiai.sp.gov.br\/noticias\/wp-content\/uploads\/sites\/32\/2015\/11\/Patrimonio_Imaterial_A_4g-300x180.jpg 300w, https:\/\/jundiai.sp.gov.br\/noticias\/wp-content\/uploads\/sites\/32\/2015\/11\/Patrimonio_Imaterial_A_4g.jpg 1240w\" sizes=\"auto, (max-width: 720px) 100vw, 720px\" \/><\/a><p id=\"caption-attachment-160443\" class=\"wp-caption-text\">Alessandra Ribeiro abordou import\u00e2ncia do patrim\u00f4nio imaterial<\/p><\/div>\n<p><strong>No Brasil, a legisla\u00e7\u00e3o que trata do patrim\u00f4nio imaterial tem apenas 15 anos<\/strong>. \u201cA estrutura de pol\u00edtica p\u00fablica de patrim\u00f4nio imaterial \u00e9 recente, da\u00ed a <strong>necessidade de forma\u00e7\u00e3o e troca de saberes<\/strong> sobre o assunto. A proposta dessa palestra \u00e9 <strong>levar \u00e0 reflex\u00e3o e contribuir para que a comunidade possa compreender com mais detalhamento o que \u00e9 patrim\u00f4nio imaterial<\/strong>\u201d, disse Alessandra.<\/p>\n<div id=\"attachment_160445\" style=\"width: 410px\" class=\"wp-caption alignright\"><a href=\"https:\/\/jundiai.sp.gov.br\/noticias\/wp-content\/uploads\/sites\/32\/2015\/11\/Patrimonio_Imaterial_A_27g.jpg\"><img loading=\"lazy\" decoding=\"async\" aria-describedby=\"caption-attachment-160445\" class=\"size-large wp-image-160445\" src=\"https:\/\/jundiai.sp.gov.br\/noticias\/wp-content\/uploads\/sites\/32\/2015\/11\/Patrimonio_Imaterial_A_27g-720x460.jpg\" alt=\" T\u00e9rcio: Jundia\u00ed tem v\u00e1rios patrim\u00f4nios imateriais em processo de registro\" width=\"400\" height=\"350\" \/><\/a><p id=\"caption-attachment-160445\" class=\"wp-caption-text\">T\u00e9rcio: Jundia\u00ed tem v\u00e1rios patrim\u00f4nios imateriais em processo de registro<\/p><\/div>\n<p>O secret\u00e1rio de Cultura, T\u00e9rcio Marinho, destacou a <strong>import\u00e2ncia de discutir e promover uma reflex\u00e3o sobre o tema<\/strong>. \u201cO Brasil tem uma <strong>riqueza de patrim\u00f4nio imaterial fant\u00e1stica e quando o governo Pedro Bigardi cria a Diretoria de Patrim\u00f4nio Cultural inicia uma reflex\u00e3o sobre a imaterialidade na cidade e a import\u00e2ncia destes registros para a preserva\u00e7\u00e3o da mem\u00f3ria. Em Jundia\u00ed, temos v\u00e1rios bens imateriais que contribu\u00edram com a hist\u00f3ria da cidade, como o Clube 28 de Setembro, o Paulista Futebol Clube, o <a href=\"https:\/\/jundiai.sp.gov.br\/noticias\/2015\/10\/23\/refogado-do-sandi-sera-reconhecido-como-patrimonio-imaterial-de-jundiai\/\" target=\"_blank\" rel=\"noopener noreferrer\">bloco Refogado do Sandi<\/a> e a Romaria Diocesana Masculina, que est\u00e3o em processo de registro como patrim\u00f4nio imaterial.\u201d<\/strong><\/p>\n<p>Para o diretor do Clube 28 de Setembro, Eginaldo Hon\u00f3rio, o <strong>debate sobre o tema \u00e9 pertinente<\/strong>. \u201c\u00c9 muito importante esta discuss\u00e3o. <strong>Muita gente n\u00e3o conhece a profundidade do patrim\u00f4nio imaterial, que \u00e9 a difus\u00e3o de saberes, conhecimento e arte. No caso de Jundia\u00ed, um dos patrim\u00f4nios imateriais com indica\u00e7\u00e3o de registro \u00e9 o Clube 28 de Setembro, o clube de negros mais antigo do Estado de S\u00e3o Paulo e terceiro do Brasil, o que confirma a forte presen\u00e7a do negro na hist\u00f3ria da cidade<\/strong>.\u201d<\/p>\n<p>O diretor de Patrim\u00f4nio Hist\u00f3rico e Cultural de Jundia\u00ed, Donizetti Aparecido Pinto, lembrou que <strong>o prefeito Pedro Bigardi sancionou recentemente a <a href=\"http:\/\/sapl.jundiai.sp.leg.br\/consultas\/norma_juridica\/norma_juridica_mostrar_proc?cod_norma=16047\" target=\"_blank\" rel=\"noopener noreferrer\">lei 564\/2015, que regulamenta o registro de patrim\u00f4nio imaterial na cidade<\/a>. \u201cCom legisla\u00e7\u00e3o pr\u00f3pria, Jundia\u00ed avan\u00e7a nessa quest\u00e3o. J\u00e1 estamos dando andamento em v\u00e1rios processos.\u201d<\/strong><\/p>\n<p><strong><em>Viviane Rodrigues<br \/>\nFotos: Alessandro Rosman<\/em><\/strong><\/p>\n","protected":false},"excerpt":{"rendered":"<p>O que \u00e9 patrim\u00f4nio imaterial? O conceito, experi\u00eancias e pol\u00edticas p\u00fablicas relacionadas ao tema foram abordados pela historiadora e pesquisadora da PUC Campinas, Alessandra Ribeiro, em palestra promovida pela Secretaria de Cultura na noite dessa ter\u00e7a-feira (10), na Casa das Letras e Artes. \u201cTodo patrim\u00f4nio imaterial \u00e9 intang\u00edvel, sua import\u00e2ncia n\u00e3o est\u00e1 na materialidade, e [&hellip;]<\/p>\n","protected":false},"author":14,"featured_media":0,"comment_status":"closed","ping_status":"closed","sticky":false,"template":"","format":"standard","meta":{"footnotes":""},"categories":[2],"tags":[747,256,29,800],"ods":[],"class_list":["post-160442","post","type-post","status-publish","format-standard","hentry","category-noticias","tag-casa-das-letras-e-artes","tag-conselho-do-patrimonio-cultural-compac","tag-cultura","tag-patrimonio-historico-e-cultural"],"_links":{"self":[{"href":"https:\/\/jundiai.sp.gov.br\/noticias\/wp-json\/wp\/v2\/posts\/160442","targetHints":{"allow":["GET"]}}],"collection":[{"href":"https:\/\/jundiai.sp.gov.br\/noticias\/wp-json\/wp\/v2\/posts"}],"about":[{"href":"https:\/\/jundiai.sp.gov.br\/noticias\/wp-json\/wp\/v2\/types\/post"}],"author":[{"embeddable":true,"href":"https:\/\/jundiai.sp.gov.br\/noticias\/wp-json\/wp\/v2\/users\/14"}],"replies":[{"embeddable":true,"href":"https:\/\/jundiai.sp.gov.br\/noticias\/wp-json\/wp\/v2\/comments?post=160442"}],"version-history":[{"count":6,"href":"https:\/\/jundiai.sp.gov.br\/noticias\/wp-json\/wp\/v2\/posts\/160442\/revisions"}],"predecessor-version":[{"id":258105,"href":"https:\/\/jundiai.sp.gov.br\/noticias\/wp-json\/wp\/v2\/posts\/160442\/revisions\/258105"}],"wp:attachment":[{"href":"https:\/\/jundiai.sp.gov.br\/noticias\/wp-json\/wp\/v2\/media?parent=160442"}],"wp:term":[{"taxonomy":"category","embeddable":true,"href":"https:\/\/jundiai.sp.gov.br\/noticias\/wp-json\/wp\/v2\/categories?post=160442"},{"taxonomy":"post_tag","embeddable":true,"href":"https:\/\/jundiai.sp.gov.br\/noticias\/wp-json\/wp\/v2\/tags?post=160442"},{"taxonomy":"ods","embeddable":true,"href":"https:\/\/jundiai.sp.gov.br\/noticias\/wp-json\/wp\/v2\/ods?post=160442"}],"curies":[{"name":"wp","href":"https:\/\/api.w.org\/{rel}","templated":true}]}}