{"id":160454,"date":"2015-11-11T14:33:28","date_gmt":"2015-11-11T16:33:28","guid":{"rendered":"https:\/\/jundiai.sp.gov.br\/noticias\/?p=160454"},"modified":"2016-11-04T13:06:50","modified_gmt":"2016-11-04T15:06:50","slug":"equipe-do-planejamento-faz-visita-tecnica-ao-centro-das-artes","status":"publish","type":"post","link":"https:\/\/jundiai.sp.gov.br\/noticias\/2015\/11\/11\/equipe-do-planejamento-faz-visita-tecnica-ao-centro-das-artes\/","title":{"rendered":"Equipe do Planejamento faz visita t\u00e9cnica ao Centro das Artes"},"content":{"rendered":"<p><strong>Um espa\u00e7o que vai ser pioneiro em <a href=\"https:\/\/jundiai.sp.gov.br\/noticias\/2015\/07\/17\/mais-prefeitura-em-acao-centro-das-artes-e-reformado\/\" target=\"_blank\">acessibilidade plena, em resgate da arquitetura hist\u00f3rica e tamb\u00e9m do conceito de espa\u00e7o 100% cultural<\/a> \u00e9 o horizonte para o pr\u00f3ximo ano do <a href=\"http:\/\/cultura.jundiai.sp.gov.br\/espacos-culturais\/centro-das-artes\/\" target=\"_blank\">Centro das Artes<\/a>.<\/strong><\/p>\n<p>Nesta semana, a secret\u00e1ria de Planejamento e Meio Ambiente, Daniela da Camara, e os diretores Daniela Colagrossi, D\u00e9cio Pinheiro Pradela e Marcelo Pilon, fizeram uma <strong>visita t\u00e9cnica \u00e0s obras no local<\/strong>. O trabalho atualmente est\u00e1 em <strong>fase de limpeza e desmontagem de algumas estruturas por empresa especializada nesse tipo de projetos<\/strong>. O processo total deve durar pelo menos sete meses, com a entrega prevista para o ano que vem.<\/p>\n<p><strong>LEIA TAMB\u00c9M<br \/>\n<a href=\"https:\/\/jundiai.sp.gov.br\/noticias\/2015\/11\/07\/gestao-ambiental-de-jundiai-recebe-premio-estadual\/\" target=\"_blank\">Gest\u00e3o ambiental de Jundia\u00ed recebe pr\u00eamio estadual<\/a><br \/>\n<a href=\"https:\/\/jundiai.sp.gov.br\/noticias\/2015\/11\/09\/cartograffiti-conecta-urbanismo-caminhavel-e-ponte-torta\/\" target=\"_blank\">\u2018Cartograffiti\u2019 liga Urbanismo Caminh\u00e1vel e Ponte Torta<\/a><br \/>\n<a href=\"https:\/\/jundiai.sp.gov.br\/noticias\/2015\/11\/09\/plano-diretor-avanca-consenso-com-ajustes-participativos\/\" target=\"_blank\">Plano Diretor avan\u00e7a consenso com ajustes participativos<\/a><br \/>\n<a href=\"https:\/\/jundiai.sp.gov.br\/noticias\/2015\/11\/09\/prefeitura-realiza-encontro-municipal-de-agricultura-urbana\/\" target=\"_blank\">Prefeitura realiza encontro municipal de agricultura urbana<\/a><\/strong><\/p>\n<div id=\"attachment_160457\" style=\"width: 730px\" class=\"wp-caption aligncenter\"><a href=\"https:\/\/jundiai.sp.gov.br\/noticias\/wp-content\/uploads\/sites\/32\/2015\/11\/reforma_centro_artes_P36G.jpg\"><img loading=\"lazy\" decoding=\"async\" aria-describedby=\"caption-attachment-160457\" class=\"size-large wp-image-160457\" src=\"https:\/\/jundiai.sp.gov.br\/noticias\/wp-content\/uploads\/sites\/32\/2015\/11\/reforma_centro_artes_P36G-720x491.jpg\" alt=\"Secret\u00e1ria e diretores fazem visita t\u00e9cnica ao local\" width=\"720\" height=\"491\" srcset=\"https:\/\/jundiai.sp.gov.br\/noticias\/wp-content\/uploads\/sites\/32\/2015\/11\/reforma_centro_artes_P36G-720x491.jpg 720w, https:\/\/jundiai.sp.gov.br\/noticias\/wp-content\/uploads\/sites\/32\/2015\/11\/reforma_centro_artes_P36G-300x205.jpg 300w, https:\/\/jundiai.sp.gov.br\/noticias\/wp-content\/uploads\/sites\/32\/2015\/11\/reforma_centro_artes_P36G.jpg 1240w\" sizes=\"auto, (max-width: 720px) 100vw, 720px\" \/><\/a><p id=\"caption-attachment-160457\" class=\"wp-caption-text\">Secret\u00e1ria e diretores fazem visita t\u00e9cnica ao local<\/p><\/div>\n<p>Uma das marcas dessa interven\u00e7\u00e3o \u00e9 a chamada <strong>acessibilidade plena<\/strong>, onde <strong>duas plataformas elevat\u00f3rias<\/strong> v\u00e3o dar acesso para pessoas com defici\u00eancia tanto ao palco como \u00e0 plateia, que ganha espa\u00e7os retr\u00e1teis.<\/p>\n<p><strong>O sagu\u00e3o, que havia perdido suas fun\u00e7\u00f5es originais, est\u00e1 sendo refeito no conceito de \u201cpra\u00e7a interna\u201d<\/strong>, inclusive com a amplid\u00e3o surgida <strong>sem as paredes de espa\u00e7os fechados<\/strong> nas partes inferior e superior. Ali est\u00e3o previstos <strong>um caf\u00e9, diversas salas de ensaios (para grupos de teatro, dan\u00e7a e outras artes) e ainda um miniteatro adapt\u00e1vel<\/strong>, no estilo \u201cpocket\u201d, para pequenas apresenta\u00e7\u00f5es.<\/p>\n<div id=\"attachment_160459\" style=\"width: 410px\" class=\"wp-caption alignleft\"><a href=\"https:\/\/jundiai.sp.gov.br\/noticias\/wp-content\/uploads\/sites\/32\/2015\/11\/reforma_centro_artes_P33G.jpg\"><img loading=\"lazy\" decoding=\"async\" aria-describedby=\"caption-attachment-160459\" class=\"size-large wp-image-160459\" src=\"https:\/\/jundiai.sp.gov.br\/noticias\/wp-content\/uploads\/sites\/32\/2015\/11\/reforma_centro_artes_P33G-720x485.jpg\" alt=\"Local vai receber estruturas elevat\u00f3rias de acessibilidade, salas de ensaios e caf\u00e9\" width=\"400\" height=\"350\" \/><\/a><p id=\"caption-attachment-160459\" class=\"wp-caption-text\">Local vai receber estruturas elevat\u00f3rias de acessibilidade, salas de ensaios e caf\u00e9<\/p><\/div>\n<p><strong>A pr\u00f3pria fachada do local est\u00e1 sendo alvo de uma t\u00e9cnica de prospec\u00e7\u00e3o abaixo das diversas camadas superficiais<\/strong> (inclusive as mais recentes, de ladrilhos) para apontar o <strong>revestimento original do pr\u00e9dio<\/strong>. Os resultados v\u00e3o ser analisados em conjunto com o Conselho Municipal do Patrim\u00f4nio Art\u00edstico e Cultural (Compac).<\/p>\n<p>Todas essas etapas v\u00e3o ser poss\u00edveis somente depois das <strong>a\u00e7\u00f5es em estrutura e infraestrutura <\/strong>que formam a atual fase do projeto. <strong>O pr\u00e9dio do Centro das Artes estava comprometido em parte dos sistemas el\u00e9trico e hidr\u00e1ulico, da cobertura e de estruturas internas, al\u00e9m de precisar de adapta\u00e7\u00f5es \u00e0s atuais exig\u00eancias de seguran\u00e7a contra riscos<\/strong>.<\/p>\n<p>O <strong>projeto de readequa\u00e7\u00e3o<\/strong>, que foi desenvolvido em conjunto com a <strong><a href=\"http:\/\/cultura.jundiai.sp.gov.br\/\" target=\"_blank\">Secretaria de Cultura<\/a><\/strong>, o Compac e o Conselho da Pessoa com Defici\u00eancia, leva em considera\u00e7\u00e3o tamb\u00e9m a <strong>import\u00e2ncia do Centro das Artes, que surgiu em 1981 aproveitando parte do antigo Mercado Municipal que abrigara a primeira Festa da Uva, em 1934<\/strong>. Atualmente, forma tamb\u00e9m uma <strong>ambi\u00eancia especial com o pr\u00e9dio tombado da Escola Estadual Conde do Parna\u00edba<\/strong>, que fica do outro lado da rua Bar\u00e3o de Jundia\u00ed.<\/p>\n<p><strong><em>Jos\u00e9 Arnaldo de Oliveira<br \/>\nFotos: Paulo Gr\u00e9gio<\/em><\/strong><\/p>\n","protected":false},"excerpt":{"rendered":"<p>Espa\u00e7o vai ser pioneiro em acessibilidade plena, em resgate da arquitetura hist\u00f3rica e tamb\u00e9m do conceito de 100% cultural<\/p>\n","protected":false},"author":14,"featured_media":160465,"comment_status":"closed","ping_status":"closed","sticky":false,"template":"","format":"standard","meta":{"footnotes":""},"categories":[2],"tags":[718,648,256,29,32],"ods":[],"class_list":["post-160454","post","type-post","status-publish","format-standard","has-post-thumbnail","hentry","category-noticias","tag-centro-das-artes-prefeito-pedro-favaro","tag-conselho-da-pessoa-com-deficiencia","tag-conselho-do-patrimonio-cultural-compac","tag-cultura","tag-planejamento-e-meio-ambiente"],"_links":{"self":[{"href":"https:\/\/jundiai.sp.gov.br\/noticias\/wp-json\/wp\/v2\/posts\/160454","targetHints":{"allow":["GET"]}}],"collection":[{"href":"https:\/\/jundiai.sp.gov.br\/noticias\/wp-json\/wp\/v2\/posts"}],"about":[{"href":"https:\/\/jundiai.sp.gov.br\/noticias\/wp-json\/wp\/v2\/types\/post"}],"author":[{"embeddable":true,"href":"https:\/\/jundiai.sp.gov.br\/noticias\/wp-json\/wp\/v2\/users\/14"}],"replies":[{"embeddable":true,"href":"https:\/\/jundiai.sp.gov.br\/noticias\/wp-json\/wp\/v2\/comments?post=160454"}],"version-history":[{"count":10,"href":"https:\/\/jundiai.sp.gov.br\/noticias\/wp-json\/wp\/v2\/posts\/160454\/revisions"}],"predecessor-version":[{"id":160470,"href":"https:\/\/jundiai.sp.gov.br\/noticias\/wp-json\/wp\/v2\/posts\/160454\/revisions\/160470"}],"wp:featuredmedia":[{"embeddable":true,"href":"https:\/\/jundiai.sp.gov.br\/noticias\/wp-json\/wp\/v2\/media\/160465"}],"wp:attachment":[{"href":"https:\/\/jundiai.sp.gov.br\/noticias\/wp-json\/wp\/v2\/media?parent=160454"}],"wp:term":[{"taxonomy":"category","embeddable":true,"href":"https:\/\/jundiai.sp.gov.br\/noticias\/wp-json\/wp\/v2\/categories?post=160454"},{"taxonomy":"post_tag","embeddable":true,"href":"https:\/\/jundiai.sp.gov.br\/noticias\/wp-json\/wp\/v2\/tags?post=160454"},{"taxonomy":"ods","embeddable":true,"href":"https:\/\/jundiai.sp.gov.br\/noticias\/wp-json\/wp\/v2\/ods?post=160454"}],"curies":[{"name":"wp","href":"https:\/\/api.w.org\/{rel}","templated":true}]}}