{"id":161158,"date":"2015-11-17T15:30:22","date_gmt":"2015-11-17T17:30:22","guid":{"rendered":"https:\/\/jundiai.sp.gov.br\/noticias\/?p=161158"},"modified":"2016-11-04T13:07:28","modified_gmt":"2016-11-04T15:07:28","slug":"base-ecologica-recebe-palestra-de-biologia","status":"publish","type":"post","link":"https:\/\/jundiai.sp.gov.br\/noticias\/2015\/11\/17\/base-ecologica-recebe-palestra-de-biologia\/","title":{"rendered":"Base Ecol\u00f3gica recebe palestra de biologia"},"content":{"rendered":"<p><strong>O pesquisador Vagner Cavarzere J\u00fanior, p\u00f3s-doutorando vinculado ao <a href=\"http:\/\/www.mz.usp.br\/\" target=\"_blank\">Museu de Zoologia da Universidade de S\u00e3o Paulo (USP)<\/a>, apresenta nesta quarta-feira (18), a partir das 19h30, uma palestra na Base Ecol\u00f3gica Miguel Castarde, da Prefeitura de Jundia\u00ed, sobre a \u201caus\u00eancia das esp\u00e9cies de aves end\u00eamicas da Mata Atl\u00e2ntica do oeste paulista, revelada pela ci\u00eancia cidad\u00e3\u201d.<\/strong><\/p>\n<p><strong>LEIA TAMB\u00c9M<br \/>\n<a href=\"https:\/\/jundiai.sp.gov.br\/noticias\/2015\/11\/11\/jardim-botanico-aprova-ampliacao-de-areas-na-camara\/\" target=\"_blank\">Jardim Bot\u00e2nico aprova amplia\u00e7\u00e3o de \u00e1reas na C\u00e2mara<\/a><br \/>\n<a href=\"https:\/\/jundiai.sp.gov.br\/noticias\/2015\/11\/09\/prefeitura-realiza-encontro-municipal-de-agricultura-urbana\/\" target=\"_blank\">Prefeitura realiza encontro municipal de agricultura urbana<\/a><br \/>\n<a href=\"https:\/\/jundiai.sp.gov.br\/noticias\/2015\/11\/13\/levantamento-inedito-aponta-928-fragmentos-naturais-urbanos\/\" target=\"_blank\">Levantamento in\u00e9dito aponta 928 fragmentos naturais \u2018urbanos\u2019<\/a><br \/>\n<\/strong><br \/>\nNo evento, que envolve um debate, ele vai mostrar que o Estado de S\u00e3o Paulo possui uma peculiar distribui\u00e7\u00e3o de seus dom\u00ednios fitogeogr\u00e1ficos, com o Cerrado cortando-o de norte a sul e separando a Mata Atl\u00e2ntica em duas por\u00e7\u00f5es. Embora o senso comum considere sua descaracteriza\u00e7\u00e3o mais acentuada na por\u00e7\u00e3o leste (onde est\u00e1 Jundia\u00ed), sua condi\u00e7\u00e3o ao oeste do Cerrado \u00e9 mais preocupante.<\/p>\n<p>O motivo \u00e9 que no oeste paulista existem poucas unidades de conserva\u00e7\u00e3o e apenas um bloco florestal cont\u00ednuo, o <strong><a href=\"http:\/\/www.ambiente.sp.gov.br\/parque-morro-do-diabo\/\" target=\"_blank\">Parque Estadual do Morro do Diabo<\/a><\/strong>. Mas at\u00e9 a d\u00e9cada de 1980 a presen\u00e7a de esp\u00e9cies end\u00eamicas (nativas do bioma) era est\u00e1vel nas matas estacionais do noroeste paulista. Censos recentes na regi\u00e3o, entretanto, foram incapazes de registr\u00e1-las. E o mesmo ocorreu com o banco de dados do <strong><a href=\"http:\/\/www.wikiaves.com.br\/\" target=\"_blank\">Wiki Aves<\/a><\/strong>, maior portal ornitol\u00f3gico do Pa\u00eds.<\/p>\n<div id=\"attachment_161161\" style=\"width: 410px\" class=\"wp-caption alignleft\"><a href=\"https:\/\/jundiai.sp.gov.br\/noticias\/wp-content\/uploads\/sites\/32\/2015\/11\/palestra_aves_G.jpg\"><img loading=\"lazy\" decoding=\"async\" aria-describedby=\"caption-attachment-161161\" src=\"https:\/\/jundiai.sp.gov.br\/noticias\/wp-content\/uploads\/sites\/32\/2015\/11\/palestra_aves_G.jpg\" alt=\"Cavarzere: desafio de pensar fen\u00f4meno de &quot;sumi\u00e7o&quot; de aves\" width=\"400\" height=\"400\" class=\"size-full wp-image-161161\" \/><\/a><p id=\"caption-attachment-161161\" class=\"wp-caption-text\">Cavarzere: desafio de pensar fen\u00f4meno de &#8220;sumi\u00e7o&#8221; de aves<\/p><\/div>\n<p>Para Cavarzere, com uma grande lista de atividades nesse ramo, a compara\u00e7\u00e3o como a regi\u00e3o vizinha do nordeste do Paran\u00e1 intriga os pesquisadores porque os hist\u00f3ricos de ocupa\u00e7\u00e3o e de fragmenta\u00e7\u00e3o s\u00e3o similares, mas todas as esp\u00e9cies de aves end\u00eamicas da Mata Atl\u00e2ntica ainda s\u00e3o encontradas no nordeste paranaense. O projeto, apresentado tamb\u00e9m em palestra na Unicamp em setembro, pretende determinar se a aus\u00eancia atual das esp\u00e9cies end\u00eamicas reflete vi\u00e9s amostral ou se ela resulta de fatores distintos, como extin\u00e7\u00f5es regionais ou aus\u00eancia de habitats adequados.<\/p>\n<p>Graduado pela Unesp em 2006, o pesquisador fez mestrado e doutorado na Universidade de S\u00e3o Paulo e trabalhou com m\u00e9todos de invent\u00e1rios de aves nos diversos biomas brasileiros.<\/p>\n<p>A Base Ecol\u00f3gica est\u00e1 localizada dentro da Reserva Biol\u00f3gica Municipal (Rebio), com acesso pela regi\u00e3o da Malota para a Estrada do Mirante (avenida Brasil Tamega). O evento \u00e9 organizado pela Funda\u00e7\u00e3o Serra do Japi.<\/p>\n<p><em><strong>Jos\u00e9 Arnaldo de Oliveira<br \/>\nFoto: Divulga\u00e7\u00e3o<\/strong><\/em><\/p>\n","protected":false},"excerpt":{"rendered":"<p>O pesquisador Vagner Cavarzere J\u00fanior, p\u00f3s-doutorando vinculado ao Museu de Zoologia da Universidade de S\u00e3o Paulo (USP), apresenta nesta quarta-feira (18), a partir das 19h30, uma palestra na Base Ecol\u00f3gica Miguel Castarde, da Prefeitura de Jundia\u00ed, sobre a \u201caus\u00eancia das esp\u00e9cies de aves end\u00eamicas da Mata Atl\u00e2ntica do oeste paulista, revelada pela ci\u00eancia cidad\u00e3\u201d. LEIA [&hellip;]<\/p>\n","protected":false},"author":21,"featured_media":0,"comment_status":"closed","ping_status":"closed","sticky":false,"template":"","format":"standard","meta":{"footnotes":""},"categories":[2],"tags":[574,32,323],"ods":[],"class_list":["post-161158","post","type-post","status-publish","format-standard","hentry","category-noticias","tag-fundacao-serra-do-japi","tag-planejamento-e-meio-ambiente","tag-serra-do-japi"],"_links":{"self":[{"href":"https:\/\/jundiai.sp.gov.br\/noticias\/wp-json\/wp\/v2\/posts\/161158","targetHints":{"allow":["GET"]}}],"collection":[{"href":"https:\/\/jundiai.sp.gov.br\/noticias\/wp-json\/wp\/v2\/posts"}],"about":[{"href":"https:\/\/jundiai.sp.gov.br\/noticias\/wp-json\/wp\/v2\/types\/post"}],"author":[{"embeddable":true,"href":"https:\/\/jundiai.sp.gov.br\/noticias\/wp-json\/wp\/v2\/users\/21"}],"replies":[{"embeddable":true,"href":"https:\/\/jundiai.sp.gov.br\/noticias\/wp-json\/wp\/v2\/comments?post=161158"}],"version-history":[{"count":4,"href":"https:\/\/jundiai.sp.gov.br\/noticias\/wp-json\/wp\/v2\/posts\/161158\/revisions"}],"predecessor-version":[{"id":161165,"href":"https:\/\/jundiai.sp.gov.br\/noticias\/wp-json\/wp\/v2\/posts\/161158\/revisions\/161165"}],"wp:attachment":[{"href":"https:\/\/jundiai.sp.gov.br\/noticias\/wp-json\/wp\/v2\/media?parent=161158"}],"wp:term":[{"taxonomy":"category","embeddable":true,"href":"https:\/\/jundiai.sp.gov.br\/noticias\/wp-json\/wp\/v2\/categories?post=161158"},{"taxonomy":"post_tag","embeddable":true,"href":"https:\/\/jundiai.sp.gov.br\/noticias\/wp-json\/wp\/v2\/tags?post=161158"},{"taxonomy":"ods","embeddable":true,"href":"https:\/\/jundiai.sp.gov.br\/noticias\/wp-json\/wp\/v2\/ods?post=161158"}],"curies":[{"name":"wp","href":"https:\/\/api.w.org\/{rel}","templated":true}]}}