{"id":161314,"date":"2015-11-18T16:00:12","date_gmt":"2015-11-18T18:00:12","guid":{"rendered":"https:\/\/jundiai.sp.gov.br\/noticias\/?p=161314"},"modified":"2019-09-13T16:17:16","modified_gmt":"2019-09-13T19:17:16","slug":"estacao-juventude-valoriza-grafites-de-jovens-jundiaienses","status":"publish","type":"post","link":"https:\/\/jundiai.sp.gov.br\/noticias\/2015\/11\/18\/estacao-juventude-valoriza-grafites-de-jovens-jundiaienses\/","title":{"rendered":"Esta\u00e7\u00e3o Juventude valoriza grafites de jovens jundiaienses"},"content":{"rendered":"<p><strong>O <a href=\"http:\/\/estacaojuventude.jundiai.sp.gov.br\/\" target=\"_blank\" rel=\"noopener noreferrer\">Esta\u00e7\u00e3o Juventude (EJ)<\/a> \u00e9 um espa\u00e7o para os jovens at\u00e9 nos detalhes. Al\u00e9m das diversas oficinas oferecidas gratuitamente, suas caracter\u00edsticas est\u00e3o tamb\u00e9m nas paredes do Complexo Fepasa, com grafites elaborados pelos participantes do programa.<\/strong><\/p>\n<p>De acordo com a respons\u00e1vel pela <strong><a href=\"https:\/\/www.facebook.com\/Coordenadoria-da-Juventude-de-Jundia%C3%AD-227034494027268\/?fref=ts\" target=\"_blank\" rel=\"noopener noreferrer\">Coordenadoria da Juventude<\/a><\/strong>, Narrinam Camargo, o EJ faz parte dos locais da cidade <strong>para que a juventude se expresse e se desenvolva<\/strong>. \u201cO Esta\u00e7\u00e3o \u00e9, acima de tudo, um <strong>espa\u00e7o constru\u00eddo para que os jovens se sintam parte daquilo e se sintam empoderados e criativos. Permitir um grafite ou qualquer tipo de interven\u00e7\u00e3o cultural \u00e9 uma forma de quebrar paradigmas sobre o que entendemos que deva ser um espa\u00e7o verdadeiramente p\u00fablico<\/strong>\u201d, afirma.<\/p>\n<p><strong>LEIA TAMB\u00c9M<br \/>\n<a href=\"https:\/\/jundiai.sp.gov.br\/noticias\/2015\/11\/17\/base-ecologica-recebe-palestra-de-biologia\/\" target=\"_blank\" rel=\"noopener noreferrer\">Base Ecol\u00f3gica recebe palestra de biologia<\/a><br \/>\n<a href=\"https:\/\/jundiai.sp.gov.br\/noticias\/2015\/11\/12\/mais-de-400-jovens-ja-participaram-das-oficinas-do-estacao-juventude\/\" target=\"_blank\" rel=\"noopener noreferrer\">Mais de 400 j\u00e1 fizeram oficinas do Esta\u00e7\u00e3o Juventude<\/a><br \/>\n<a href=\"https:\/\/jundiai.sp.gov.br\/noticias\/2015\/11\/13\/levantamento-inedito-aponta-928-fragmentos-naturais-urbanos\/\" target=\"_blank\" rel=\"noopener noreferrer\">Levantamento in\u00e9dito aponta 928 fragmentos naturais \u2018urbanos\u2019<\/a><br \/>\n<a href=\"https:\/\/jundiai.sp.gov.br\/noticias\/2015\/11\/17\/jundiaienses-sao-eleitos-para-conferencia-nacional-de-juventude\/\" target=\"_blank\" rel=\"noopener noreferrer\">Jundiaienses s\u00e3o eleitos para Confer\u00eancia Nacional de Juventude<\/a><\/strong><\/p>\n<div id=\"attachment_161315\" style=\"width: 730px\" class=\"wp-caption aligncenter\"><a href=\"https:\/\/jundiai.sp.gov.br\/noticias\/wp-content\/uploads\/sites\/32\/2015\/11\/Oficinas-Esta\u00e7\u00e3o-Juventude-11_G.jpg\"><img loading=\"lazy\" decoding=\"async\" aria-describedby=\"caption-attachment-161315\" class=\"size-large wp-image-161315\" src=\"https:\/\/jundiai.sp.gov.br\/noticias\/wp-content\/uploads\/sites\/32\/2015\/11\/Oficinas-Esta\u00e7\u00e3o-Juventude-11_G-720x510.jpg\" alt=\"Arte muda cen\u00e1rio no Esta\u00e7\u00e3o Juventude, no Complexo Fepasa\" width=\"720\" height=\"510\" srcset=\"https:\/\/jundiai.sp.gov.br\/noticias\/wp-content\/uploads\/sites\/32\/2015\/11\/Oficinas-Esta\u00e7\u00e3o-Juventude-11_G-720x510.jpg 720w, https:\/\/jundiai.sp.gov.br\/noticias\/wp-content\/uploads\/sites\/32\/2015\/11\/Oficinas-Esta\u00e7\u00e3o-Juventude-11_G-300x212.jpg 300w, https:\/\/jundiai.sp.gov.br\/noticias\/wp-content\/uploads\/sites\/32\/2015\/11\/Oficinas-Esta\u00e7\u00e3o-Juventude-11_G.jpg 1240w\" sizes=\"auto, (max-width: 720px) 100vw, 720px\" \/><\/a><p id=\"caption-attachment-161315\" class=\"wp-caption-text\">Arte muda cen\u00e1rio no Esta\u00e7\u00e3o Juventude, no Complexo Fepasa<\/p><\/div>\n<p>Matheus Frare, de 15 anos, j\u00e1 tem experi\u00eancia com grafite e deixou sua marca no local. \u201cTodos que passarem por l\u00e1 v\u00e3o ver meu nome, minha arte. <strong>O pessoal do EJ reconheceu meu trabalho, e fico feliz por isso, porque muitas pessoas ainda veem essa arte como vandalismo<\/strong>, n\u00e3o como uma coisa bonita&#8221;, destacou.<\/p>\n<p>O jovem tamb\u00e9m <strong>elogia o espa\u00e7o. \u201c\u00c9 magn\u00edfico! Um \u00f3timo lugar, cheio de alegria e perfeito para quem est\u00e1 come\u00e7ando com grafite\u201d<\/strong>, acrescentou.<\/p>\n<p>Outro jovem que tamb\u00e9m contribuiu foi Gustavo Rodrigues Vanzo, de 19 anos. \u201cPara mim, que sou grafiteiro, <strong>ter minha arte em um lugar como o Esta\u00e7\u00e3o Juventude \u00e9 muito gratificante, pois abre portas para que diversos tipos de p\u00fablico possam ver<\/strong>\u201d, agradeceu. A figura de le\u00e3o, desenhado no mini-audit\u00f3rio, \u00e9 inspirado na cultura rastaf\u00e1ri e teve ajuda de Lucas Torres na produ\u00e7\u00e3o.<\/p>\n<p>Tamb\u00e9m Diogo Mosca, de 20 anos, contribuiu com seus desenhos no espa\u00e7o.<\/p>\n<p><strong>Mais valoriza\u00e7\u00e3o <\/strong><br \/>\nAl\u00e9m do Esta\u00e7\u00e3o Juventude, <strong>Jundia\u00ed \u00e9 cen\u00e1rio para o di\u00e1logo com grafiteiros em outros locais. Nesse s\u00e1bado (14), como atividade do projeto Urbanismo Caminh\u00e1vel, da Secretaria de Planejamento e Meio Ambiente, <strong><a href=\"https:\/\/jundiai.sp.gov.br\/noticias\/2015\/11\/14\/arte-urbana-muda-cenario-da-regiao-central\/\" target=\"_blank\" rel=\"noopener noreferrer\">artistas mudaram, com desenhos e cores, a paisagem de dois muros<\/a><\/strong> pr\u00f3ximos \u00e0 Ponte Torta<\/strong>.<\/p>\n<div id=\"attachment_161320\" style=\"width: 410px\" class=\"wp-caption alignleft\"><a href=\"https:\/\/jundiai.sp.gov.br\/noticias\/wp-content\/uploads\/sites\/32\/2015\/11\/grafite-ponte-torta-58_G.jpg\"><img loading=\"lazy\" decoding=\"async\" aria-describedby=\"caption-attachment-161320\" class=\"size-large wp-image-161320\" src=\"https:\/\/jundiai.sp.gov.br\/noticias\/wp-content\/uploads\/sites\/32\/2015\/11\/grafite-ponte-torta-58_G-720x438.jpg\" alt=\"Pr\u00f3ximo \u00e0 Ponte Torta, atividade encerrou primeira fase do Urbanismo Caminh\u00e1vel\" width=\"400\" height=\"350\" \/><\/a><p id=\"caption-attachment-161320\" class=\"wp-caption-text\">Pr\u00f3ximo \u00e0 Ponte Torta, atividade encerrou primeira fase do Urbanismo Caminh\u00e1vel<\/p><\/div>\n<p>Nesse caso, a ideia de promover a interven\u00e7\u00e3o surgiu a partir de uma das oficinas promovidas pelo projeto, que trouxe o <strong><a href=\"https:\/\/jundiai.sp.gov.br\/noticias\/2015\/07\/17\/cartograffiti-e-tema-de-oficina-do-urbanismo-caminhavel\/\" target=\"_blank\" rel=\"noopener noreferrer\">artista Mauro Neri para apresentar sua experi\u00eancia paulistana com o projeto Cartograffiti e promover o debate a respeito da arte urbana<\/a><\/strong>, feita nas superf\u00edcies que a cidade oferece aos seus espectadores.<\/p>\n<p>&#8220;Na primeira oficina, caminhamos pelo Centro discutindo a hist\u00f3ria, os temas e os locais que poderiam receber grafite. <strong>Identificamos o muro de um terreno p\u00fablico pr\u00f3ximo \u00e0 Ponte Torta e achamos o local bastante adequado, considerando o valor hist\u00f3rico que esse monumento possui para os moradores de Jundia\u00ed<\/strong>. Como o tema da oficina \u00e9 a cidade, <strong>convidamos os coletivos de grafite de Jundia\u00ed para contribuir com sua arte, contar sua hist\u00f3ria e expressar suas quest\u00f5es<\/strong>. Aproveitamos as comemora\u00e7\u00f5es da Semana do Hip Hop para transformar a oficina em um evento, que contou com grande apoio da <strong><a href=\"http:\/\/cultura.jundiai.sp.gov.br\/\" target=\"_blank\" rel=\"noopener noreferrer\">Secretaria da Cultura<\/a><\/strong> e da Coordenadoria da Juventude&#8221;, explica a arquiteta Tha\u00edsa Fr\u00f3es, do projeto Urbanismo Caminh\u00e1vel.<\/p>\n<p>Na opini\u00e3o da secret\u00e1ria de Planejamento e Meio Ambiente, Daniela da Camara Sutti, <strong>a valoriza\u00e7\u00e3o do grafite integrou-se ao projeto e faz parte de uma proposta mais ampla, o Plano de Reabilita\u00e7\u00e3o do Centro<\/strong>. &#8220;A proposta \u00e9 <strong>promover uma transforma\u00e7\u00e3o associada com a valoriza\u00e7\u00e3o da hist\u00f3ria, da paisagem e do conv\u00edvio entre as pessoas<\/strong>&#8220;, resume.<\/p>\n<p><strong>Interven\u00e7\u00f5es em bairros <\/strong><br \/>\nJ\u00e1 em agosto, o evento Quebrada Viva reuniu v\u00e1rios grafiteiros da cidade e regi\u00e3o. D\u00e1rio Gordon, que participou tanto da a\u00e7\u00e3o na avenida Paula Penteado e foi um dos organizadores da atividade no S\u00e3o Camilo, diz que <strong>eventos assim, principalmente em comunidades, s\u00e3o um choque cultural para alguns participantes<\/strong>.<\/p>\n<div id=\"attachment_161318\" style=\"width: 410px\" class=\"wp-caption alignright\"><a href=\"https:\/\/jundiai.sp.gov.br\/noticias\/wp-content\/uploads\/sites\/32\/2015\/11\/grafiti-escad\u00e3o-34_G.jpg\"><img loading=\"lazy\" decoding=\"async\" aria-describedby=\"caption-attachment-161318\" class=\"size-large wp-image-161318\" src=\"https:\/\/jundiai.sp.gov.br\/noticias\/wp-content\/uploads\/sites\/32\/2015\/11\/grafiti-escad\u00e3o-34_G-720x340.jpg\" alt=\"Foram tamb\u00e9m feitos grafites no local das obras em andamento que v\u00e3o recuperar o Escad\u00e3o\" width=\"400\" height=\"300\" \/><\/a><p id=\"caption-attachment-161318\" class=\"wp-caption-text\">Foram tamb\u00e9m feitos grafites no local das obras em andamento que v\u00e3o recuperar o Escad\u00e3o<\/p><\/div>\n<p>\u201cMuitas pessoas nem sabiam que isso existia (o grafite). \u00c9 um incentivo para quem est\u00e1 vendo. Para mim, <strong>o grafite \u00e9 uma manifesta\u00e7\u00e3o pessoal. \u00c9 usada como manifesta\u00e7\u00e3o cultural ou at\u00e9 pol\u00edtica tamb\u00e9m<\/strong>. Costumo dizer que fa\u00e7o o grafite para mim, mas cada pessoa v\u00ea da sua maneira \u201d, explica.<\/p>\n<p>Outros trabalhos de grafiteiros est\u00e3o na rua Vig\u00e1rio Jo\u00e3o Jos\u00e9 Rodrigues, ao lado das <strong><a href=\"https:\/\/jundiai.sp.gov.br\/noticias\/2015\/09\/23\/prefeitura-faz-visita-tecnica-a-obras-da-ponte-torta-e-escadao\/\" target=\"_blank\" rel=\"noopener noreferrer\">obras em andamento que v\u00e3o recuperar o Escad\u00e3o<\/a><\/strong> e tamb\u00e9m na <strong><a href=\"http:\/\/cultura.jundiai.sp.gov.br\/espacos-culturais\/galeria-de-arte-publica-de-jundiai-g9\/\" target=\"_blank\" rel=\"noopener noreferrer\">Galeria de Arte P\u00fablica G9<\/a><\/strong>, na avenida Nove de Julho, criada como uma das unidades do <strong>Museu Hist\u00f3rico e Cultural da Secretaria de Cultura<\/strong>, ao lado do <strong><a href=\"http:\/\/cultura.jundiai.sp.gov.br\/espacos-culturais\/museu-historico-e-cultural-de-jundiai\/\" target=\"_blank\" rel=\"noopener noreferrer\">Solar do Bar\u00e3o<\/a><\/strong>, do <strong><a href=\"http:\/\/cultura.jundiai.sp.gov.br\/espacos-culturais\/centro-de-memoria-de-jundiai\/\" target=\"_blank\" rel=\"noopener noreferrer\">Centro de Mem\u00f3ria<\/a><\/strong> e da <strong><a href=\"http:\/\/cultura.jundiai.sp.gov.br\/espacos-culturais\/pinacoteca-diogenes-duarte-paes\/\" target=\"_blank\" rel=\"noopener noreferrer\">Pinacoteca<\/a><\/strong> como reconhecimento direto da import\u00e2ncia dessas manifesta\u00e7\u00f5es na vida cultural da cidade.<\/p>\n<p><strong><em>Assessoria de Imprensa<br \/>\nFotos: Fot\u00f3grafos PMJ<\/em><\/strong><\/p>\n","protected":false},"excerpt":{"rendered":"<p>Express\u00f5es dessa arte podem ser tamb\u00e9m vistas na galeria de Arte P\u00fablica G9 e nas obras pr\u00f3ximas \u00e0 Ponte Torta e ao Escad\u00e3o<\/p>\n","protected":false},"author":14,"featured_media":161326,"comment_status":"closed","ping_status":"closed","sticky":false,"template":"","format":"standard","meta":{"footnotes":""},"categories":[2],"tags":[174,29,449,621,311,32,659],"ods":[],"class_list":["post-161314","post","type-post","status-publish","format-standard","has-post-thumbnail","hentry","category-noticias","tag-coordenadoria-da-juventude","tag-cultura","tag-espaco-expressa","tag-estacao-juventude","tag-g9-galeria-de-arte-publica","tag-planejamento-e-meio-ambiente","tag-projeto-urbanismo-caminhavel"],"_links":{"self":[{"href":"https:\/\/jundiai.sp.gov.br\/noticias\/wp-json\/wp\/v2\/posts\/161314","targetHints":{"allow":["GET"]}}],"collection":[{"href":"https:\/\/jundiai.sp.gov.br\/noticias\/wp-json\/wp\/v2\/posts"}],"about":[{"href":"https:\/\/jundiai.sp.gov.br\/noticias\/wp-json\/wp\/v2\/types\/post"}],"author":[{"embeddable":true,"href":"https:\/\/jundiai.sp.gov.br\/noticias\/wp-json\/wp\/v2\/users\/14"}],"replies":[{"embeddable":true,"href":"https:\/\/jundiai.sp.gov.br\/noticias\/wp-json\/wp\/v2\/comments?post=161314"}],"version-history":[{"count":11,"href":"https:\/\/jundiai.sp.gov.br\/noticias\/wp-json\/wp\/v2\/posts\/161314\/revisions"}],"predecessor-version":[{"id":234198,"href":"https:\/\/jundiai.sp.gov.br\/noticias\/wp-json\/wp\/v2\/posts\/161314\/revisions\/234198"}],"wp:featuredmedia":[{"embeddable":true,"href":"https:\/\/jundiai.sp.gov.br\/noticias\/wp-json\/wp\/v2\/media\/161326"}],"wp:attachment":[{"href":"https:\/\/jundiai.sp.gov.br\/noticias\/wp-json\/wp\/v2\/media?parent=161314"}],"wp:term":[{"taxonomy":"category","embeddable":true,"href":"https:\/\/jundiai.sp.gov.br\/noticias\/wp-json\/wp\/v2\/categories?post=161314"},{"taxonomy":"post_tag","embeddable":true,"href":"https:\/\/jundiai.sp.gov.br\/noticias\/wp-json\/wp\/v2\/tags?post=161314"},{"taxonomy":"ods","embeddable":true,"href":"https:\/\/jundiai.sp.gov.br\/noticias\/wp-json\/wp\/v2\/ods?post=161314"}],"curies":[{"name":"wp","href":"https:\/\/api.w.org\/{rel}","templated":true}]}}