{"id":161343,"date":"2015-11-18T16:48:09","date_gmt":"2015-11-18T18:48:09","guid":{"rendered":"https:\/\/jundiai.sp.gov.br\/noticias\/?p=161343"},"modified":"2020-11-05T09:29:40","modified_gmt":"2020-11-05T12:29:40","slug":"guarda-municipal-abre-visitas-para-moradores-da-cidade","status":"publish","type":"post","link":"https:\/\/jundiai.sp.gov.br\/noticias\/2015\/11\/18\/guarda-municipal-abre-visitas-para-moradores-da-cidade\/","title":{"rendered":"Guarda Municipal abre visitas para moradores da cidade"},"content":{"rendered":"<div id=\"attachment_161344\" style=\"width: 410px\" class=\"wp-caption alignright\"><a href=\"https:\/\/jundiai.sp.gov.br\/noticias\/wp-content\/uploads\/sites\/32\/2015\/11\/unnamed-novo_G.jpg\"><img loading=\"lazy\" decoding=\"async\" aria-describedby=\"caption-attachment-161344\" class=\"size-large wp-image-161344\" src=\"https:\/\/jundiai.sp.gov.br\/noticias\/wp-content\/uploads\/sites\/32\/2015\/11\/unnamed-novo_G-720x405.jpg\" alt=\"Visita de grupo de moradores de tr\u00eas bairros de Jundia\u00ed\" width=\"400\" height=\"350\" \/><\/a><p id=\"caption-attachment-161344\" class=\"wp-caption-text\">Visita de grupo de moradores de tr\u00eas bairros de Jundia\u00ed<\/p><\/div>\n<p><strong>Com a proposta de promover maior intera\u00e7\u00e3o entre a sociedade e a corpora\u00e7\u00e3o, a Guarda Municipal recebeu um grupo de moradores dos bairros Jardim Paulista, Corrupira e Quinta da Boa Vista na semana passada. Os visitantes tamb\u00e9m conheceram o Sistema de Monitoramento.<\/strong><\/p>\n<p>Recepcionados pelo comandante, Jos\u00e9 Roberto Ferraz, e pelo subcomandante e o inspetor, Paulo Vicente Soares, <strong>nove moradores apresentaram os problemas dos bairros<\/strong>. No Corrupira, por exemplo, foi colocada a inseguran\u00e7a do t\u00fanel da estrada de ferro.<\/p>\n<p><strong>LEIA TAMB\u00c9M<br \/>\n<\/strong><a href=\"https:\/\/jundiai.sp.gov.br\/noticias\/2015\/11\/17\/operacao-papai-noel-reforca-seguranca-para-as-compras-de-natal\/\" target=\"_blank\" rel=\"noopener noreferrer\">\u2018Opera\u00e7\u00e3o Papai Noel\u2019 refor\u00e7a seguran\u00e7a para o Natal<\/a><br \/>\n<a href=\"https:\/\/jundiai.sp.gov.br\/noticias\/2015\/11\/18\/guarda-municipal-ressalta-cidadania-em-projeto-na-escola\/\" target=\"_blank\" rel=\"noopener noreferrer\">Guarda Municipal ressalta cidadania em projeto na escola<\/a><br \/>\n<a href=\"https:\/\/jundiai.sp.gov.br\/noticias\/2015\/11\/17\/gm-de-braganca-elogia-centro-de-monitoramento-de-jundiai\/\" target=\"_blank\" rel=\"noopener noreferrer\">GM de Bragan\u00e7a elogia Centro de Monitoramento de Jundia\u00ed<\/a><\/p>\n<p>Com o aux\u00edlio de um v\u00eddeo e dos n\u00fameros da GM, Jos\u00e9 Roberto Ferraz destacou o <strong>aumento do sistema de monitoramento de c\u00e2meras na cidade. \u201cEstamos ampliando este sistema nos bairros. Est\u00e1 em franca expans\u00e3o\u201d<\/strong>, disse. Os moradores da Quinta da Boa Vista confirmaram o <strong>aumento de viaturas da PM e GM no bairro<\/strong>.<\/p>\n<p>Al\u00e9m do monitoramento, foram colocadas para os visitantes <strong>as compet\u00eancias e atribui\u00e7\u00f5es legais da Guarda Municipal, tendo como atua\u00e7\u00e3o principal a\u00e7\u00f5es de preven\u00e7\u00e3o prim\u00e1ria da viol\u00eancia e da criminalidade. Essas a\u00e7\u00f5es s\u00e3o executadas atrav\u00e9s do poder de pol\u00edcia administrativo da GM<\/strong>.<\/p>\n<p>Segundo dados estat\u00edsticos da Guarda, foram feitos no m\u00eas de outubro, na regi\u00e3o norte da cidade, que abrange o bairro do Corrupira, cerca de <strong>40 atendimentos criminais e 75 n\u00e3o criminais. Cinco ve\u00edculos foram recuperados no bairro por den\u00fancias e tamb\u00e9m atrav\u00e9s de patrulhamentos<\/strong>.<\/p>\n<p>De acordo com Ferraz, a <strong>iniciativa de trazer grupos \u00e0 sede da GM garante o maior entrosamento entre a popula\u00e7\u00e3o e a Guarda<\/strong>. \u201c\u00c9 importante essa afinidade para <strong>estreitar la\u00e7os<\/strong>, o que torna poss\u00edvel <strong>atender as reivindica\u00e7\u00f5es peculiares de cada morador<\/strong>\u201d. Para o agendamento da visita\u00e7\u00e3o de grupos, a GM est\u00e1 \u00e0 disposi\u00e7\u00e3o atrav\u00e9s do <strong>telefone 4492-9068<\/strong>.<\/p>\n<p><strong><em>Luciano Guerino<br \/>\nFoto: Fot\u00f3grafos PMJ<\/em><\/strong><\/p>\n","protected":false},"excerpt":{"rendered":"<p>Com a proposta de promover maior intera\u00e7\u00e3o entre a sociedade e a corpora\u00e7\u00e3o, a Guarda Municipal recebeu um grupo de moradores dos bairros Jardim Paulista, Corrupira e Quinta da Boa Vista na semana passada. Os visitantes tamb\u00e9m conheceram o Sistema de Monitoramento. Recepcionados pelo comandante, Jos\u00e9 Roberto Ferraz, e pelo subcomandante e o inspetor, Paulo [&hellip;]<\/p>\n","protected":false},"author":14,"featured_media":0,"comment_status":"closed","ping_status":"closed","sticky":false,"template":"","format":"standard","meta":{"footnotes":""},"categories":[2],"tags":[31],"ods":[],"class_list":["post-161343","post","type-post","status-publish","format-standard","hentry","category-noticias","tag-guarda-municipal"],"_links":{"self":[{"href":"https:\/\/jundiai.sp.gov.br\/noticias\/wp-json\/wp\/v2\/posts\/161343","targetHints":{"allow":["GET"]}}],"collection":[{"href":"https:\/\/jundiai.sp.gov.br\/noticias\/wp-json\/wp\/v2\/posts"}],"about":[{"href":"https:\/\/jundiai.sp.gov.br\/noticias\/wp-json\/wp\/v2\/types\/post"}],"author":[{"embeddable":true,"href":"https:\/\/jundiai.sp.gov.br\/noticias\/wp-json\/wp\/v2\/users\/14"}],"replies":[{"embeddable":true,"href":"https:\/\/jundiai.sp.gov.br\/noticias\/wp-json\/wp\/v2\/comments?post=161343"}],"version-history":[{"count":5,"href":"https:\/\/jundiai.sp.gov.br\/noticias\/wp-json\/wp\/v2\/posts\/161343\/revisions"}],"predecessor-version":[{"id":257584,"href":"https:\/\/jundiai.sp.gov.br\/noticias\/wp-json\/wp\/v2\/posts\/161343\/revisions\/257584"}],"wp:attachment":[{"href":"https:\/\/jundiai.sp.gov.br\/noticias\/wp-json\/wp\/v2\/media?parent=161343"}],"wp:term":[{"taxonomy":"category","embeddable":true,"href":"https:\/\/jundiai.sp.gov.br\/noticias\/wp-json\/wp\/v2\/categories?post=161343"},{"taxonomy":"post_tag","embeddable":true,"href":"https:\/\/jundiai.sp.gov.br\/noticias\/wp-json\/wp\/v2\/tags?post=161343"},{"taxonomy":"ods","embeddable":true,"href":"https:\/\/jundiai.sp.gov.br\/noticias\/wp-json\/wp\/v2\/ods?post=161343"}],"curies":[{"name":"wp","href":"https:\/\/api.w.org\/{rel}","templated":true}]}}