{"id":161382,"date":"2015-11-18T18:43:22","date_gmt":"2015-11-18T20:43:22","guid":{"rendered":"https:\/\/jundiai.sp.gov.br\/noticias\/?p=161382"},"modified":"2016-11-04T13:07:35","modified_gmt":"2016-11-04T15:07:35","slug":"confira-a-programacao-completa-da-virada-negra-2015","status":"publish","type":"post","link":"https:\/\/jundiai.sp.gov.br\/noticias\/2015\/11\/18\/confira-a-programacao-completa-da-virada-negra-2015\/","title":{"rendered":"Confira a programa\u00e7\u00e3o completa da Virada Negra 2015:"},"content":{"rendered":"<h2>Quinta-feira (19)<\/h2>\n<ul>\n<li><strong>19h30 \u2013 Catedral<\/strong><\/li>\n<\/ul>\n<p style=\"padding-left: 60px;\"><em>Missa Afro na Catedral;<\/em><\/p>\n<ul>\n<li><strong>23h \u2013 Clube 28 de Setembro;<\/strong><\/li>\n<\/ul>\n<p style=\"padding-left: 60px;\"><em>Balada da Virada \u2013 &#8220;Balada Black nos Tempos da San Remo&#8221;;<\/em><\/p>\n<h2>Sexta-feira (20)<\/h2>\n<ul>\n<li><strong>10h \u00e0s 16h \u2013 Pra\u00e7a Governador Pedro de Toledo (Matriz)<\/strong><\/li>\n<\/ul>\n<p style=\"padding-left: 60px;\"><em>Apresenta\u00e7\u00e3o de Tambores Africanos;<\/em><\/p>\n<p style=\"padding-left: 60px;\"><em>Apresenta\u00e7\u00e3o de Afox\u00e9 Omi Alad\u00f4;<\/em><\/p>\n<p style=\"padding-left: 60px;\"><em>Apresenta\u00e7\u00e3o de Capoeira;<\/em><\/p>\n<p style=\"padding-left: 60px;\"><em>Apresenta\u00e7\u00e3o de Maracatu \u201cTambores de Inkice\u201d;<\/em><\/p>\n<p style=\"padding-left: 60px;\"><em>Pra\u00e7a de Alimenta\u00e7\u00e3o com culin\u00e1ria t\u00edpica Africana e Afro-brasileira;<\/em><\/p>\n<ul>\n<li><strong>18h \u2013 <a href=\"http:\/\/cultura.jundiai.sp.gov.br\/espacos-culturais\/teatro-polytheama\/\" target=\"_blank\">Teatro Polytheama<\/a><\/strong><\/li>\n<\/ul>\n<p style=\"padding-left: 60px;\"><em>Cerim\u00f4nia oficial de encerramento com a <a href=\"https:\/\/www.facebook.com\/orquestramunicipaldejundiai\/?fref=ts\" target=\"_blank\"><strong>Orquestra Municipal de Jundia\u00ed<\/strong><\/a>, com o &#8220;Concerto em Comemora\u00e7\u00e3o \u00e0 Consci\u00eancia Negra&#8221;.<\/em><\/p>\n<p><em><strong>Assessoria de Imprensa<\/strong><\/em><\/p>\n","protected":false},"excerpt":{"rendered":"<p>Quinta-feira (19) 19h30 \u2013 Catedral Missa Afro na Catedral; 23h \u2013 Clube 28 de Setembro; Balada da Virada \u2013 &#8220;Balada Black nos Tempos da San Remo&#8221;; Sexta-feira (20) 10h \u00e0s 16h \u2013 Pra\u00e7a Governador Pedro de Toledo (Matriz) Apresenta\u00e7\u00e3o de Tambores Africanos; Apresenta\u00e7\u00e3o de Afox\u00e9 Omi Alad\u00f4; Apresenta\u00e7\u00e3o de Capoeira; Apresenta\u00e7\u00e3o de Maracatu \u201cTambores de [&hellip;]<\/p>\n","protected":false},"author":14,"featured_media":0,"comment_status":"closed","ping_status":"closed","sticky":false,"template":"","format":"standard","meta":{"footnotes":""},"categories":[2],"tags":[391,29,307,98,379,811],"ods":[],"class_list":["post-161382","post","type-post","status-publish","format-standard","hentry","category-noticias","tag-coordenadoria-especial-de-politicas-publicas-de-promocao-da-igualdade-racial-cepppir","tag-cultura","tag-orquestra-municipal-de-jundiai","tag-teatro-polytheama","tag-virada-negra","tag-virada-negra-2015"],"_links":{"self":[{"href":"https:\/\/jundiai.sp.gov.br\/noticias\/wp-json\/wp\/v2\/posts\/161382","targetHints":{"allow":["GET"]}}],"collection":[{"href":"https:\/\/jundiai.sp.gov.br\/noticias\/wp-json\/wp\/v2\/posts"}],"about":[{"href":"https:\/\/jundiai.sp.gov.br\/noticias\/wp-json\/wp\/v2\/types\/post"}],"author":[{"embeddable":true,"href":"https:\/\/jundiai.sp.gov.br\/noticias\/wp-json\/wp\/v2\/users\/14"}],"replies":[{"embeddable":true,"href":"https:\/\/jundiai.sp.gov.br\/noticias\/wp-json\/wp\/v2\/comments?post=161382"}],"version-history":[{"count":3,"href":"https:\/\/jundiai.sp.gov.br\/noticias\/wp-json\/wp\/v2\/posts\/161382\/revisions"}],"predecessor-version":[{"id":161460,"href":"https:\/\/jundiai.sp.gov.br\/noticias\/wp-json\/wp\/v2\/posts\/161382\/revisions\/161460"}],"wp:attachment":[{"href":"https:\/\/jundiai.sp.gov.br\/noticias\/wp-json\/wp\/v2\/media?parent=161382"}],"wp:term":[{"taxonomy":"category","embeddable":true,"href":"https:\/\/jundiai.sp.gov.br\/noticias\/wp-json\/wp\/v2\/categories?post=161382"},{"taxonomy":"post_tag","embeddable":true,"href":"https:\/\/jundiai.sp.gov.br\/noticias\/wp-json\/wp\/v2\/tags?post=161382"},{"taxonomy":"ods","embeddable":true,"href":"https:\/\/jundiai.sp.gov.br\/noticias\/wp-json\/wp\/v2\/ods?post=161382"}],"curies":[{"name":"wp","href":"https:\/\/api.w.org\/{rel}","templated":true}]}}