{"id":161445,"date":"2015-11-19T12:21:57","date_gmt":"2015-11-19T14:21:57","guid":{"rendered":"https:\/\/jundiai.sp.gov.br\/noticias\/?p=161445"},"modified":"2016-11-04T13:07:37","modified_gmt":"2016-11-04T15:07:37","slug":"projeto-de-duplicacao-da-rua-tiradentes-avanca","status":"publish","type":"post","link":"https:\/\/jundiai.sp.gov.br\/noticias\/2015\/11\/19\/projeto-de-duplicacao-da-rua-tiradentes-avanca\/","title":{"rendered":"Projeto de duplica\u00e7\u00e3o da rua Tiradentes avan\u00e7a"},"content":{"rendered":"<p><strong>A Prefeitura de Jundia\u00ed, por meio da Secretaria de Obras com apoio da Secretaria de Transportes, est\u00e1 realizando diversas melhorias na rua Tiradentes, na regi\u00e3o da Vila Rio Branco. O projeto, uma contrapartida, est\u00e1 sendo executado por um empreendimento pr\u00f3ximo, e conta com duplica\u00e7\u00e3o da via e implanta\u00e7\u00e3o de canteiro central.<br \/>\n<\/strong><\/p>\n<p><strong>A melhoria abrange o trecho entre a Pra\u00e7a Fam\u00edlia Messina e a Rua Francisco Carlos Pereira e tem como objetivo aliviar o tr\u00e1fego gerado por empreendimento<\/strong>. \u201cPara condi\u00e7\u00e3o de aprova\u00e7\u00e3o, foram buscadas medidas para mitiga\u00e7\u00e3o do tr\u00e1fego gerado, o que vai garantir a seguran\u00e7a e fluidez das duas correntes de fluxo da via\u201d, explicou o diretor de tr\u00e2nsito, Rog\u00e9rio Alves.<\/p>\n<p><strong>LEIA TAMB\u00c9M<br \/>\n<a href=\"https:\/\/jundiai.sp.gov.br\/noticias\/2015\/11\/19\/setransp-instala-semaforo-no-parque-cidade-jardim\/\" target=\"_blank\">Setransp instala sem\u00e1foro no Parque Cidade Jardim<\/a><br \/>\n<a href=\"https:\/\/jundiai.sp.gov.br\/noticias\/2015\/11\/13\/obras-de-infraestrutura-na-estancia-alpina-avancam\/\" target=\"_blank\">Obras de infraestrutura na Est\u00e2ncia Alpina avan\u00e7am<\/a><br \/>\n<a href=\"https:\/\/jundiai.sp.gov.br\/noticias\/2015\/11\/17\/associacao-de-moradores-do-mato-dentro-busca-arrecadar-fundos\/\" target=\"_blank\">Associa\u00e7\u00e3o de Moradores do Mato Dentro busca arrecadar fundos<\/a><\/strong><\/p>\n<div id=\"attachment_161448\" style=\"width: 410px\" class=\"wp-caption alignleft\"><a href=\"https:\/\/jundiai.sp.gov.br\/noticias\/wp-content\/uploads\/sites\/32\/2015\/11\/duplicacao_rua_tiradentes_2G-1.jpg\"><img loading=\"lazy\" decoding=\"async\" aria-describedby=\"caption-attachment-161448\" src=\"https:\/\/jundiai.sp.gov.br\/noticias\/wp-content\/uploads\/sites\/32\/2015\/11\/duplicacao_rua_tiradentes_2G-1.jpg\" alt=\"A via passa por obras, que melhorar\u00e3o a fluidez do tr\u00e2nsito\" width=\"400\" height=\"400\" class=\"size-full wp-image-161448\" \/><\/a><p id=\"caption-attachment-161448\" class=\"wp-caption-text\">A via passa por obras, que melhorar\u00e3o a fluidez do tr\u00e2nsito<\/p><\/div>\n<p><strong>A via receber\u00e1 duplica\u00e7\u00e3o em cerca de 700 metros de sua extens\u00e3o, al\u00e9m da implanta\u00e7\u00e3o de 1947m\u00b2 de nova sinaliza\u00e7\u00e3o de solo, que inclui pintura de faixa de travessia para pedestres, canaliza\u00e7\u00f5es, zebrados, faixas de Pare, etc. Ainda ser\u00e3o implantadas novas 169 placas.<\/strong><\/p>\n<p>Al\u00e9m da duplica\u00e7\u00e3o da rua e da coloca\u00e7\u00e3o de canteiro central,<strong> a Prefeitura garantiu no projeto a condi\u00e7\u00e3o de estacionamento em um lado da via<\/strong>. \u201cConforme determina\u00e7\u00e3o do prefeito, n\u00f3s garantimos essas vagas, facilitando o acesso para os com\u00e9rcios locais\u201d, completou o diretor.<\/p>\n<p><em><strong>Assessoria de Imprensa<br \/>\nFoto: Fot\u00f3grafos PMJ<\/strong><\/em><\/p>\n","protected":false},"excerpt":{"rendered":"<p>A Prefeitura de Jundia\u00ed, por meio da Secretaria de Obras com apoio da Secretaria de Transportes, est\u00e1 realizando diversas melhorias na rua Tiradentes, na regi\u00e3o da Vila Rio Branco. O projeto, uma contrapartida, est\u00e1 sendo executado por um empreendimento pr\u00f3ximo, e conta com duplica\u00e7\u00e3o da via e implanta\u00e7\u00e3o de canteiro central. A melhoria abrange o [&hellip;]<\/p>\n","protected":false},"author":21,"featured_media":0,"comment_status":"closed","ping_status":"closed","sticky":false,"template":"","format":"standard","meta":{"footnotes":""},"categories":[2],"tags":[347,338],"ods":[],"class_list":["post-161445","post","type-post","status-publish","format-standard","hentry","category-noticias","tag-obras","tag-transportes"],"_links":{"self":[{"href":"https:\/\/jundiai.sp.gov.br\/noticias\/wp-json\/wp\/v2\/posts\/161445","targetHints":{"allow":["GET"]}}],"collection":[{"href":"https:\/\/jundiai.sp.gov.br\/noticias\/wp-json\/wp\/v2\/posts"}],"about":[{"href":"https:\/\/jundiai.sp.gov.br\/noticias\/wp-json\/wp\/v2\/types\/post"}],"author":[{"embeddable":true,"href":"https:\/\/jundiai.sp.gov.br\/noticias\/wp-json\/wp\/v2\/users\/21"}],"replies":[{"embeddable":true,"href":"https:\/\/jundiai.sp.gov.br\/noticias\/wp-json\/wp\/v2\/comments?post=161445"}],"version-history":[{"count":3,"href":"https:\/\/jundiai.sp.gov.br\/noticias\/wp-json\/wp\/v2\/posts\/161445\/revisions"}],"predecessor-version":[{"id":161451,"href":"https:\/\/jundiai.sp.gov.br\/noticias\/wp-json\/wp\/v2\/posts\/161445\/revisions\/161451"}],"wp:attachment":[{"href":"https:\/\/jundiai.sp.gov.br\/noticias\/wp-json\/wp\/v2\/media?parent=161445"}],"wp:term":[{"taxonomy":"category","embeddable":true,"href":"https:\/\/jundiai.sp.gov.br\/noticias\/wp-json\/wp\/v2\/categories?post=161445"},{"taxonomy":"post_tag","embeddable":true,"href":"https:\/\/jundiai.sp.gov.br\/noticias\/wp-json\/wp\/v2\/tags?post=161445"},{"taxonomy":"ods","embeddable":true,"href":"https:\/\/jundiai.sp.gov.br\/noticias\/wp-json\/wp\/v2\/ods?post=161445"}],"curies":[{"name":"wp","href":"https:\/\/api.w.org\/{rel}","templated":true}]}}