{"id":161536,"date":"2015-11-19T18:38:16","date_gmt":"2015-11-19T20:38:16","guid":{"rendered":"https:\/\/jundiai.sp.gov.br\/noticias\/?p=161536"},"modified":"2016-11-04T13:07:53","modified_gmt":"2016-11-04T15:07:53","slug":"prefeitura-inicia-revitalizacao-de-praca-no-vianelo","status":"publish","type":"post","link":"https:\/\/jundiai.sp.gov.br\/noticias\/2015\/11\/19\/prefeitura-inicia-revitalizacao-de-praca-no-vianelo\/","title":{"rendered":"Prefeitura inicia revitaliza\u00e7\u00e3o de pra\u00e7a no Vianelo"},"content":{"rendered":"<p><strong>A Prefeitura de Jundia\u00ed iniciou nesta semana a revitaliza\u00e7\u00e3o da pra\u00e7a Francisco Fernandes Pessolano, no Vianelo. O local, onde \u00e9 realizada a feira livre aos s\u00e1bados, vai receber diversas melhorias.<\/strong><\/p>\n<p>A readequa\u00e7\u00e3o do espa\u00e7o, feita pela Secretaria de Servi\u00e7os P\u00fablicos, vai contar com <strong>nova ilumina\u00e7\u00e3o, piso refor\u00e7ado para suportar o peso dos caminh\u00f5es que por ali passam por conta da feira, paisagismo, playground, academia ao ar livre e poda de \u00e1rvores<\/strong>.<\/p>\n<p><strong>LEIA TAMB\u00c9M<br \/>\n<a href=\"https:\/\/jundiai.sp.gov.br\/noticias\/2015\/11\/19\/projeto-de-duplicacao-da-rua-tiradentes-avanca\/\" target=\"_blank\">Projeto de duplica\u00e7\u00e3o da rua Tiradentes avan\u00e7a<\/a><br \/>\n<a href=\"https:\/\/jundiai.sp.gov.br\/noticias\/2015\/11\/19\/pedestres-ganham-calcada-na-geraldo-dias\/\" target=\"_blank\">Demanda antiga, pedestres ganham cal\u00e7ada na Rodovia Geraldo Dias<\/a><\/strong><\/p>\n<div id=\"attachment_161537\" style=\"width: 730px\" class=\"wp-caption aligncenter\"><a href=\"https:\/\/jundiai.sp.gov.br\/noticias\/wp-content\/uploads\/sites\/32\/2015\/11\/revitalizacao_praca_vianelo_P19G.jpg\"><img loading=\"lazy\" decoding=\"async\" aria-describedby=\"caption-attachment-161537\" src=\"https:\/\/jundiai.sp.gov.br\/noticias\/wp-content\/uploads\/sites\/32\/2015\/11\/revitalizacao_praca_vianelo_P19G-720x483.jpg\" alt=\"Local vai receber diversas melhorias\" width=\"720\" height=\"483\" class=\"size-large wp-image-161537\" srcset=\"https:\/\/jundiai.sp.gov.br\/noticias\/wp-content\/uploads\/sites\/32\/2015\/11\/revitalizacao_praca_vianelo_P19G-720x483.jpg 720w, https:\/\/jundiai.sp.gov.br\/noticias\/wp-content\/uploads\/sites\/32\/2015\/11\/revitalizacao_praca_vianelo_P19G-300x201.jpg 300w, https:\/\/jundiai.sp.gov.br\/noticias\/wp-content\/uploads\/sites\/32\/2015\/11\/revitalizacao_praca_vianelo_P19G.jpg 1240w\" sizes=\"auto, (max-width: 720px) 100vw, 720px\" \/><\/a><p id=\"caption-attachment-161537\" class=\"wp-caption-text\">Local vai receber diversas melhorias<\/p><\/div>\n<p>De acordo com o diretor da Unidade de Servi\u00e7os Centro, Leandro Galli, os <strong>feirantes foram convidados para uma conversa na qual toda a obra foi explicada. &#8220;Para n\u00e3o prejudicar o trabalho realizado por eles, a ideia \u00e9 concluir o servi\u00e7o o quanto antes&#8221;<\/strong>, afirmou.<\/p>\n<p><div id=\"attachment_161541\" style=\"width: 410px\" class=\"wp-caption alignleft\"><a href=\"https:\/\/jundiai.sp.gov.br\/noticias\/wp-content\/uploads\/sites\/32\/2015\/11\/revitalizacao_praca_vianelo_P45G.jpg\"><img loading=\"lazy\" decoding=\"async\" aria-describedby=\"caption-attachment-161541\" src=\"https:\/\/jundiai.sp.gov.br\/noticias\/wp-content\/uploads\/sites\/32\/2015\/11\/revitalizacao_praca_vianelo_P45G-720x538.jpg\" alt=\"Leandro explica que feira continuar\u00e1 sendo realizada normalmente \" width=\"400\" height=\"350\" class=\"size-large wp-image-161541\" \/><\/a><p id=\"caption-attachment-161541\" class=\"wp-caption-text\">Leandro explica que feira vai continuar sendo realizada normalmente<br \/><\/p><\/div>E, para que a feira organizada pela Secretaria de Agricultura, Abastecimento e Turismo siga normalmente aos s\u00e1bados, uma <strong>parte da pra\u00e7a segue sendo usada pelos feirantes e os demais se dividir\u00e3o entre as ruas Fortunato Mori e Jo\u00e3o Scabin<\/strong>.<\/p>\n<p>&#8220;A <strong>demanda era antiga tanto de quem trabalha no local quanto de quem mora na regi\u00e3o<\/strong>&#8220;, destacou o diretor da Secretaria de Servi\u00e7os P\u00fablicos, Lucas Aparecido Rodrigues.<\/p>\n<p><strong><em>Luana Dias<br \/>\nFotos: Paulo Gr\u00e9gio<\/em><\/strong><\/p>\n","protected":false},"excerpt":{"rendered":"<p>A Prefeitura de Jundia\u00ed iniciou nesta semana a revitaliza\u00e7\u00e3o da pra\u00e7a Francisco Fernandes Pessolano, no Vianelo. O local, onde \u00e9 realizada a feira livre aos s\u00e1bados, vai receber diversas melhorias. A readequa\u00e7\u00e3o do espa\u00e7o, feita pela Secretaria de Servi\u00e7os P\u00fablicos, vai contar com nova ilumina\u00e7\u00e3o, piso refor\u00e7ado para suportar o peso dos caminh\u00f5es que por [&hellip;]<\/p>\n","protected":false},"author":14,"featured_media":0,"comment_status":"closed","ping_status":"closed","sticky":false,"template":"","format":"standard","meta":{"footnotes":""},"categories":[2],"tags":[41,403,341],"ods":[],"class_list":["post-161536","post","type-post","status-publish","format-standard","hentry","category-noticias","tag-agricultura-abastecimento-e-turismo","tag-revitalizacao","tag-servicos-publicos"],"_links":{"self":[{"href":"https:\/\/jundiai.sp.gov.br\/noticias\/wp-json\/wp\/v2\/posts\/161536","targetHints":{"allow":["GET"]}}],"collection":[{"href":"https:\/\/jundiai.sp.gov.br\/noticias\/wp-json\/wp\/v2\/posts"}],"about":[{"href":"https:\/\/jundiai.sp.gov.br\/noticias\/wp-json\/wp\/v2\/types\/post"}],"author":[{"embeddable":true,"href":"https:\/\/jundiai.sp.gov.br\/noticias\/wp-json\/wp\/v2\/users\/14"}],"replies":[{"embeddable":true,"href":"https:\/\/jundiai.sp.gov.br\/noticias\/wp-json\/wp\/v2\/comments?post=161536"}],"version-history":[{"count":4,"href":"https:\/\/jundiai.sp.gov.br\/noticias\/wp-json\/wp\/v2\/posts\/161536\/revisions"}],"predecessor-version":[{"id":161547,"href":"https:\/\/jundiai.sp.gov.br\/noticias\/wp-json\/wp\/v2\/posts\/161536\/revisions\/161547"}],"wp:attachment":[{"href":"https:\/\/jundiai.sp.gov.br\/noticias\/wp-json\/wp\/v2\/media?parent=161536"}],"wp:term":[{"taxonomy":"category","embeddable":true,"href":"https:\/\/jundiai.sp.gov.br\/noticias\/wp-json\/wp\/v2\/categories?post=161536"},{"taxonomy":"post_tag","embeddable":true,"href":"https:\/\/jundiai.sp.gov.br\/noticias\/wp-json\/wp\/v2\/tags?post=161536"},{"taxonomy":"ods","embeddable":true,"href":"https:\/\/jundiai.sp.gov.br\/noticias\/wp-json\/wp\/v2\/ods?post=161536"}],"curies":[{"name":"wp","href":"https:\/\/api.w.org\/{rel}","templated":true}]}}