{"id":161585,"date":"2015-11-20T18:11:39","date_gmt":"2015-11-20T20:11:39","guid":{"rendered":"https:\/\/jundiai.sp.gov.br\/noticias\/?p=161585"},"modified":"2016-11-04T13:07:56","modified_gmt":"2016-11-04T15:07:56","slug":"prefeito-recebe-ministro-e-comemora-conquista-de-mais-r-10-milhoes","status":"publish","type":"post","link":"https:\/\/jundiai.sp.gov.br\/noticias\/2015\/11\/20\/prefeito-recebe-ministro-e-comemora-conquista-de-mais-r-10-milhoes\/","title":{"rendered":"Prefeito assina conv\u00eanio de mais de R$ 10 milh\u00f5es"},"content":{"rendered":"<p><iframe loading=\"lazy\" class=\"alignright\" src=\"https:\/\/www.youtube.com\/embed\/ZvrL_V8cy7U\" width=\"420\" height=\"315\" frameborder=\"0\" allowfullscreen=\"allowfullscreen\"><\/iframe><strong>O\u00a0<a href=\"https:\/\/jundiai.sp.gov.br\/gabinete\/\" target=\"_blank\">prefeito Pedro Bigardi<\/a>\u00a0recebeu nesta sexta-feira (20) o ministro das Cidades, Gilberto Kassab, para a assinatura de um conv\u00eanio entre a Prefeitura de Jundia\u00ed e o governo federal no valor de R$ 10 milh\u00f5es. Os recursos ser\u00e3o destinados para obras de infraestrutura em oito loteamentos na regi\u00e3o noroeste da cidade. Ao todo, as obras v\u00e3o atender 750 lotes, beneficiando diretamente cerca de 3 mil pessoas.<\/strong><\/p>\n<p><strong><a href=\"https:\/\/www.flickr.com\/photos\/prefeituradejundiai\/albums\/72157660718216199\" target=\"_blank\">CONFIRA AS FOTOS DO EVENTO<\/a><\/strong><\/p>\n<p>\u201cNum momento t\u00e3o dif\u00edcil da economia, n\u00e3o t\u00ednhamos tanta expectativa de receber esse recurso agora. Mas o ministro foi sens\u00edvel ao nosso apelo\u201d, disse o prefeito aos moradores que lotaram o audit\u00f3rio do Pa\u00e7o Municipal na tarde do feriado do Dia da Consci\u00eancia Negra.<\/p>\n<p>Ele lembrou que essa \u00e9 uma demanda antiga das comunidades desses bairros. \u201c\u00c9 uma quest\u00e3o de honra fazer esses benef\u00edcios para os loteamentos que t\u00eam infraestrutura prec\u00e1ria. \u00c9 um dia especial para todos n\u00f3s. Fico muito feliz em poder atender a expectativa dessas comunidades que lutaram e esperaram tanto tempo por essas melhorias.\u201d<\/p>\n<p><strong>LEIA TAMB\u00c9M<br \/>\n<a href=\"https:\/\/jundiai.sp.gov.br\/noticias\/2015\/11\/19\/projeto-de-duplicacao-da-rua-tiradentes-avanca\/\" target=\"_blank\">Projeto de duplica\u00e7\u00e3o da rua Tiradentes avan\u00e7a<\/a><br \/>\n<a href=\"https:\/\/jundiai.sp.gov.br\/noticias\/2015\/11\/19\/pedestres-ganham-calcada-na-geraldo-dias\/\" target=\"_blank\">Demanda antiga, pedestres ganham cal\u00e7ada na Rodovia Geraldo Dias<\/a><\/strong><\/p>\n<div id=\"attachment_161586\" style=\"width: 730px\" class=\"wp-caption aligncenter\"><a href=\"https:\/\/jundiai.sp.gov.br\/noticias\/wp-content\/uploads\/sites\/32\/2015\/11\/CDA9742_G.jpg\"><img loading=\"lazy\" decoding=\"async\" aria-describedby=\"caption-attachment-161586\" class=\"size-full wp-image-161586\" src=\"https:\/\/jundiai.sp.gov.br\/noticias\/wp-content\/uploads\/sites\/32\/2015\/11\/CDA9742_G.jpg\" alt=\"Pedro Bigardi recebe Kassab para assinatura de conv\u00eanio\" width=\"720\" height=\"513\" \/><\/a><p id=\"caption-attachment-161586\" class=\"wp-caption-text\">Pedro Bigardi recebe Kassab para assinatura de conv\u00eanio<\/p><\/div>\n<p><strong>Os recursos s\u00e3o provenientes do Programa de Acelera\u00e7\u00e3o do Crescimento (PAC 2) e ser\u00e3o investidos em galerias pluviais, esgoto, rede de \u00e1gua, arruamento e asfalto. O projeto prev\u00ea 65 mil metros quadrados de asfalto, 5 mil metros de rede de drenagem e 3.800 metros de rede de esgoto. No total, o investimento ser\u00e1 de R$ 11,4 milh\u00f5es, sendo R$ 1,4 milh\u00e3o de contrapartida da Prefeitura.<\/strong><\/p>\n<p><strong>Os locais atendidos s\u00e3o<\/strong> Residencial \u00c1gua Viva, Jardim Santo Expedito, Loteamento \u00c1gua Doce, Ch\u00e1caras Santa Maria, Jardim Pellizzari, Loteamento Casa Branca e Jardim Palermo.<\/p>\n<p>O ministro Gilberto Kassab destacou a import\u00e2ncia de Jundia\u00ed para o desenvolvimento do Estado de S\u00e3o Paulo e o empenho do poder p\u00fablico municipal em potencializar os recursos recebidos. \u201cSei que esse benef\u00edcio \u00e9 muito importante n\u00e3o apenas para as pessoas que ser\u00e3o atendidas diretamente, mas tamb\u00e9m para toda a cidade. Espero que as obras fiquem prontas rapidamente. N\u00e3o h\u00e1 benef\u00edcio melhor que infraestrutura na porta de casa\u201d, ressaltou.<\/p>\n<div id=\"attachment_161587\" style=\"width: 730px\" class=\"wp-caption aligncenter\"><a href=\"https:\/\/jundiai.sp.gov.br\/noticias\/wp-content\/uploads\/sites\/32\/2015\/11\/CDA9840_G.jpg\"><img loading=\"lazy\" decoding=\"async\" aria-describedby=\"caption-attachment-161587\" class=\"size-full wp-image-161587\" src=\"https:\/\/jundiai.sp.gov.br\/noticias\/wp-content\/uploads\/sites\/32\/2015\/11\/CDA9840_G.jpg\" alt=\"Kassab, Bigardi e Guilherme Campos: obras v\u00e3o beneficiar cerca de 3 mil pessoas\" width=\"720\" height=\"513\" \/><\/a><p id=\"caption-attachment-161587\" class=\"wp-caption-text\">Kassab, Bigardi e Guilherme Campos: obras v\u00e3o beneficiar cerca de 3 mil pessoas<\/p><\/div>\n<p>O secret\u00e1rio de Obras, Jos\u00e9 Roberto Aprillanti J\u00fanior, informou que o pr\u00f3ximo passo \u00e9 abrir a licita\u00e7\u00e3o para execu\u00e7\u00e3o da obra. A expectativa \u00e9 de que elas comecem no primeiro trimestre do ano que vem.<\/p>\n<p>O vereador Jos\u00e9 Dias participou do evento representando a C\u00e2mara Municipal. O evento contou ainda com a participa\u00e7\u00e3o do vereador Ant\u00f4nio de P\u00e1dua Pacheco, dos secret\u00e1rios municipais Daniela da Camara (Planejamento e Meio Ambiente), Wilson Folgozi (Transportes), Lir\u00e1ucio Tarini (Rela\u00e7\u00f5es Institucionais), Marcos Brunholi (Agricultura, Abastecimento e Turismo), Cristiano Lopes (Esportes e Lazer), Edson Aparecido (Neg\u00f3cios Jur\u00eddicos), Mary Fornari Marinho (Gest\u00e3o de Pessoas) e Marcelo Lo Monaco (Escola de Governo).<\/p>\n<p><strong>A cerim\u00f4nia tamb\u00e9m contou com a presen\u00e7a do superintende da DAE, Maur\u00edcio Pereira, do superintendente da Caixa Econ\u00f4mica Federal, Henrique Parra Parra, e do ex-deputado Guilherme Campos.<\/strong><\/p>\n<p><em><strong>Niza Souza<\/strong><\/em><br \/>\n<em><strong> Fotos: Cleber de Almeida<\/strong><\/em><\/p>\n","protected":false},"excerpt":{"rendered":"<p>O ministro, Gilberto Kassab, foi recebido em Jundia\u00ed pelo prefeito Pedro Bigardi; ao todo, as obras v\u00e3o atender 750 lotes<\/p>\n","protected":false},"author":11,"featured_media":161588,"comment_status":"closed","ping_status":"closed","sticky":false,"template":"","format":"standard","meta":{"footnotes":""},"categories":[2],"tags":[347,18,58],"ods":[],"class_list":["post-161585","post","type-post","status-publish","format-standard","has-post-thumbnail","hentry","category-noticias","tag-obras","tag-pavimentacao-e-drenagem","tag-prefeito"],"_links":{"self":[{"href":"https:\/\/jundiai.sp.gov.br\/noticias\/wp-json\/wp\/v2\/posts\/161585","targetHints":{"allow":["GET"]}}],"collection":[{"href":"https:\/\/jundiai.sp.gov.br\/noticias\/wp-json\/wp\/v2\/posts"}],"about":[{"href":"https:\/\/jundiai.sp.gov.br\/noticias\/wp-json\/wp\/v2\/types\/post"}],"author":[{"embeddable":true,"href":"https:\/\/jundiai.sp.gov.br\/noticias\/wp-json\/wp\/v2\/users\/11"}],"replies":[{"embeddable":true,"href":"https:\/\/jundiai.sp.gov.br\/noticias\/wp-json\/wp\/v2\/comments?post=161585"}],"version-history":[{"count":13,"href":"https:\/\/jundiai.sp.gov.br\/noticias\/wp-json\/wp\/v2\/posts\/161585\/revisions"}],"predecessor-version":[{"id":161913,"href":"https:\/\/jundiai.sp.gov.br\/noticias\/wp-json\/wp\/v2\/posts\/161585\/revisions\/161913"}],"wp:featuredmedia":[{"embeddable":true,"href":"https:\/\/jundiai.sp.gov.br\/noticias\/wp-json\/wp\/v2\/media\/161588"}],"wp:attachment":[{"href":"https:\/\/jundiai.sp.gov.br\/noticias\/wp-json\/wp\/v2\/media?parent=161585"}],"wp:term":[{"taxonomy":"category","embeddable":true,"href":"https:\/\/jundiai.sp.gov.br\/noticias\/wp-json\/wp\/v2\/categories?post=161585"},{"taxonomy":"post_tag","embeddable":true,"href":"https:\/\/jundiai.sp.gov.br\/noticias\/wp-json\/wp\/v2\/tags?post=161585"},{"taxonomy":"ods","embeddable":true,"href":"https:\/\/jundiai.sp.gov.br\/noticias\/wp-json\/wp\/v2\/ods?post=161585"}],"curies":[{"name":"wp","href":"https:\/\/api.w.org\/{rel}","templated":true}]}}