{"id":161616,"date":"2015-11-22T16:16:16","date_gmt":"2015-11-22T18:16:16","guid":{"rendered":"https:\/\/jundiai.sp.gov.br\/noticias\/?p=161616"},"modified":"2016-11-04T13:07:56","modified_gmt":"2016-11-04T15:07:56","slug":"prefeito-inaugura-ponte-que-liga-novo-horizonte-ao-tulipas","status":"publish","type":"post","link":"https:\/\/jundiai.sp.gov.br\/noticias\/2015\/11\/22\/prefeito-inaugura-ponte-que-liga-novo-horizonte-ao-tulipas\/","title":{"rendered":"Prefeito inaugura ponte que liga Novo Horizonte ao Tulipas"},"content":{"rendered":"<p><iframe loading=\"lazy\" class=\"alignright\" width=\"420\" height=\"315\" src=\"https:\/\/www.youtube.com\/embed\/rW0n9HcHRAM\" frameborder=\"0\" allowfullscreen><\/iframe><strong>A manh\u00e3 deste domingo (21) foi de festa para os moradores do Vetor Oeste, que recebeu mais uma obra realizada pela Prefeitura de Jundia\u00ed. Com a presen\u00e7a da popula\u00e7\u00e3o e de autoridades, o prefeito Pedro Bigardi inaugurou oficialmente a ponte que liga o Jardim Tulipas ao Novo Horizonte e que vai melhorar a mobilidade urbana naquela regi\u00e3o.<\/strong><\/p>\n<p>O investimento de R$ 3,6 milh\u00f5es se soma ao de outras obras de melhoria j\u00e1 entregues ou em andamento na regi\u00e3o, como a constru\u00e7\u00e3o da Unidade de Pronto-Atendimento (UPA), atingindo cerca de R$ 150 milh\u00f5es apenas na atual administra\u00e7\u00e3o.<\/p>\n<p>\u201cA regi\u00e3o oeste tinha uma demanda reprimida de investimentos e uma das metas do nosso governo \u00e9 justamente atender quem mais precisa. Temos um compromisso com a comunidade\u201d, destacou o prefeito, ao lado da primeira-dama e presidente do <strong><a href=\"https:\/\/www.facebook.com\/fundosocialsolidariedadedejundiai\/?fref=ts\" target=\"_blank\">Fundo Social de Solidariedade<\/a><\/strong>, Margarete Geraldo Bigardi.<\/p>\n<p><strong>LEIA MAIS<br \/>\n<a href=\"https:\/\/jundiai.sp.gov.br\/noticias\/2015\/11\/21\/prefeito-entrega-matriculas-no-loteamento-nami-azem\/\" target=\"_blank\">Prefeito entrega matr\u00edculas no loteamento Nami Azem<\/a><\/strong><\/p>\n<div id=\"attachment_161617\" style=\"width: 1250px\" class=\"wp-caption aligncenter\"><a href=\"https:\/\/jundiai.sp.gov.br\/noticias\/wp-content\/uploads\/sites\/32\/2015\/11\/CDA0253_G.jpg\"><img loading=\"lazy\" decoding=\"async\" aria-describedby=\"caption-attachment-161617\" class=\"size-full wp-image-161617\" src=\"https:\/\/jundiai.sp.gov.br\/noticias\/wp-content\/uploads\/sites\/32\/2015\/11\/CDA0253_G.jpg\" alt=\"Prefeito entregou oficialmente a obra para a popula\u00e7\u00e3o\" width=\"1240\" height=\"827\" srcset=\"https:\/\/jundiai.sp.gov.br\/noticias\/wp-content\/uploads\/sites\/32\/2015\/11\/CDA0253_G.jpg 1240w, https:\/\/jundiai.sp.gov.br\/noticias\/wp-content\/uploads\/sites\/32\/2015\/11\/CDA0253_G-300x200.jpg 300w, https:\/\/jundiai.sp.gov.br\/noticias\/wp-content\/uploads\/sites\/32\/2015\/11\/CDA0253_G-720x480.jpg 720w\" sizes=\"auto, (max-width: 1240px) 100vw, 1240px\" \/><\/a><p id=\"caption-attachment-161617\" class=\"wp-caption-text\">Prefeito entregou oficialmente a obra para a popula\u00e7\u00e3o<\/p><\/div>\n<p>De acordo com Bigardi, a ponte entregue neste domingo vai melhorar muito a mobilidade entre os bairros da regi\u00e3o. \u201cOs moradores do Novo Horizonte ter\u00e3o mais facilidade para ir at\u00e9 o Parque do Tulipas, por exemplo, e quando a UPA estiver pronta, os moradores do Tulipas vir\u00e3o para o Novo Horizonte com maior rapidez\u201d, comentou o prefeito.<\/p>\n<p><strong>O prefeito destacou ainda algumas obras entregues, como o asfalto da avenida Daniel Pellizari e de parte da rua Oito, e outras em andamento, como a constru\u00e7\u00e3o de 1.088 apartamentos de interesse social, o que vai receber moradores hoje est\u00e3o em \u00e1reas que ser\u00e3o abertas para a reurbaniza\u00e7\u00e3o do bairro.<\/strong><\/p>\n<p>\u201cMas n\u00e3o fizemos apenas a habita\u00e7\u00e3o. Temos preocupa\u00e7\u00e3o com o social. Junto com as novas moradias tamb\u00e9m estamos fazendo novas escolas para receber a demanda, e a UPA, na \u00e1rea da sa\u00fade\u201d, complementou.<\/p>\n<p><strong><a href=\"https:\/\/www.flickr.com\/photos\/prefeituradejundiai\/sets\/72157659174351854\" target=\"_blank\">CONFIRA AS FOTOS DA INAUGURA\u00c7\u00c3O<\/a><\/strong><\/p>\n<div id=\"attachment_161619\" style=\"width: 340px\" class=\"wp-caption alignleft\"><a href=\"https:\/\/jundiai.sp.gov.br\/noticias\/wp-content\/uploads\/sites\/32\/2015\/11\/CDA0143_G.jpg\"><img loading=\"lazy\" decoding=\"async\" aria-describedby=\"caption-attachment-161619\" class=\"size-full wp-image-161619\" src=\"https:\/\/jundiai.sp.gov.br\/noticias\/wp-content\/uploads\/sites\/32\/2015\/11\/CDA0143_G.jpg\" alt=\"Cerim\u00f4nia reuniu autoridades e moradores neste domingo\" width=\"330\" height=\"370\" \/><\/a><p id=\"caption-attachment-161619\" class=\"wp-caption-text\">Cerim\u00f4nia reuniu autoridades e moradores neste domingo<\/p><\/div>\n<p>A ponte tem 20mX40m e conta com ciclovia e passeio para pedestres, que at\u00e9 ent\u00e3o faziam a travessia a p\u00e9 sobre o rio por uma ponte prec\u00e1ria, de madeira. \u201cAtualmente, quem vem do Centro precisa pegar a rodovia Dom Gabriel para chegar ao Novo Horizonte. Com essa alternativa, ser\u00e1 mais f\u00e1cil chegar ao bairro. E essa \u00e9 a regi\u00e3o com maior potencial de expans\u00e3o da cidade. Temos de pensar no futuro\u201d, disse o secret\u00e1rio de Obras, Jos\u00e9 Roberto Aprillanti J\u00fanior.<\/p>\n<p>Coordenador do Coletivo Vetor Oeste, o morador Edicarlos Vieira lembrou a dificuldade de acesso entre os bairros e destacou os investimentos que a regi\u00e3o vem recebendo nos \u00faltimos anos. \u201cEstamos deixando de ser uma regi\u00e3o invis\u00edvel. S\u00e3o cerca de R$ 150 milh\u00f5es de investimentos no Vetor Oeste. \u00c9 muita coisa. E essa ponte \u00e9 um grande presente para a popula\u00e7\u00e3o\u201d, ressaltou.<\/p>\n<p><strong>Participaram ainda da cerim\u00f4nia<\/strong> os vereadores Marcelo Gastaldo, presidente da C\u00e2mara, Eliezer Barbosa e Valdeci Vilar. Al\u00e9m do vice-prefeito Durval Orlato e dos secret\u00e1rios Wilson Folgozi (Transportes), Daniela da Camara (Planejamento e Meio Ambiente), Marcos Brunholi (Agricultura, Abastecimento e Turismo), Renato Polli (Educa\u00e7\u00e3o), Cristiano Lopes (Esportes e Lazer), Lira\u00facio Tarini (Rela\u00e7\u00f5es Institucionais), Alan Piccolo (chefe de Gabinete), Jos\u00e9 Carlos Pires (GGIM), Jos\u00e9 Roberto Ferraz (Guarda Municipal) e Marcelo Lo Monaco (Escola de Governo).<\/p>\n<p><em><strong>Niza Souza<br \/>\nFotos: Cleber de Almeida<\/strong><\/em><\/p>\n","protected":false},"excerpt":{"rendered":"<p>A obra entregue neste domingo vai melhorar muito a mobilidade entre os bairros da regi\u00e3o<\/p>\n","protected":false},"author":11,"featured_media":161625,"comment_status":"closed","ping_status":"closed","sticky":false,"template":"","format":"standard","meta":{"footnotes":""},"categories":[2],"tags":[347,18,58],"ods":[],"class_list":["post-161616","post","type-post","status-publish","format-standard","has-post-thumbnail","hentry","category-noticias","tag-obras","tag-pavimentacao-e-drenagem","tag-prefeito"],"_links":{"self":[{"href":"https:\/\/jundiai.sp.gov.br\/noticias\/wp-json\/wp\/v2\/posts\/161616","targetHints":{"allow":["GET"]}}],"collection":[{"href":"https:\/\/jundiai.sp.gov.br\/noticias\/wp-json\/wp\/v2\/posts"}],"about":[{"href":"https:\/\/jundiai.sp.gov.br\/noticias\/wp-json\/wp\/v2\/types\/post"}],"author":[{"embeddable":true,"href":"https:\/\/jundiai.sp.gov.br\/noticias\/wp-json\/wp\/v2\/users\/11"}],"replies":[{"embeddable":true,"href":"https:\/\/jundiai.sp.gov.br\/noticias\/wp-json\/wp\/v2\/comments?post=161616"}],"version-history":[{"count":9,"href":"https:\/\/jundiai.sp.gov.br\/noticias\/wp-json\/wp\/v2\/posts\/161616\/revisions"}],"predecessor-version":[{"id":183833,"href":"https:\/\/jundiai.sp.gov.br\/noticias\/wp-json\/wp\/v2\/posts\/161616\/revisions\/183833"}],"wp:featuredmedia":[{"embeddable":true,"href":"https:\/\/jundiai.sp.gov.br\/noticias\/wp-json\/wp\/v2\/media\/161625"}],"wp:attachment":[{"href":"https:\/\/jundiai.sp.gov.br\/noticias\/wp-json\/wp\/v2\/media?parent=161616"}],"wp:term":[{"taxonomy":"category","embeddable":true,"href":"https:\/\/jundiai.sp.gov.br\/noticias\/wp-json\/wp\/v2\/categories?post=161616"},{"taxonomy":"post_tag","embeddable":true,"href":"https:\/\/jundiai.sp.gov.br\/noticias\/wp-json\/wp\/v2\/tags?post=161616"},{"taxonomy":"ods","embeddable":true,"href":"https:\/\/jundiai.sp.gov.br\/noticias\/wp-json\/wp\/v2\/ods?post=161616"}],"curies":[{"name":"wp","href":"https:\/\/api.w.org\/{rel}","templated":true}]}}