{"id":161705,"date":"2015-11-23T17:46:46","date_gmt":"2015-11-23T19:46:46","guid":{"rendered":"https:\/\/jundiai.sp.gov.br\/noticias\/?p=161705"},"modified":"2016-11-04T13:08:01","modified_gmt":"2016-11-04T15:08:01","slug":"jundiai-promove-acoes-na-semana-estadual-de-controle-da-dengue","status":"publish","type":"post","link":"https:\/\/jundiai.sp.gov.br\/noticias\/2015\/11\/23\/jundiai-promove-acoes-na-semana-estadual-de-controle-da-dengue\/","title":{"rendered":"Jundia\u00ed promove a\u00e7\u00f5es na Semana Estadual de Controle da Dengue"},"content":{"rendered":"<p><strong>Com uma reuni\u00e3o entre representantes de munic\u00edpios da Aglomera\u00e7\u00e3o Urbana de Jundia\u00ed (AUJ), a Secretaria de Sa\u00fade deu in\u00edcio, nesta segunda-feira (23), \u00e0 Semana Estadual de Mobiliza\u00e7\u00e3o Social no Controle da Dengue. As a\u00e7\u00f5es na cidade continuam at\u00e9 esta sexta-feira (27), quando vai ser realizada uma mobiliza\u00e7\u00e3o na Pra\u00e7a Governador Pedro de Toledo, no Centro, das 9h \u00e0s 16h.<\/strong><\/p>\n<p>Segundo o gerente do Centro de Vigil\u00e2ncia e Controle de Zoonoses, Carlos Ozahata, o <strong>objetivo da semana \u00e9 estimular a participa\u00e7\u00e3o da popula\u00e7\u00e3o na elimina\u00e7\u00e3o de criadouros do <em>Aedes egypti<\/em>, o mosquito transmissor da dengue e de outras doen\u00e7as, como a chikungunya e o zika v\u00edrus<\/strong>.<\/p>\n<p><strong>LEIA TAMB\u00c9M<br \/>\n<a href=\"https:\/\/jundiai.sp.gov.br\/noticias\/2015\/11\/19\/jundiai-conquista-premio-brasil-sorridente\/\" target=\"_blank\">Jundia\u00ed conquista Pr\u00eamio Brasil Sorridente<\/a><br \/>\n<a href=\"https:\/\/jundiai.sp.gov.br\/noticias\/2015\/11\/24\/saude-apresenta-prestacao-de-contas-do-2o-quadrimestre\/\" target=\"_blank\">Sa\u00fade apresenta presta\u00e7\u00e3o de contas do 2\u00ba quadrimestre<\/a><br \/>\n<a href=\"https:\/\/jundiai.sp.gov.br\/noticias\/2015\/11\/23\/comeca-nesta-quarta-25-o-1o-forum-de-prevencao-de-violencia\/\" target=\"_blank\">Come\u00e7a nesta quarta (25) o 1\u00ba F\u00f3rum de Preven\u00e7\u00e3o de Viol\u00eancia<\/a><\/strong><\/p>\n<div id=\"attachment_161706\" style=\"width: 730px\" class=\"wp-caption aligncenter\"><a href=\"https:\/\/jundiai.sp.gov.br\/noticias\/wp-content\/uploads\/sites\/32\/2015\/11\/Reuniao_Dengue_A_0g.jpg\"><img loading=\"lazy\" decoding=\"async\" aria-describedby=\"caption-attachment-161706\" class=\"size-large wp-image-161706\" src=\"https:\/\/jundiai.sp.gov.br\/noticias\/wp-content\/uploads\/sites\/32\/2015\/11\/Reuniao_Dengue_A_0g-720x455.jpg\" alt=\"Reuni\u00e3o em Jundia\u00ed definiu a\u00e7\u00f5es articuladas entre as cidades da AUJ\" width=\"720\" height=\"455\" srcset=\"https:\/\/jundiai.sp.gov.br\/noticias\/wp-content\/uploads\/sites\/32\/2015\/11\/Reuniao_Dengue_A_0g-720x455.jpg 720w, https:\/\/jundiai.sp.gov.br\/noticias\/wp-content\/uploads\/sites\/32\/2015\/11\/Reuniao_Dengue_A_0g-300x190.jpg 300w, https:\/\/jundiai.sp.gov.br\/noticias\/wp-content\/uploads\/sites\/32\/2015\/11\/Reuniao_Dengue_A_0g.jpg 1240w\" sizes=\"auto, (max-width: 720px) 100vw, 720px\" \/><\/a><p id=\"caption-attachment-161706\" class=\"wp-caption-text\">Reuni\u00e3o em Jundia\u00ed definiu a\u00e7\u00f5es articuladas entre as cidades da AUJ<\/p><\/div>\n<p>Na reuni\u00e3o desta segunda-feira, al\u00e9m de Jundia\u00ed, participaram os munic\u00edpios de Campo Limpo Paulista, Cabre\u00fava e Louveira. \u201cFoi um <strong>encontro extremamente positivo. Ratificamos a posi\u00e7\u00e3o de cada cidade sobre as a\u00e7\u00f5es conjuntas no combate \u00e0 dengue e padronizamos algumas atividades<\/strong>\u201d, destacou Ozahata.<\/p>\n<p>Segundo ele, um dos principais objetivos \u00e9 <strong>manter esse canal de comunica\u00e7\u00e3o aberto entre os \u00f3rg\u00e3os de todas as cidades da AUJ, o que vai facilitar e agilizar a informa\u00e7\u00e3o<\/strong>. \u201cCom isso, podemos alcan\u00e7ar <strong>melhores resultados e interromper poss\u00edveis surtos da doen\u00e7a<\/strong>, especialmente nos bairros lim\u00edtrofes entre as cidades.\u201d<\/p>\n<p>Ozahata explicou ainda que os <strong>munic\u00edpios v\u00e3o rever alguns protocolos de a\u00e7\u00e3o em rela\u00e7\u00e3o \u00e0 dengue<\/strong>, desde <strong>atividades educativas e das visitas casa a casa<\/strong> at\u00e9 o <strong>uso de controle qu\u00edmico<\/strong>, definir <strong>em que situa\u00e7\u00e3o usar, qual o melhor veneno e hor\u00e1rio, articulando as a\u00e7\u00f5es para o melhor controle da doen\u00e7a<\/strong>.<\/p>\n<p>Vale destacar que <strong>o Centro de Zoonoses de Jundia\u00ed tem um trabalho permanente no controle e preven\u00e7\u00e3o da dengue, com visitas a im\u00f3veis especiais e pontos estrat\u00e9gicos, a\u00e7\u00f5es educativas, palestras<\/strong>, entre outras. A <strong>popula\u00e7\u00e3o tamb\u00e9m deve ficar atenta, eliminando poss\u00edveis criadouros do mosquito<\/strong>. &#8220;Este ano, <strong>em Jundia\u00ed<\/strong>, tivemos <strong>tr\u00eas meses sem notifica\u00e7\u00e3o de casos da doen\u00e7a, mas, em algumas cidades pr\u00f3ximas, como Campinas, n\u00e3o houve essa interrup\u00e7\u00e3o, o que preocupa muito. \u00c9 preciso redobrar os cuidados<\/strong>.&#8221;<\/p>\n<p><strong>A\u00e7\u00f5es educativas <\/strong><br \/>\nAo longo da semana, haver\u00e1 diversas atividades na cidade, especialmente com <strong>foco na conscientiza\u00e7\u00e3o e na preven\u00e7\u00e3o<\/strong>. O <strong>projeto Zooeduca vai estar na Emeb Cinira Cardona Mazalli, no Cidade Nova, nesta quarta-feira (24), e na Emeb Helena Galimbert, no Jardim Tamoio, nesta quinta-feira (25)<\/strong>.<\/p>\n<p>Ainda na <strong>quinta-feira (25), \u00e0s 19h<\/strong>, a equipe do Centro de Zoonoses faz <strong>palestra sobre o papel do cidad\u00e3o na preven\u00e7\u00e3o da dengue, durante a Jornada do Doador da Colsan, na <a href=\"http:\/\/www.jundiai.sp.leg.br\/\" target=\"_blank\">C\u00e2mara Municipal<\/a><\/strong>.<\/p>\n<p>E, nesta <strong>sexta-feira (27), encerrando a programa\u00e7\u00e3o, agentes de zoonoses v\u00e3o estar na Pra\u00e7a Governador Pedro de Toledo, no Centro, em uma atividade especial voltada para toda a popula\u00e7\u00e3o<\/strong>. Com <strong>exposi\u00e7\u00e3o de materiais educativos retratando o ciclo biol\u00f3gico do Aedes aegypti, transmiss\u00e3o do v\u00edrus, sintomas, criadouros e formas de transmiss\u00e3o.<\/strong><\/p>\n<p>Al\u00e9m disso, <strong>agentes comunit\u00e1rios de sa\u00fade <\/strong>tamb\u00e9m v\u00e3o promover a\u00e7\u00f5es educativas em seus bairros de a\u00e7\u00e3o. Entre os locais confirmados est\u00e3o: E<strong>loy Chaves, Vila Hortol\u00e2ndia, Jardim Novo Horizonte, Sarapiranga, Jardim Tamoio, Jardim Tulipas, Agapeama, Jardim Santa Gertrudes, Vila Ana, Vila Esperan\u00e7a, Ivoturucaia, Jardim S\u00e3o Camilo, Rio Acima, Corrupira, Morada das Vinhas, Parque Centen\u00e1rio, Vila Marlene e Vila Maring\u00e1<\/strong>.<\/p>\n<p><strong><em>Niza Souza<br \/>\nFoto: Alessandro Rosman<\/em><\/strong><\/p>\n","protected":false},"excerpt":{"rendered":"<p>MAIS SA\u00daDE: Come\u00e7a nesta quarta (25) o 1\u00ba F\u00f3rum de Preven\u00e7\u00e3o de Viol\u00eancia, a fim de ampliar o debate de a\u00e7\u00f5es p\u00fablicas de sa\u00fade<\/p>\n","protected":false},"author":14,"featured_media":130146,"comment_status":"closed","ping_status":"closed","sticky":false,"template":"","format":"standard","meta":{"footnotes":""},"categories":[2],"tags":[593,428,6,630,3,362,825],"ods":[],"class_list":["post-161705","post","type-post","status-publish","format-standard","has-post-thumbnail","hentry","category-noticias","tag-aglomeracao-urbana-de-jundiai-auj","tag-camara-municipal","tag-educacao","tag-emeb","tag-saude","tag-unidade-de-vigilancia-de-zoonoses","tag-zooeduca"],"_links":{"self":[{"href":"https:\/\/jundiai.sp.gov.br\/noticias\/wp-json\/wp\/v2\/posts\/161705","targetHints":{"allow":["GET"]}}],"collection":[{"href":"https:\/\/jundiai.sp.gov.br\/noticias\/wp-json\/wp\/v2\/posts"}],"about":[{"href":"https:\/\/jundiai.sp.gov.br\/noticias\/wp-json\/wp\/v2\/types\/post"}],"author":[{"embeddable":true,"href":"https:\/\/jundiai.sp.gov.br\/noticias\/wp-json\/wp\/v2\/users\/14"}],"replies":[{"embeddable":true,"href":"https:\/\/jundiai.sp.gov.br\/noticias\/wp-json\/wp\/v2\/comments?post=161705"}],"version-history":[{"count":8,"href":"https:\/\/jundiai.sp.gov.br\/noticias\/wp-json\/wp\/v2\/posts\/161705\/revisions"}],"predecessor-version":[{"id":161802,"href":"https:\/\/jundiai.sp.gov.br\/noticias\/wp-json\/wp\/v2\/posts\/161705\/revisions\/161802"}],"wp:featuredmedia":[{"embeddable":true,"href":"https:\/\/jundiai.sp.gov.br\/noticias\/wp-json\/wp\/v2\/media\/130146"}],"wp:attachment":[{"href":"https:\/\/jundiai.sp.gov.br\/noticias\/wp-json\/wp\/v2\/media?parent=161705"}],"wp:term":[{"taxonomy":"category","embeddable":true,"href":"https:\/\/jundiai.sp.gov.br\/noticias\/wp-json\/wp\/v2\/categories?post=161705"},{"taxonomy":"post_tag","embeddable":true,"href":"https:\/\/jundiai.sp.gov.br\/noticias\/wp-json\/wp\/v2\/tags?post=161705"},{"taxonomy":"ods","embeddable":true,"href":"https:\/\/jundiai.sp.gov.br\/noticias\/wp-json\/wp\/v2\/ods?post=161705"}],"curies":[{"name":"wp","href":"https:\/\/api.w.org\/{rel}","templated":true}]}}