{"id":162420,"date":"2015-11-28T19:36:34","date_gmt":"2015-11-28T21:36:34","guid":{"rendered":"https:\/\/jundiai.sp.gov.br\/noticias\/?p=162420"},"modified":"2016-11-04T13:09:04","modified_gmt":"2016-11-04T15:09:04","slug":"amigosgremio-eloy-leva-titulo-do-sub-15-da-copa-helio-maffia","status":"publish","type":"post","link":"https:\/\/jundiai.sp.gov.br\/noticias\/2015\/11\/28\/amigosgremio-eloy-leva-titulo-do-sub-15-da-copa-helio-maffia\/","title":{"rendered":"Amigos\/Gr\u00eamio Eloy leva t\u00edtulo do sub-15 da Copa H\u00e9lio Maffia"},"content":{"rendered":"<p><strong>Mais uma etapa do Campeonato Aberto de Futebol de Campo Trof\u00e9u \u201cHelio Maffia\u201d se encerrou neste s\u00e1bado (28). Em partida empolgante e equilibrada, o Amigos\/Gr\u00eamio Eloy levou o t\u00edtulo de campe\u00e3o sub-15, s\u00e9rie complexos esportivos, ap\u00f3s vencer o Rom\u00e3o de Souza por 5 a 4 nos p\u00eanaltis. O palco do duelo foi o Centro Esportivo Francisco Dal Santo.<\/strong><\/p>\n<p>O secret\u00e1rio de Esportes e Lazer, Cristiano Lopes, agradeceu todos os presentes e <strong>elogiou o trabalho dos times e envolvidos na organiza\u00e7\u00e3o do torneio<\/strong>. \u201cIndependentemente de quem foi campe\u00e3o, fico muito feliz por ver que o <strong>nosso objetivo foi alcan\u00e7ado: levar o esporte como forma de integra\u00e7\u00e3o e aprendizado.<\/strong> Tudo isso, claro, s\u00f3 foi poss\u00edvel porque todos aqui trabalharam duro para que tudo corresse bem, inclusive os atletas e os t\u00e9cnicos que nos presentearam com um \u00f3timo jogo onde a<strong> amizade e a competi\u00e7\u00e3o de forma saud\u00e1vel prevaleceram<\/strong>\u201d, explicou.<\/p>\n<p><strong>LEIA TAMB\u00c9M<br \/>\n<a href=\"https:\/\/jundiai.sp.gov.br\/noticias\/2015\/11\/28\/forca-jovem-universal-e-campeao-da-5o-copa-da-fe\/\" target=\"_blank\">For\u00e7a Jovem Universal \u00e9 campe\u00e3o da 5\u00ba Copa da F\u00e9<\/a><br \/>\n<a href=\"https:\/\/jundiai.sp.gov.br\/noticias\/2015\/11\/27\/handebol-de-jundiai-decide-paulista-juvenil-segunda-no-bolao\/\" target=\"_blank\">Handebol de Jundia\u00ed decide Paulista Juvenil segunda, no Bol\u00e3o<\/a><br \/>\n<a href=\"https:\/\/jundiai.sp.gov.br\/noticias\/2015\/11\/27\/energiza-jundiai-conscientiza-pacientes-sobre-novembro-azul\/\" target=\"_blank\">\u2018Energiza Jundia\u00ed\u2019 conscientiza pacientes sobre Novembro Azul<\/a><br \/>\n<a href=\"https:\/\/jundiai.sp.gov.br\/noticias\/2015\/11\/26\/parque-da-cidade-vai-ser-palco-do-2o-evento-de-stand-up-paddle\/\" target=\"_blank\">Parque da Cidade vai ser palco do 2\u00ba evento de \u2018Stand Up Paddle\u2019<\/a><\/strong><\/p>\n<div id=\"attachment_162429\" style=\"width: 730px\" class=\"wp-caption aligncenter\"><a href=\"https:\/\/jundiai.sp.gov.br\/noticias\/wp-content\/uploads\/sites\/32\/2015\/11\/Festa-dos-finalistas-ap\u00f3s-a-entrega-dos-trof\u00e9us.jpg\"><img loading=\"lazy\" decoding=\"async\" aria-describedby=\"caption-attachment-162429\" class=\"size-large wp-image-162429\" src=\"https:\/\/jundiai.sp.gov.br\/noticias\/wp-content\/uploads\/sites\/32\/2015\/11\/Festa-dos-finalistas-ap\u00f3s-a-entrega-dos-trof\u00e9us-720x361.jpg\" alt=\"Festa dos finalistas ap\u00f3s a entrega dos trof\u00e9us\" width=\"720\" height=\"361\" srcset=\"https:\/\/jundiai.sp.gov.br\/noticias\/wp-content\/uploads\/sites\/32\/2015\/11\/Festa-dos-finalistas-ap\u00f3s-a-entrega-dos-trof\u00e9us-720x361.jpg 720w, https:\/\/jundiai.sp.gov.br\/noticias\/wp-content\/uploads\/sites\/32\/2015\/11\/Festa-dos-finalistas-ap\u00f3s-a-entrega-dos-trof\u00e9us-300x150.jpg 300w, https:\/\/jundiai.sp.gov.br\/noticias\/wp-content\/uploads\/sites\/32\/2015\/11\/Festa-dos-finalistas-ap\u00f3s-a-entrega-dos-trof\u00e9us.jpg 1240w\" sizes=\"auto, (max-width: 720px) 100vw, 720px\" \/><\/a><p id=\"caption-attachment-162429\" class=\"wp-caption-text\">Festa dos finalistas ap\u00f3s a entrega dos trof\u00e9us<\/p><\/div>\n<p><strong>O homenageado que deu nome a essa edi\u00e7\u00e3o do campeonato tamb\u00e9m estava presente. O professor H\u00e9lio Maffia destacou a import\u00e2ncia do esporte na forma\u00e7\u00e3o dos jovens.<\/strong>\u00a0&#8220;Esse movimento reflete diretamente na educa\u00e7\u00e3o. <strong>O esporte \u00e9 um dos caminhos mais suaves para a forma\u00e7\u00e3o dessa nossa juventude, por isso continuem praticando, faz bem para o corpo e para a mente. Parab\u00e9ns pelo campeonato que engrandece tanto o esporte na cidade<\/strong>\u201d, disse Maffia, considerado <strong>um dos melhores preparadores f\u00edsicos do Brasil<\/strong>.<\/p>\n<div id=\"attachment_162431\" style=\"width: 410px\" class=\"wp-caption alignright\"><a href=\"https:\/\/jundiai.sp.gov.br\/noticias\/wp-content\/uploads\/sites\/32\/2015\/11\/Professor-H\u00e9lio-Maffia-participou-da-cerim\u00f4nia-de-premia\u00e7\u00e3o-aos-campe\u00f5es.jpg\"><img loading=\"lazy\" decoding=\"async\" aria-describedby=\"caption-attachment-162431\" class=\"size-large wp-image-162431\" src=\"https:\/\/jundiai.sp.gov.br\/noticias\/wp-content\/uploads\/sites\/32\/2015\/11\/Professor-H\u00e9lio-Maffia-participou-da-cerim\u00f4nia-de-premia\u00e7\u00e3o-aos-campe\u00f5es-720x462.jpg\" alt=\"Professor H\u00e9lio Maffia participou da cerim\u00f4nia de premia\u00e7\u00e3o aos campe\u00f5es\" width=\"400\" height=\"350\" \/><\/a><p id=\"caption-attachment-162431\" class=\"wp-caption-text\">Professor H\u00e9lio Maffia participou da cerim\u00f4nia de premia\u00e7\u00e3o aos campe\u00f5es<\/p><\/div>\n<p>Na mesma ocasi\u00e3o tamb\u00e9m foram <strong>decididos o terceiro e quarto lugares<\/strong>. Com um show de gols, as equipes do Pedro Raymundo e Jos\u00e9 De Marchi terminaram o tempo regular empatadas em 5 a 5. <strong>Nos p\u00eanaltis, o De Marchi levou a melhor, conquistando ainda o trof\u00e9u de artilharia do campeonato com Jos\u00e9 Kaique. Como melhor goleiro foi eleito Leonardo Vale, do Gr\u00eamio Eloy.<\/strong><\/p>\n<p>Tamb\u00e9m estava presente no evento o radialista Cobrinha, j\u00e1 homenageado pelo torneio em 2013; o administrador esportivo Keko; os coordenadores de futebol S\u00e9rgio e Marcelo al\u00e9m do diretor de Esportes e filho do professor H\u00e9lio, Jo\u00e3o Guilherme Maffia.<\/p>\n<p><strong><em>Assessoria de Imprensa<br \/>\nFotos: Alessandro Rosman<\/em><\/strong><\/p>\n","protected":false},"excerpt":{"rendered":"<p>MAIS FUTEBOL: For\u00e7a Jovem Universal \u00e9 campe\u00e3o da 5\u00ba Copa da F\u00e9; disputas foram marcadas por integra\u00e7\u00e3o e aprendizado<\/p>\n","protected":false},"author":14,"featured_media":162435,"comment_status":"closed","ping_status":"closed","sticky":false,"template":"","format":"standard","meta":{"footnotes":""},"categories":[2],"tags":[649,411,35,99,402],"ods":[],"class_list":["post-162420","post","type-post","status-publish","format-standard","has-post-thumbnail","hentry","category-noticias","tag-campeonato-aberto-de-futebol","tag-centro-esportivo","tag-esporte-e-lazer","tag-futebol","tag-futebol-masculino"],"_links":{"self":[{"href":"https:\/\/jundiai.sp.gov.br\/noticias\/wp-json\/wp\/v2\/posts\/162420","targetHints":{"allow":["GET"]}}],"collection":[{"href":"https:\/\/jundiai.sp.gov.br\/noticias\/wp-json\/wp\/v2\/posts"}],"about":[{"href":"https:\/\/jundiai.sp.gov.br\/noticias\/wp-json\/wp\/v2\/types\/post"}],"author":[{"embeddable":true,"href":"https:\/\/jundiai.sp.gov.br\/noticias\/wp-json\/wp\/v2\/users\/14"}],"replies":[{"embeddable":true,"href":"https:\/\/jundiai.sp.gov.br\/noticias\/wp-json\/wp\/v2\/comments?post=162420"}],"version-history":[{"count":7,"href":"https:\/\/jundiai.sp.gov.br\/noticias\/wp-json\/wp\/v2\/posts\/162420\/revisions"}],"predecessor-version":[{"id":162436,"href":"https:\/\/jundiai.sp.gov.br\/noticias\/wp-json\/wp\/v2\/posts\/162420\/revisions\/162436"}],"wp:featuredmedia":[{"embeddable":true,"href":"https:\/\/jundiai.sp.gov.br\/noticias\/wp-json\/wp\/v2\/media\/162435"}],"wp:attachment":[{"href":"https:\/\/jundiai.sp.gov.br\/noticias\/wp-json\/wp\/v2\/media?parent=162420"}],"wp:term":[{"taxonomy":"category","embeddable":true,"href":"https:\/\/jundiai.sp.gov.br\/noticias\/wp-json\/wp\/v2\/categories?post=162420"},{"taxonomy":"post_tag","embeddable":true,"href":"https:\/\/jundiai.sp.gov.br\/noticias\/wp-json\/wp\/v2\/tags?post=162420"},{"taxonomy":"ods","embeddable":true,"href":"https:\/\/jundiai.sp.gov.br\/noticias\/wp-json\/wp\/v2\/ods?post=162420"}],"curies":[{"name":"wp","href":"https:\/\/api.w.org\/{rel}","templated":true}]}}