{"id":162688,"date":"2015-12-01T15:07:29","date_gmt":"2015-12-01T17:07:29","guid":{"rendered":"https:\/\/jundiai.sp.gov.br\/noticias\/?p=162688"},"modified":"2020-11-05T09:25:14","modified_gmt":"2020-11-05T12:25:14","slug":"escola-do-jardim-california-tem-atracoes-culturais-e-educativas-nesta-quarta-2","status":"publish","type":"post","link":"https:\/\/jundiai.sp.gov.br\/noticias\/2015\/12\/01\/escola-do-jardim-california-tem-atracoes-culturais-e-educativas-nesta-quarta-2\/","title":{"rendered":"Emeb do Jardim Calif\u00f3rnia tem atra\u00e7\u00f5es culturais e educativas"},"content":{"rendered":"<p><iframe loading=\"lazy\" class=\"alignleft\" src=\"https:\/\/www.youtube.com\/embed\/xNc82mvd4Y0\" width=\"420\" height=\"315\" frameborder=\"0\" allowfullscreen=\"allowfullscreen\"><\/iframe><strong>A escola municipal Professora Maria Aparecida Souza Almeida Ramos, no Jardim Calif\u00f3rnia, realiza, nesta quarta-feira (2), a \u201cViradinha Educa\u00e7\u00e3o.\u201d A Emeb vai ter 12 horas de atra\u00e7\u00f5es culturais e educativas. As atividades, com entrada aberta ao p\u00fablico, come\u00e7am \u00e0s 8h. <\/strong><\/p>\n<p>Ao todo, v\u00e3o ser <strong>cerca de 50 atra\u00e7\u00f5es nas categorias de dan\u00e7a, teatro, arte, circo e meio ambiente<\/strong>. Na programa\u00e7\u00e3o est\u00e3o atra\u00e7\u00f5es como a <strong>pe\u00e7a \u201cSenhor Dod\u00f3i&#8221;<\/strong>, da Companhia de Teatro de Jundia\u00ed, <strong>oficinas de hip hop, conta\u00e7\u00e3o de hist\u00f3rias, artesanato e xilografia, orienta\u00e7\u00f5es sobre sa\u00fade bucal, rodas de m\u00fasica, exposi\u00e7\u00f5es, show dos c\u00e3es da Guarda Municipal, apresenta\u00e7\u00f5es dos alunos e show de escola de samba<\/strong>.<\/p>\n<p>A Viradinha,<strong> evento in\u00e9dito em Jundia\u00ed<\/strong>, nasceu dentro da escola e vai ao encontro do <strong>Programa Arte e Educa\u00e7\u00e3o<\/strong>, <strong><a href=\"https:\/\/jundiai.sp.gov.br\/noticias\/2015\/10\/20\/educacao-e-cultura-lancam-projeto-para-levar-arte-as-escolas\/\" target=\"_blank\" rel=\"noopener noreferrer\">lan\u00e7ado pelas secretarias de Educa\u00e7\u00e3o e Cultura para levar cultura para dentro das escolas e para perto da popula\u00e7\u00e3o<\/a><\/strong>.<\/p>\n<p>A Emeb Professora Maria Aparecida de Souza Almeida Ramos fica na avenida <strong>Capit\u00e3o Francisco Copelli, 1.655<\/strong>.<\/p>\n<p><strong>LEIA TAMB\u00c9M<br \/>\n<a href=\"https:\/\/jundiai.sp.gov.br\/noticias\/2015\/11\/30\/abertas-inscricoes-para-atracoes-culturais-da-33a-festa-da-uva\/\" target=\"_blank\" rel=\"noopener noreferrer\">Festa da Uva abre inscri\u00e7\u00f5es para atra\u00e7\u00f5es culturais<\/a><br \/>\n<a href=\"https:\/\/jundiai.sp.gov.br\/noticias\/2015\/11\/30\/abertura-do-natal-encantado-tem-atracoes-e-surpresas-no-centro\/\" target=\"_blank\" rel=\"noopener noreferrer\">Abertura do Natal Encantado tem surpresas no Centro<\/a><br \/>\n<a href=\"https:\/\/jundiai.sp.gov.br\/noticias\/2015\/11\/30\/conheca-as-candidatas-para-a-corte-da-uva-2016\/\" target=\"_blank\" rel=\"noopener noreferrer\">Conhe\u00e7a todas as candidatas para a Corte da Uva de 2016<\/a><\/strong><\/p>\n<div id=\"attachment_162689\" style=\"width: 730px\" class=\"wp-caption aligncenter\"><a href=\"https:\/\/jundiai.sp.gov.br\/noticias\/wp-content\/uploads\/sites\/32\/2015\/12\/Ocupacao_Hip_Hop_A_56g.jpg\"><img loading=\"lazy\" decoding=\"async\" aria-describedby=\"caption-attachment-162689\" class=\"size-large wp-image-162689\" src=\"https:\/\/jundiai.sp.gov.br\/noticias\/wp-content\/uploads\/sites\/32\/2015\/12\/Ocupacao_Hip_Hop_A_56g-720x469.jpg\" alt=\"Oficinas de hip hop s\u00e3o algumas das atra\u00e7\u00f5es\" width=\"720\" height=\"469\" srcset=\"https:\/\/jundiai.sp.gov.br\/noticias\/wp-content\/uploads\/sites\/32\/2015\/12\/Ocupacao_Hip_Hop_A_56g-720x469.jpg 720w, https:\/\/jundiai.sp.gov.br\/noticias\/wp-content\/uploads\/sites\/32\/2015\/12\/Ocupacao_Hip_Hop_A_56g-300x195.jpg 300w, https:\/\/jundiai.sp.gov.br\/noticias\/wp-content\/uploads\/sites\/32\/2015\/12\/Ocupacao_Hip_Hop_A_56g.jpg 1240w\" sizes=\"auto, (max-width: 720px) 100vw, 720px\" \/><\/a><p id=\"caption-attachment-162689\" class=\"wp-caption-text\">Oficinas de hip hop s\u00e3o algumas das atra\u00e7\u00f5es<\/p><\/div>\n<p><strong><em>Roberta de S\u00e1<br \/>\nFoto: Alessandro Rosman<\/em><\/strong><\/p>\n","protected":false},"excerpt":{"rendered":"<p>A escola municipal Professora Maria Aparecida Souza Almeida Ramos, no Jardim Calif\u00f3rnia, realiza, nesta quarta-feira (2), a \u201cViradinha Educa\u00e7\u00e3o.\u201d A Emeb vai ter 12 horas de atra\u00e7\u00f5es culturais e educativas. As atividades, com entrada aberta ao p\u00fablico, come\u00e7am \u00e0s 8h. Ao todo, v\u00e3o ser cerca de 50 atra\u00e7\u00f5es nas categorias de dan\u00e7a, teatro, arte, circo [&hellip;]<\/p>\n","protected":false},"author":14,"featured_media":0,"comment_status":"closed","ping_status":"closed","sticky":false,"template":"","format":"standard","meta":{"footnotes":""},"categories":[2],"tags":[29,6,630,31,399,805,400],"ods":[],"class_list":["post-162688","post","type-post","status-publish","format-standard","hentry","category-noticias","tag-cultura","tag-educacao","tag-emeb","tag-guarda-municipal","tag-musica","tag-programa-arte-e-educacao","tag-teatro"],"_links":{"self":[{"href":"https:\/\/jundiai.sp.gov.br\/noticias\/wp-json\/wp\/v2\/posts\/162688","targetHints":{"allow":["GET"]}}],"collection":[{"href":"https:\/\/jundiai.sp.gov.br\/noticias\/wp-json\/wp\/v2\/posts"}],"about":[{"href":"https:\/\/jundiai.sp.gov.br\/noticias\/wp-json\/wp\/v2\/types\/post"}],"author":[{"embeddable":true,"href":"https:\/\/jundiai.sp.gov.br\/noticias\/wp-json\/wp\/v2\/users\/14"}],"replies":[{"embeddable":true,"href":"https:\/\/jundiai.sp.gov.br\/noticias\/wp-json\/wp\/v2\/comments?post=162688"}],"version-history":[{"count":9,"href":"https:\/\/jundiai.sp.gov.br\/noticias\/wp-json\/wp\/v2\/posts\/162688\/revisions"}],"predecessor-version":[{"id":257571,"href":"https:\/\/jundiai.sp.gov.br\/noticias\/wp-json\/wp\/v2\/posts\/162688\/revisions\/257571"}],"wp:attachment":[{"href":"https:\/\/jundiai.sp.gov.br\/noticias\/wp-json\/wp\/v2\/media?parent=162688"}],"wp:term":[{"taxonomy":"category","embeddable":true,"href":"https:\/\/jundiai.sp.gov.br\/noticias\/wp-json\/wp\/v2\/categories?post=162688"},{"taxonomy":"post_tag","embeddable":true,"href":"https:\/\/jundiai.sp.gov.br\/noticias\/wp-json\/wp\/v2\/tags?post=162688"},{"taxonomy":"ods","embeddable":true,"href":"https:\/\/jundiai.sp.gov.br\/noticias\/wp-json\/wp\/v2\/ods?post=162688"}],"curies":[{"name":"wp","href":"https:\/\/api.w.org\/{rel}","templated":true}]}}