{"id":162720,"date":"2015-12-01T16:57:43","date_gmt":"2015-12-01T18:57:43","guid":{"rendered":"https:\/\/jundiai.sp.gov.br\/noticias\/?p=162720"},"modified":"2020-11-06T08:59:39","modified_gmt":"2020-11-06T11:59:39","slug":"ponte-torta-faz-os-moradores-lembrarem-do-morro-que-virou-aterro","status":"publish","type":"post","link":"https:\/\/jundiai.sp.gov.br\/noticias\/2015\/12\/01\/ponte-torta-faz-os-moradores-lembrarem-do-morro-que-virou-aterro\/","title":{"rendered":"Ponte Torta faz lembrar o morro que virou aterro"},"content":{"rendered":"<p><strong>A entrega da revitaliza\u00e7\u00e3o da <a href=\"http:\/\/pontetorta.jundiai.sp.gov.br\/\" target=\"_blank\" rel=\"noopener noreferrer\">Ponte Torta<\/a> no domingo (13), a partir das 17h, dentro da programa\u00e7\u00e3o dos 360 anos de Jundia\u00ed, faz moradores da regi\u00e3o lembrarem da \u00e9poca em que boa parte do morro da Bela Vista foi reduzido para o aterro dos brejos da v\u00e1rzea do rio Guapeva, dando origem ao bairro do Vianelo, na d\u00e9cada de 1950. <\/strong><\/p>\n<p>O projeto A\u00e7\u00f5es de Conserva\u00e7\u00e3o e Zeladoria da Ponte Torta, iniciado em setembro de 2014, atuou em duas frentes com as t\u00e9cnicas de conserva\u00e7\u00e3o do agora monumento (observando t\u00e9cnicas construtivas de 1888, quando a ponte foi inaugurada) e com o envolvimento da comunidade em depoimentos que recuperaram parte da mem\u00f3ria do seu uso pr\u00e1tico e simb\u00f3lico (base do conceito de zeladoria).<\/p>\n<p>Na Banca do Alem\u00e3o, uma tradicional refer\u00eancia no acesso da rua Bom Jesus de Pirapora para o Jardim Bonfiglioli, <strong>moradores veteranos citaram a import\u00e2ncia desse monumento tamb\u00e9m para entender parte das transforma\u00e7\u00f5es urbanas da cidade.<\/strong><\/p>\n<p><strong>LEIA TAMB\u00c9M<br \/>\n<\/strong><a href=\"https:\/\/jundiai.sp.gov.br\/noticias\/2015\/11\/30\/seminario-internacional-cidades-a-pe-destaca-jundiai\/\" target=\"_blank\" rel=\"noopener noreferrer\">Semin\u00e1rio Internacional \u2018Cidades a P\u00e9\u2019 destaca Jundia\u00ed<\/a><br \/>\n<a href=\"https:\/\/jundiai.sp.gov.br\/noticias\/2015\/11\/29\/prefeitura-entrega-parque-de-173-mil-metros-quadrados\/\" target=\"_blank\" rel=\"noopener noreferrer\">Prefeitura entrega parque de 173 mil metros quadrados<\/a><br \/>\n<a href=\"https:\/\/jundiai.sp.gov.br\/noticias\/2015\/11\/26\/agricultura-urbana-pode-gerar-renda-e-riqueza-solidaria\/\" target=\"_blank\" rel=\"noopener noreferrer\">Agricultura urbana pode gerar renda e \u2018riqueza solid\u00e1ria\u2019<\/a><\/p>\n<div id=\"attachment_162722\" style=\"width: 730px\" class=\"wp-caption aligncenter\"><a href=\"https:\/\/jundiai.sp.gov.br\/noticias\/wp-content\/uploads\/sites\/32\/2015\/12\/mirante_ponte_torta_2G.jpg\"><img loading=\"lazy\" decoding=\"async\" aria-describedby=\"caption-attachment-162722\" class=\"size-large wp-image-162722\" src=\"https:\/\/jundiai.sp.gov.br\/noticias\/wp-content\/uploads\/sites\/32\/2015\/12\/mirante_ponte_torta_2G-720x487.jpg\" alt=\"Ao centro, o aterro do Vianelo. \u00c0 direita, pr\u00e9dios no alto do morro da Bela Vista\" width=\"720\" height=\"487\" srcset=\"https:\/\/jundiai.sp.gov.br\/noticias\/wp-content\/uploads\/sites\/32\/2015\/12\/mirante_ponte_torta_2G-720x487.jpg 720w, https:\/\/jundiai.sp.gov.br\/noticias\/wp-content\/uploads\/sites\/32\/2015\/12\/mirante_ponte_torta_2G-300x203.jpg 300w, https:\/\/jundiai.sp.gov.br\/noticias\/wp-content\/uploads\/sites\/32\/2015\/12\/mirante_ponte_torta_2G.jpg 1240w\" sizes=\"auto, (max-width: 720px) 100vw, 720px\" \/><\/a><p id=\"caption-attachment-162722\" class=\"wp-caption-text\">Ao centro, o aterro do Vianelo. \u00c0 direita, pr\u00e9dios no alto do morro da Bela Vista<\/p><\/div>\n<p>De acordo com esses moradores, antes dessa obra viabilizada pela engenharia da \u00e9poca (que deixou retos os percursos urbanos de rios como Jundia\u00ed e Guapeva), o local era ocupado por outros usos, como os campos de futebol de v\u00e1rzea de times hist\u00f3ricos como o Vasquinho ou o S\u00e3o Crist\u00f3v\u00e3o e tamb\u00e9m \u00e1reas de cria\u00e7\u00e3o de animais.<\/p>\n<p>\u201cMeu pai Aderval jogava no fim de ano no time dos casados, que se vestiam de mulher. Era uma farra\u201d, lembra Luverci Gomes de Azevedo.<\/p>\n<p>De acordo com pesquisas e depoimentos do projeto, <strong>a Ponte Torta surgiu em 1888 para ligar o Centro com a \u00e1rea da industrializa\u00e7\u00e3o da cidade (principalmente t\u00eaxtil), na Vila Arens, incluindo um bonde de tra\u00e7\u00e3o animal para passageiros da esta\u00e7\u00e3o de trens que durou poucos anos.<\/strong><\/p>\n<p>\u201cMe lembro que estava em exerc\u00edcio do quartel do Centro, em 1973, quando encontramos um trilho semi-enterrado e contaram essa hist\u00f3ria. Chegamos a divulgar na \u00e9poca no antigo Jornal do Cal\u00e7ad\u00e3o, do jornalista Afr\u00e2nio Bardari\u201d, lembra J\u00falio C\u00e9sar Bianco.<\/p>\n<p>Todos os presentes se lembram da passagem sobre o rio que era feita pela Ponte Torta antes do crescimento urbano na regi\u00e3o. \u201cN\u00e3o havia muitas ruas, os caminhos margeavam o rio e ali mudavam de lado para a regi\u00e3o de f\u00e1bricas como a Argos, a S\u00e3o Bento e outras\u201d, acrescenta Vera L\u00facia Munhoz.<\/p>\n<p>Naquela cidade menor e de cotidiano mais &#8220;caminh\u00e1vel&#8221; (embora com menos acessibilidade) de 1888 a 1960, e mesmo depois disso, a \u00e1rea urbana abrigava op\u00e7\u00f5es criativas como as corridas de carriola na Ponte S\u00e3o Jo\u00e3o. O simbolismo da Ponte Torta nesse cen\u00e1rio inspirou marcas de bebida e muitas hist\u00f3rias sobre as fam\u00edlias que lavavam roupas no rio Guapeva.<\/p>\n<p>Para seguir at\u00e9 o Hospital do Sesi, no Anhangaba\u00fa, o \u00fanico caminho antes da avenida Jundia\u00ed na d\u00e9cada de 1950 ou da avenida Nove de Julho na d\u00e9cada de 1970 era a rua Ab\u00edlio Figueiredo, que sai da pra\u00e7a da Bandeira (ou Largo Santa Cruz), contornando o morro da Bela Vista, que chegou a ter em seu sop\u00e9, no c\u00f3rrego do Mato, um pequeno lago narrado em mem\u00f3rias por Virg\u00edlio Torricelli.<\/p>\n<div id=\"attachment_162721\" style=\"width: 730px\" class=\"wp-caption aligncenter\"><a href=\"https:\/\/jundiai.sp.gov.br\/noticias\/wp-content\/uploads\/sites\/32\/2015\/12\/banca_alemao_3G.jpg\"><img loading=\"lazy\" decoding=\"async\" aria-describedby=\"caption-attachment-162721\" class=\"size-large wp-image-162721\" src=\"https:\/\/jundiai.sp.gov.br\/noticias\/wp-content\/uploads\/sites\/32\/2015\/12\/banca_alemao_3G-720x599.jpg\" alt=\"Moradores do Vianelo, Ponte e Centro na Banca do Alem\u00e3o: &quot;Mem\u00f3rias devem ser valorizadas&quot;\" width=\"720\" height=\"599\" srcset=\"https:\/\/jundiai.sp.gov.br\/noticias\/wp-content\/uploads\/sites\/32\/2015\/12\/banca_alemao_3G-720x599.jpg 720w, https:\/\/jundiai.sp.gov.br\/noticias\/wp-content\/uploads\/sites\/32\/2015\/12\/banca_alemao_3G-300x250.jpg 300w, https:\/\/jundiai.sp.gov.br\/noticias\/wp-content\/uploads\/sites\/32\/2015\/12\/banca_alemao_3G.jpg 1240w\" sizes=\"auto, (max-width: 720px) 100vw, 720px\" \/><\/a><p id=\"caption-attachment-162721\" class=\"wp-caption-text\">Moradores do Vianelo, Ponte e Centro na Banca do Alem\u00e3o: &#8220;Mem\u00f3rias devem ser valorizadas&#8221;<\/p><\/div>\n<p>\u201cUm dos caminhos para a gente chegar ao hospital era a rua Adolfo Gordo, que sa\u00eda da Ponte Torta\u201d, comenta Jos\u00e9 Carlos Brunelli, o Batata.<\/p>\n<p>Depois do aterro do Vianelo, a redu\u00e7\u00e3o de \u00e1rea de microdrenagem para as \u00e1guas chegou a causar enchentes na regi\u00e3o (que teve a rua Silva Jardim apelidada de \u201crua das cabritas\u201d por causa da cria\u00e7\u00e3o de animais).<strong> Na d\u00e9cada de 1980, a Prefeitura de Jundia\u00ed chegou a cogitar a demoli\u00e7\u00e3o do agora monumento e enfrentou uma grande mobiliza\u00e7\u00e3o popular contra a ideia. Mas fez ent\u00e3o o afastamento da margem esquerda, tirando o aspecto utilit\u00e1rio da ponte<\/strong> (que j\u00e1 tinha perdido os barrancos laterais) e originando o atual aspecto simb\u00f3lico, de monumento.<\/p>\n<p>O projeto, sob a orienta\u00e7\u00e3o do prefeito Pedro Bigardi, foi desenvolvido pela <strong>Secretaria de Planejamento e Meio Ambiente<\/strong> em conjunto com o <strong>Est\u00fadio Saras\u00e1<\/strong>, com apoio de diversos outros setores, como a <a href=\"http:\/\/cultura.jundiai.sp.gov.br\/\" target=\"_blank\" rel=\"noopener noreferrer\"><strong>Secretaria de Cultura<\/strong><\/a>. A experi\u00eancia de depoimentos gravados \u00e9 defendida por moradores como um m\u00e9todo a ser estimulado para a mem\u00f3ria da comunidade.<\/p>\n<p><em><strong>Jos\u00e9 Arnaldo de Oliveira<br \/>\nFotos: Fot\u00f3grafos PMJ<\/strong><\/em><\/p>\n","protected":false},"excerpt":{"rendered":"<p>Entrega final do monumento hist\u00f3rico revitalizado est\u00e1 marcada para o domingo (13), a partir das 17h<\/p>\n","protected":false},"author":10,"featured_media":162832,"comment_status":"closed","ping_status":"closed","sticky":false,"template":"","format":"standard","meta":{"footnotes":""},"categories":[2],"tags":[29,32,427],"ods":[],"class_list":["post-162720","post","type-post","status-publish","format-standard","has-post-thumbnail","hentry","category-noticias","tag-cultura","tag-planejamento-e-meio-ambiente","tag-ponte-torta"],"_links":{"self":[{"href":"https:\/\/jundiai.sp.gov.br\/noticias\/wp-json\/wp\/v2\/posts\/162720","targetHints":{"allow":["GET"]}}],"collection":[{"href":"https:\/\/jundiai.sp.gov.br\/noticias\/wp-json\/wp\/v2\/posts"}],"about":[{"href":"https:\/\/jundiai.sp.gov.br\/noticias\/wp-json\/wp\/v2\/types\/post"}],"author":[{"embeddable":true,"href":"https:\/\/jundiai.sp.gov.br\/noticias\/wp-json\/wp\/v2\/users\/10"}],"replies":[{"embeddable":true,"href":"https:\/\/jundiai.sp.gov.br\/noticias\/wp-json\/wp\/v2\/comments?post=162720"}],"version-history":[{"count":13,"href":"https:\/\/jundiai.sp.gov.br\/noticias\/wp-json\/wp\/v2\/posts\/162720\/revisions"}],"predecessor-version":[{"id":257968,"href":"https:\/\/jundiai.sp.gov.br\/noticias\/wp-json\/wp\/v2\/posts\/162720\/revisions\/257968"}],"wp:featuredmedia":[{"embeddable":true,"href":"https:\/\/jundiai.sp.gov.br\/noticias\/wp-json\/wp\/v2\/media\/162832"}],"wp:attachment":[{"href":"https:\/\/jundiai.sp.gov.br\/noticias\/wp-json\/wp\/v2\/media?parent=162720"}],"wp:term":[{"taxonomy":"category","embeddable":true,"href":"https:\/\/jundiai.sp.gov.br\/noticias\/wp-json\/wp\/v2\/categories?post=162720"},{"taxonomy":"post_tag","embeddable":true,"href":"https:\/\/jundiai.sp.gov.br\/noticias\/wp-json\/wp\/v2\/tags?post=162720"},{"taxonomy":"ods","embeddable":true,"href":"https:\/\/jundiai.sp.gov.br\/noticias\/wp-json\/wp\/v2\/ods?post=162720"}],"curies":[{"name":"wp","href":"https:\/\/api.w.org\/{rel}","templated":true}]}}