{"id":162725,"date":"2015-12-01T17:11:16","date_gmt":"2015-12-01T19:11:16","guid":{"rendered":"https:\/\/jundiai.sp.gov.br\/noticias\/?p=162725"},"modified":"2016-11-04T13:09:29","modified_gmt":"2016-11-04T15:09:29","slug":"cursos-do-estacao-juventude-estao-com-inscricoes-abertas","status":"publish","type":"post","link":"https:\/\/jundiai.sp.gov.br\/noticias\/2015\/12\/01\/cursos-do-estacao-juventude-estao-com-inscricoes-abertas\/","title":{"rendered":"Cursos do Esta\u00e7\u00e3o Juventude da cidade est\u00e3o com inscri\u00e7\u00f5es abertas"},"content":{"rendered":"<p><strong>Arte urbana, charges, estampas e moda s\u00e3o os temas dos cursos gratuitos que v\u00e3o ser realizados em dezembro no Esta\u00e7\u00e3o Juventude (EJ). Com <a href=\"http:\/\/estacaojuventude.jundiai.sp.gov.br\/\" target=\"_blank\">inscri\u00e7\u00f5es abertas no portal da Coordenadoria da Juventude<\/a>, as oficinas v\u00e3o encerrar a programa\u00e7\u00e3o do ano, que contou com v\u00e1rias atividades para os jundiaienses.<\/strong><\/p>\n<p>As oficinas s\u00e3o para pessoas <strong>de 15 a 29 anos e t\u00eam vagas limitadas<\/strong>.<\/p>\n<p><strong>LEIA TAMB\u00c9M<br \/>\n<a href=\"https:\/\/jundiai.sp.gov.br\/noticias\/2015\/11\/27\/jundiai-vai-sediar-forum-estadual-multialogo-em-maio\/\" target=\"_blank\">Jundia\u00ed vai sediar f\u00f3rum estadual \u2018Multi\u00e1logo\u2019 em maio<\/a><br \/>\n<a href=\"https:\/\/jundiai.sp.gov.br\/noticias\/2015\/12\/01\/jundiai-concorre-ao-premio-acoes-inclusivas-de-sp\/\" target=\"_blank\">Jundia\u00ed concorre ao Pr\u00eamio A\u00e7\u00f5es Inclusivas de S\u00e3o Paulo<\/a><\/strong><\/p>\n<div id=\"attachment_162726\" style=\"width: 730px\" class=\"wp-caption aligncenter\"><a href=\"https:\/\/jundiai.sp.gov.br\/noticias\/wp-content\/uploads\/sites\/32\/2015\/12\/Estacao_Juventude_A_2_G.jpg\"><img loading=\"lazy\" decoding=\"async\" aria-describedby=\"caption-attachment-162726\" class=\"size-large wp-image-162726\" src=\"https:\/\/jundiai.sp.gov.br\/noticias\/wp-content\/uploads\/sites\/32\/2015\/12\/Estacao_Juventude_A_2_G-720x480.jpg\" alt=\"Esta\u00e7\u00e3o Juventude: oficinas encerram programa\u00e7\u00e3o de 2015\" width=\"720\" height=\"480\" srcset=\"https:\/\/jundiai.sp.gov.br\/noticias\/wp-content\/uploads\/sites\/32\/2015\/12\/Estacao_Juventude_A_2_G-720x480.jpg 720w, https:\/\/jundiai.sp.gov.br\/noticias\/wp-content\/uploads\/sites\/32\/2015\/12\/Estacao_Juventude_A_2_G-300x200.jpg 300w, https:\/\/jundiai.sp.gov.br\/noticias\/wp-content\/uploads\/sites\/32\/2015\/12\/Estacao_Juventude_A_2_G.jpg 1240w\" sizes=\"auto, (max-width: 720px) 100vw, 720px\" \/><\/a><p id=\"caption-attachment-162726\" class=\"wp-caption-text\">Esta\u00e7\u00e3o Juventude: oficinas encerram programa\u00e7\u00e3o de 2015<\/p><\/div>\n<p>Na <strong>sexta-feira (11), das 14h \u00e0s 17h, o curso \u201cA que lugar eu perten\u00e7o?\u201d<\/strong>, de arte urbana, vai levantar pr\u00e1ticas e reflex\u00f5es do processo criativo dos participantes, discutindo temas como participa\u00e7\u00e3o no espa\u00e7o p\u00fablico, de uma forma descontra\u00edda e envolvendo a linguagem art\u00edstica. S\u00e3o <strong>15 vagas<\/strong>.<\/p>\n<p>No <strong>s\u00e1bado (12), das 10h \u00e0s 13h, a oficina de charge<\/strong> vai a explorar o desenho e suas possibilidades enquanto ferramenta de cria\u00e7\u00e3o. O curso ainda tem matr\u00edcula aberta para o <strong>s\u00e1bado (19), sempre das 10h \u00e0s 13h, com 15 vagas por turma<\/strong>.<\/p>\n<p>Tamb\u00e9m nos <strong>dias 12 e 19, das 10h \u00e0s 13h, o Esta\u00e7\u00e3o Juventude vai ser espa\u00e7o para quem gosta de moda. O curso de cria\u00e7\u00e3o de bijuteria em papel mach\u00ea<\/strong> vai apresentar o uso da mat\u00e9ria-prima com atividades pr\u00e1ticas. Para isso,<strong> \u00e9 preciso que os participantes levem imagens sobre pe\u00e7as que gostariam de trabalhar<\/strong>.<\/p>\n<p>A <strong>oficina de estampas<\/strong>, que vai ser <strong>nesta quinta (3) e sexta-feira (4), j\u00e1 est\u00e1 com as inscri\u00e7\u00f5es encerradas<\/strong>.<\/p>\n<p>O EJ fica na <strong>avenida Uni\u00e3o dos Ferrovi\u00e1rios, n\u00ba 1.600, Complexo Fepasa<\/strong>. Mais informa\u00e7\u00f5es: 4587-1000 ou 4582-5523.<\/p>\n<p><strong><em>Assessoria de Imprensa<br \/>\nFoto: Fot\u00f3grafos PMJ<\/em><\/strong><\/p>\n","protected":false},"excerpt":{"rendered":"<p>Arte urbana, oficina de charge e cria\u00e7\u00e3o de bijuteria s\u00e3o gratuitos e para pessoas de 15 a 29 anos, com vagas limitadas<\/p>\n","protected":false},"author":14,"featured_media":161326,"comment_status":"closed","ping_status":"closed","sticky":false,"template":"","format":"standard","meta":{"footnotes":""},"categories":[2],"tags":[174,430,449,621],"ods":[],"class_list":["post-162725","post","type-post","status-publish","format-standard","has-post-thumbnail","hentry","category-noticias","tag-coordenadoria-da-juventude","tag-cursos-gratuitos","tag-espaco-expressa","tag-estacao-juventude"],"_links":{"self":[{"href":"https:\/\/jundiai.sp.gov.br\/noticias\/wp-json\/wp\/v2\/posts\/162725","targetHints":{"allow":["GET"]}}],"collection":[{"href":"https:\/\/jundiai.sp.gov.br\/noticias\/wp-json\/wp\/v2\/posts"}],"about":[{"href":"https:\/\/jundiai.sp.gov.br\/noticias\/wp-json\/wp\/v2\/types\/post"}],"author":[{"embeddable":true,"href":"https:\/\/jundiai.sp.gov.br\/noticias\/wp-json\/wp\/v2\/users\/14"}],"replies":[{"embeddable":true,"href":"https:\/\/jundiai.sp.gov.br\/noticias\/wp-json\/wp\/v2\/comments?post=162725"}],"version-history":[{"count":8,"href":"https:\/\/jundiai.sp.gov.br\/noticias\/wp-json\/wp\/v2\/posts\/162725\/revisions"}],"predecessor-version":[{"id":162864,"href":"https:\/\/jundiai.sp.gov.br\/noticias\/wp-json\/wp\/v2\/posts\/162725\/revisions\/162864"}],"wp:featuredmedia":[{"embeddable":true,"href":"https:\/\/jundiai.sp.gov.br\/noticias\/wp-json\/wp\/v2\/media\/161326"}],"wp:attachment":[{"href":"https:\/\/jundiai.sp.gov.br\/noticias\/wp-json\/wp\/v2\/media?parent=162725"}],"wp:term":[{"taxonomy":"category","embeddable":true,"href":"https:\/\/jundiai.sp.gov.br\/noticias\/wp-json\/wp\/v2\/categories?post=162725"},{"taxonomy":"post_tag","embeddable":true,"href":"https:\/\/jundiai.sp.gov.br\/noticias\/wp-json\/wp\/v2\/tags?post=162725"},{"taxonomy":"ods","embeddable":true,"href":"https:\/\/jundiai.sp.gov.br\/noticias\/wp-json\/wp\/v2\/ods?post=162725"}],"curies":[{"name":"wp","href":"https:\/\/api.w.org\/{rel}","templated":true}]}}