{"id":162973,"date":"2015-12-02T16:34:05","date_gmt":"2015-12-02T18:34:05","guid":{"rendered":"https:\/\/jundiai.sp.gov.br\/noticias\/?p=162973"},"modified":"2016-11-04T13:09:46","modified_gmt":"2016-11-04T15:09:46","slug":"fundo-social-abre-110-vagas-para-cursos-profissionalizantes","status":"publish","type":"post","link":"https:\/\/jundiai.sp.gov.br\/noticias\/2015\/12\/02\/fundo-social-abre-110-vagas-para-cursos-profissionalizantes\/","title":{"rendered":"Fundo Social abre vagas para cursos profissionalizantes"},"content":{"rendered":"<p><iframe loading=\"lazy\" class=\"alignright\" width=\"420\" height=\"315\" src=\"https:\/\/www.youtube.com\/embed\/fnYKsDj2lbM\" frameborder=\"0\" allowfullscreen><\/iframe><strong>O <a href=\"https:\/\/www.facebook.com\/fundosocialsolidariedadedejundiai\/?fref=ts\" target=\"_blank\">Fundo Social de Solidariedade (Funss)<\/a> publicou, nesta quarta-feira (2), na <a href=\"http:\/\/imprensaoficial.jundiai.sp.gov.br\/edicao-4115-4\/\" target=\"_blank\">p\u00e1gina 84 da Imprensa Oficial, o edital de abertura de novas vagas para cursos profissionalizantes gratuitos<\/a>. S\u00e3o 110 vagas para moda, oficina de bolsas, oficina de boneca de pano e jardinagem. Os cursos t\u00eam in\u00edcio na \u00faltima semana de janeiro de 2016.<\/strong><\/p>\n<p>A primeira-dama e presidente do Funss, Margarete Geraldo Bigardi, destacou que <strong>a oficina de boneca de pano \u00e9 a novidade para o ano que vem<\/strong>. \u201cAs alunas v\u00e3o utilizar <strong>t\u00e9cnicas de costura<\/strong> para confeccion\u00e1-las. Com o aprendizado, elas v\u00e3o poder vender as pe\u00e7as e com isso obter <strong>retorno financeiro<\/strong>\u201d, disse.<\/p>\n<p><strong>LEIA TAMB\u00c9M<br \/>\n<a href=\"https:\/\/jundiai.sp.gov.br\/noticias\/2015\/12\/02\/festa-da-uva-e-divulgada-em-milhoes-de-sorvetes\/\" target=\"_blank\">Festa da Uva 2016 \u00e9 divulgada em milh\u00f5es de sorvetes<\/a><br \/>\n<a href=\"https:\/\/jundiai.sp.gov.br\/noticias\/2015\/12\/02\/confira-a-programacao-de-dezembro-do-zumba-nos-bairros\/\" target=\"_blank\">Confira a programa\u00e7\u00e3o de dezembro do Zumba nos Bairros<\/a><br \/>\n<a href=\"https:\/\/jundiai.sp.gov.br\/noticias\/2015\/12\/01\/procon-nos-bairros-confira-a-programacao-de-dezembro\/\" target=\"_blank\">Procon nos Bairros: confira a programa\u00e7\u00e3o do m\u00eas de dezembro<\/a><\/strong><\/p>\n<p>Os interessados podem se inscrever at\u00e9 <strong>quinta-feira (10), das 8h \u00e0s 17h, na sede do Funss<\/strong>. Para fazer a inscri\u00e7\u00e3o, o candidato <strong>deve morar em Jundia\u00ed, ter no m\u00ednimo 16 anos e apresentar RG ou CPF e comprovante de resid\u00eancia, ambos originais<\/strong>. Vale ressaltar que as inscri\u00e7\u00f5es s\u00e3o v\u00e1lidas <strong>apenas para um curso<\/strong>.<\/p>\n<p>Caso o n\u00famero de inscritos ultrapasse o n\u00famero de vagas dispon\u00edveis, um <strong>sorteio aberto ao p\u00fablico<\/strong>\u00a0vai ser realizado na <strong>sexta-feira (11), \u00e0s 10h, no audit\u00f3rio do Fundo Social de Solidariedade<\/strong>, na avenida Dona Manoela Lacerda de Vergueiro, s\/n\u00ba, port\u00e3o 3, anexo ao Complexo Educacional, Cultural e Esportivo Comendador Ant\u00f4nio Carbonari (Parque da Uva).<br \/>\n<div id=\"attachment_162976\" style=\"width: 730px\" class=\"wp-caption aligncenter\"><a href=\"https:\/\/jundiai.sp.gov.br\/noticias\/wp-content\/uploads\/sites\/32\/2015\/12\/curso_jardinagem_funss_P_24G.jpg\"><img loading=\"lazy\" decoding=\"async\" aria-describedby=\"caption-attachment-162976\" class=\"size-large wp-image-162976\" src=\"https:\/\/jundiai.sp.gov.br\/noticias\/wp-content\/uploads\/sites\/32\/2015\/12\/curso_jardinagem_funss_P_24G-720x552.jpg\" alt=\"Jardinagem \u00e9 um dos cursos gratuitos dispon\u00edveis\" width=\"720\" height=\"552\" srcset=\"https:\/\/jundiai.sp.gov.br\/noticias\/wp-content\/uploads\/sites\/32\/2015\/12\/curso_jardinagem_funss_P_24G-720x552.jpg 720w, https:\/\/jundiai.sp.gov.br\/noticias\/wp-content\/uploads\/sites\/32\/2015\/12\/curso_jardinagem_funss_P_24G-300x230.jpg 300w, https:\/\/jundiai.sp.gov.br\/noticias\/wp-content\/uploads\/sites\/32\/2015\/12\/curso_jardinagem_funss_P_24G.jpg 1240w\" sizes=\"auto, (max-width: 720px) 100vw, 720px\" \/><\/a><p id=\"caption-attachment-162976\" class=\"wp-caption-text\">Jardinagem \u00e9 um dos cursos gratuitos dispon\u00edveis<\/p><\/div><\/p>\n<p><strong><em>Carolina Namura<br \/>\nFoto: Paulo Gr\u00e9gio<\/em><\/strong><\/p>\n","protected":false},"excerpt":{"rendered":"<p>S\u00e3o 110 vagas para moda, oficina de bolsas, oficina de boneca de pano e jardinagem; inscri\u00e7\u00f5es v\u00e3o at\u00e9 quinta (10)<\/p>\n","protected":false},"author":14,"featured_media":162987,"comment_status":"closed","ping_status":"closed","sticky":false,"template":"","format":"standard","meta":{"footnotes":""},"categories":[2],"tags":[430,416],"ods":[],"class_list":["post-162973","post","type-post","status-publish","format-standard","has-post-thumbnail","hentry","category-noticias","tag-cursos-gratuitos","tag-fundo-social-de-solidariedade-funss"],"_links":{"self":[{"href":"https:\/\/jundiai.sp.gov.br\/noticias\/wp-json\/wp\/v2\/posts\/162973","targetHints":{"allow":["GET"]}}],"collection":[{"href":"https:\/\/jundiai.sp.gov.br\/noticias\/wp-json\/wp\/v2\/posts"}],"about":[{"href":"https:\/\/jundiai.sp.gov.br\/noticias\/wp-json\/wp\/v2\/types\/post"}],"author":[{"embeddable":true,"href":"https:\/\/jundiai.sp.gov.br\/noticias\/wp-json\/wp\/v2\/users\/14"}],"replies":[{"embeddable":true,"href":"https:\/\/jundiai.sp.gov.br\/noticias\/wp-json\/wp\/v2\/comments?post=162973"}],"version-history":[{"count":6,"href":"https:\/\/jundiai.sp.gov.br\/noticias\/wp-json\/wp\/v2\/posts\/162973\/revisions"}],"predecessor-version":[{"id":163570,"href":"https:\/\/jundiai.sp.gov.br\/noticias\/wp-json\/wp\/v2\/posts\/162973\/revisions\/163570"}],"wp:featuredmedia":[{"embeddable":true,"href":"https:\/\/jundiai.sp.gov.br\/noticias\/wp-json\/wp\/v2\/media\/162987"}],"wp:attachment":[{"href":"https:\/\/jundiai.sp.gov.br\/noticias\/wp-json\/wp\/v2\/media?parent=162973"}],"wp:term":[{"taxonomy":"category","embeddable":true,"href":"https:\/\/jundiai.sp.gov.br\/noticias\/wp-json\/wp\/v2\/categories?post=162973"},{"taxonomy":"post_tag","embeddable":true,"href":"https:\/\/jundiai.sp.gov.br\/noticias\/wp-json\/wp\/v2\/tags?post=162973"},{"taxonomy":"ods","embeddable":true,"href":"https:\/\/jundiai.sp.gov.br\/noticias\/wp-json\/wp\/v2\/ods?post=162973"}],"curies":[{"name":"wp","href":"https:\/\/api.w.org\/{rel}","templated":true}]}}