{"id":163489,"date":"2015-12-07T13:59:11","date_gmt":"2015-12-07T15:59:11","guid":{"rendered":"https:\/\/jundiai.sp.gov.br\/noticias\/?p=163489"},"modified":"2020-11-06T08:57:55","modified_gmt":"2020-11-06T11:57:55","slug":"prefeito-recebe-deputado-angelo-perugini","status":"publish","type":"post","link":"https:\/\/jundiai.sp.gov.br\/noticias\/2015\/12\/07\/prefeito-recebe-deputado-angelo-perugini\/","title":{"rendered":"Prefeito recebe deputado Angelo Perugini"},"content":{"rendered":"<p><strong>O prefeito Pedro Bigardi recebeu nesta segunda-feira (7) o deputado estadual rec\u00e9m-empossado Angelo Peruguni. O parlamentar assumiu nessa sexta-feira (4) a cadeira que era de Alexandre Pereira. Perugini \u00e9 ex-prefeito do munic\u00edpio de Hortol\u00e2ndia (SP). <\/strong><\/p>\n<p><strong>LEIA TAMB\u00c9M<\/strong><br \/>\n<a href=\"https:\/\/jundiai.sp.gov.br\/noticias\/2015\/12\/06\/caminhada-do-coracao-e-zumba-sao-destaques-dos-360-anos\/\" target=\"_blank\" rel=\"noopener noreferrer\">Caminhada e Zumba agitam para os 360 anos de Jundia\u00ed<\/a><br \/>\n<a href=\"https:\/\/jundiai.sp.gov.br\/noticias\/2015\/12\/03\/prefeito-orienta-ajustes-do-plano-diretor-participativo\/\" target=\"_blank\" rel=\"noopener noreferrer\">Prefeito orienta ajustes do Plano Diretor Participativo<\/a><br \/>\n<a href=\"https:\/\/jundiai.sp.gov.br\/noticias\/2015\/12\/05\/prefeito-pedro-bigardi-entrega-praca-no-parque-continental\/\" target=\"_blank\" rel=\"noopener noreferrer\">Prefeito Pedro Bigardi entrega pra\u00e7a no Parque Continental<\/a><\/p>\n<p>Pedro aproveitou a oportunidade para falar dos avan\u00e7os no munic\u00edpio de Jundia\u00ed. Destacou as \u00faltimas inaugura\u00e7\u00f5es, como a do <a href=\"https:\/\/jundiai.sp.gov.br\/noticias\/2015\/11\/29\/prefeitura-entrega-parque-de-173-mil-metros-quadrados\/\" target=\"_blank\" rel=\"noopener noreferrer\">Parque do Engordadouro<\/a> e da <a href=\"https:\/\/jundiai.sp.gov.br\/noticias\/2015\/11\/22\/prefeito-inaugura-ponte-que-liga-novo-horizonte-ao-tulipas\/\" target=\"_blank\" rel=\"noopener noreferrer\">ponte que liga o Jardim Tulipas ao Jardim Novo Horizonte<\/a>. Al\u00e9m disso, falou do calend\u00e1rio repleto de atividades por conta do anivers\u00e1rio de 360 anos de Jundia\u00ed.<\/p>\n<div id=\"attachment_163490\" style=\"width: 730px\" class=\"wp-caption aligncenter\"><a href=\"https:\/\/jundiai.sp.gov.br\/noticias\/wp-content\/uploads\/sites\/32\/2015\/12\/Prefeito-recebe-deputado-Angelo-Perugini.jpg\"><img loading=\"lazy\" decoding=\"async\" aria-describedby=\"caption-attachment-163490\" class=\"size-large wp-image-163490\" src=\"https:\/\/jundiai.sp.gov.br\/noticias\/wp-content\/uploads\/sites\/32\/2015\/12\/Prefeito-recebe-deputado-Angelo-Perugini-720x538.jpg\" alt=\"Prefeito recebeu deputado e falou das comemora\u00e7\u00f5es dos 360 anos de Jundia\u00ed\" width=\"720\" height=\"538\" srcset=\"https:\/\/jundiai.sp.gov.br\/noticias\/wp-content\/uploads\/sites\/32\/2015\/12\/Prefeito-recebe-deputado-Angelo-Perugini-720x538.jpg 720w, https:\/\/jundiai.sp.gov.br\/noticias\/wp-content\/uploads\/sites\/32\/2015\/12\/Prefeito-recebe-deputado-Angelo-Perugini-300x224.jpg 300w, https:\/\/jundiai.sp.gov.br\/noticias\/wp-content\/uploads\/sites\/32\/2015\/12\/Prefeito-recebe-deputado-Angelo-Perugini.jpg 1240w\" sizes=\"auto, (max-width: 720px) 100vw, 720px\" \/><\/a><p id=\"caption-attachment-163490\" class=\"wp-caption-text\">Prefeito recebeu deputado e falou das comemora\u00e7\u00f5es dos 360 anos de Jundia\u00ed<\/p><\/div>\n<p><strong><em>Assessoria de Imprensa<br \/>\nFoto: Cleber de Almeida<\/em><\/strong><\/p>\n","protected":false},"excerpt":{"rendered":"<p>O prefeito Pedro Bigardi recebeu nesta segunda-feira (7) o deputado estadual rec\u00e9m-empossado Angelo Peruguni. O parlamentar assumiu nessa sexta-feira (4) a cadeira que era de Alexandre Pereira. Perugini \u00e9 ex-prefeito do munic\u00edpio de Hortol\u00e2ndia (SP). LEIA TAMB\u00c9M Caminhada e Zumba agitam para os 360 anos de Jundia\u00ed Prefeito orienta ajustes do Plano Diretor Participativo Prefeito [&hellip;]<\/p>\n","protected":false},"author":14,"featured_media":0,"comment_status":"closed","ping_status":"closed","sticky":false,"template":"","format":"standard","meta":{"footnotes":""},"categories":[2],"tags":[832,58],"ods":[],"class_list":["post-163489","post","type-post","status-publish","format-standard","hentry","category-noticias","tag-jundiai-360-anos","tag-prefeito"],"_links":{"self":[{"href":"https:\/\/jundiai.sp.gov.br\/noticias\/wp-json\/wp\/v2\/posts\/163489","targetHints":{"allow":["GET"]}}],"collection":[{"href":"https:\/\/jundiai.sp.gov.br\/noticias\/wp-json\/wp\/v2\/posts"}],"about":[{"href":"https:\/\/jundiai.sp.gov.br\/noticias\/wp-json\/wp\/v2\/types\/post"}],"author":[{"embeddable":true,"href":"https:\/\/jundiai.sp.gov.br\/noticias\/wp-json\/wp\/v2\/users\/14"}],"replies":[{"embeddable":true,"href":"https:\/\/jundiai.sp.gov.br\/noticias\/wp-json\/wp\/v2\/comments?post=163489"}],"version-history":[{"count":5,"href":"https:\/\/jundiai.sp.gov.br\/noticias\/wp-json\/wp\/v2\/posts\/163489\/revisions"}],"predecessor-version":[{"id":257961,"href":"https:\/\/jundiai.sp.gov.br\/noticias\/wp-json\/wp\/v2\/posts\/163489\/revisions\/257961"}],"wp:attachment":[{"href":"https:\/\/jundiai.sp.gov.br\/noticias\/wp-json\/wp\/v2\/media?parent=163489"}],"wp:term":[{"taxonomy":"category","embeddable":true,"href":"https:\/\/jundiai.sp.gov.br\/noticias\/wp-json\/wp\/v2\/categories?post=163489"},{"taxonomy":"post_tag","embeddable":true,"href":"https:\/\/jundiai.sp.gov.br\/noticias\/wp-json\/wp\/v2\/tags?post=163489"},{"taxonomy":"ods","embeddable":true,"href":"https:\/\/jundiai.sp.gov.br\/noticias\/wp-json\/wp\/v2\/ods?post=163489"}],"curies":[{"name":"wp","href":"https:\/\/api.w.org\/{rel}","templated":true}]}}