{"id":163557,"date":"2015-12-07T16:34:53","date_gmt":"2015-12-07T18:34:53","guid":{"rendered":"https:\/\/jundiai.sp.gov.br\/noticias\/?p=163557"},"modified":"2016-11-04T13:10:36","modified_gmt":"2016-11-04T15:10:36","slug":"programacao-completa-do-estacione-consciente","status":"publish","type":"post","link":"https:\/\/jundiai.sp.gov.br\/noticias\/2015\/12\/07\/programacao-completa-do-estacione-consciente\/","title":{"rendered":"Programa\u00e7\u00e3o completa do Estacione Consciente"},"content":{"rendered":"<p><strong>Sexta-feira (4)<\/strong> \u2013 Divulga\u00e7\u00e3o da Campanha nas Unidades P\u00fablicas e entidades assistenciais;<\/p>\n<p><strong>Segunda-feira (7)<\/strong> \u2013 \u201cDin\u00e2mica da Cadeira de Rodas\u201d \u2013 Rua do Ros\u00e1rio pr\u00f3ximo a Catedral Nossa Senhora do Desterro, das 9h \u00e0s 11h;<\/p>\n<p><strong>Ter\u00e7a-feira (8)<\/strong> \u2013 \u201cDin\u00e2mica da Cadeira de Rodas\u201d \u2013 Rua Ernesto Diedrichse, pr\u00f3ximo ao Hospital Paulo Sacramento, das 9h \u00e0s 11h;<\/p>\n<p><strong>Quarta-feira (9)<\/strong> \u2013 \u201cDin\u00e2mica da Cadeira de Rodas\u201d \u2013 Rua Bar\u00e3o de Jundia\u00ed, pr\u00f3ximo ao F\u00f3rum, das 9h \u00e0s 11h;<\/p>\n<p><strong>Quinta-feira (10)<\/strong> \u2013 \u201cDin\u00e2mica da Cadeira de Rodas\u201d \u2013 Rua Lacerda Franco, pr\u00f3ximo ao 2\u00ba Cart\u00f3rio de Registro Civil de Jundia\u00ed, Vila Arens, 9h \u00e0s 11h;<\/p>\n<p><strong>Sexta-feira (11)<\/strong> \u2013 \u201cDin\u00e2mica da Cadeira de Rodas\u201d \u2013 Rua Jo\u00e3o Lopes, esquina com a Rua S\u00e3o Vicente de Paulo \u2013 PA Central, das 9h \u00e0s 11h.<\/p>\n","protected":false},"excerpt":{"rendered":"<p>Sexta-feira (4) \u2013 Divulga\u00e7\u00e3o da Campanha nas Unidades P\u00fablicas e entidades assistenciais; Segunda-feira (7) \u2013 \u201cDin\u00e2mica da Cadeira de Rodas\u201d \u2013 Rua do Ros\u00e1rio pr\u00f3ximo a Catedral Nossa Senhora do Desterro, das 9h \u00e0s 11h; Ter\u00e7a-feira (8) \u2013 \u201cDin\u00e2mica da Cadeira de Rodas\u201d \u2013 Rua Ernesto Diedrichse, pr\u00f3ximo ao Hospital Paulo Sacramento, das 9h \u00e0s [&hellip;]<\/p>\n","protected":false},"author":21,"featured_media":0,"comment_status":"closed","ping_status":"closed","sticky":false,"template":"","format":"standard","meta":{"footnotes":""},"categories":[2],"tags":[174,87,509,65,753,338],"ods":[],"class_list":["post-163557","post","type-post","status-publish","format-standard","hentry","category-noticias","tag-coordenadoria-da-juventude","tag-coordenadoria-do-idoso","tag-coordenadoria-dos-direitos-das-pessoas-com-deficiencia","tag-estacione-consciente","tag-estacione-consciente-2015","tag-transportes"],"_links":{"self":[{"href":"https:\/\/jundiai.sp.gov.br\/noticias\/wp-json\/wp\/v2\/posts\/163557","targetHints":{"allow":["GET"]}}],"collection":[{"href":"https:\/\/jundiai.sp.gov.br\/noticias\/wp-json\/wp\/v2\/posts"}],"about":[{"href":"https:\/\/jundiai.sp.gov.br\/noticias\/wp-json\/wp\/v2\/types\/post"}],"author":[{"embeddable":true,"href":"https:\/\/jundiai.sp.gov.br\/noticias\/wp-json\/wp\/v2\/users\/21"}],"replies":[{"embeddable":true,"href":"https:\/\/jundiai.sp.gov.br\/noticias\/wp-json\/wp\/v2\/comments?post=163557"}],"version-history":[{"count":3,"href":"https:\/\/jundiai.sp.gov.br\/noticias\/wp-json\/wp\/v2\/posts\/163557\/revisions"}],"predecessor-version":[{"id":163560,"href":"https:\/\/jundiai.sp.gov.br\/noticias\/wp-json\/wp\/v2\/posts\/163557\/revisions\/163560"}],"wp:attachment":[{"href":"https:\/\/jundiai.sp.gov.br\/noticias\/wp-json\/wp\/v2\/media?parent=163557"}],"wp:term":[{"taxonomy":"category","embeddable":true,"href":"https:\/\/jundiai.sp.gov.br\/noticias\/wp-json\/wp\/v2\/categories?post=163557"},{"taxonomy":"post_tag","embeddable":true,"href":"https:\/\/jundiai.sp.gov.br\/noticias\/wp-json\/wp\/v2\/tags?post=163557"},{"taxonomy":"ods","embeddable":true,"href":"https:\/\/jundiai.sp.gov.br\/noticias\/wp-json\/wp\/v2\/ods?post=163557"}],"curies":[{"name":"wp","href":"https:\/\/api.w.org\/{rel}","templated":true}]}}