{"id":163592,"date":"2015-12-08T14:58:25","date_gmt":"2015-12-08T16:58:25","guid":{"rendered":"https:\/\/jundiai.sp.gov.br\/noticias\/?p=163592"},"modified":"2020-02-10T10:32:29","modified_gmt":"2020-02-10T12:32:29","slug":"museu-promove-percurso-educativo-no-centro-neste-sabado-12","status":"publish","type":"post","link":"https:\/\/jundiai.sp.gov.br\/noticias\/2015\/12\/08\/museu-promove-percurso-educativo-no-centro-neste-sabado-12\/","title":{"rendered":"Museu promove percurso educativo no Centro neste s\u00e1bado (12)"},"content":{"rendered":"<div id=\"attachment_163593\" style=\"width: 410px\" class=\"wp-caption alignleft\"><a href=\"https:\/\/jundiai.sp.gov.br\/noticias\/wp-content\/uploads\/sites\/32\/2015\/12\/media\u00e7\u00e3o_professores_redeG.jpg\"><img loading=\"lazy\" decoding=\"async\" aria-describedby=\"caption-attachment-163593\" class=\"size-large wp-image-163593\" src=\"https:\/\/jundiai.sp.gov.br\/noticias\/wp-content\/uploads\/sites\/32\/2015\/12\/media\u00e7\u00e3o_professores_redeG-720x540.jpg\" alt=\"A a\u00e7\u00e3o, j\u00e1 desenvolvida com professores, \u00e9 aberta ao p\u00fablico\" width=\"400\" height=\"350\" \/><\/a><p id=\"caption-attachment-163593\" class=\"wp-caption-text\">A a\u00e7\u00e3o, j\u00e1 desenvolvida com professores, \u00e9 aberta ao p\u00fablico<\/p><\/div>\n<p><strong>O <a href=\"http:\/\/cultura.jundiai.sp.gov.br\/espacos-culturais\/museu-historico-e-cultural-de-jundiai\/\" target=\"_blank\" rel=\"noopener noreferrer\">Museu Hist\u00f3rico e Cultura de Jundia\u00ed Solar do Bar\u00e3o<\/a> promove, na regi\u00e3o central da cidade, uma media\u00e7\u00e3o did\u00e1tica neste s\u00e1bado (12), das 8h \u00e0s 10h30. Elaborado originalmente para professores, o trabalho \u00e9 aberto especialmente ao p\u00fablico em geral.<\/strong><\/p>\n<p>O percurso hist\u00f3rico recebe o nome de <strong>\u201cJundia\u00ed: M\u00faltiplas Temporalidades&#8221;<\/strong>, e possibilita aos participantes uma <strong>pequena viagem no tempo<\/strong> (interpreta\u00e7\u00e3o hist\u00f3rica) dos locais ao longo do percurso que, nesse caso, s\u00e3o <strong>Ponte Torta, Escad\u00e3o (Esplanada Monte Castelo), <a href=\"http:\/\/cultura.jundiai.sp.gov.br\/espacos-culturais\/teatro-polytheama\/\" target=\"_blank\" rel=\"noopener noreferrer\">Teatro Polytheama<\/a>, Pra\u00e7a Rui Barbosa (Largo do Pelourinho) e Pra\u00e7a Governador Pedro de Toledo (Largo da Matriz)<\/strong>.<\/p>\n<p>Segundo o educador e historiador Alexandre Oliveira, a media\u00e7\u00e3o visa permitir o <strong>entendimento da cidade com apoio no foco em alguns de seus locais<\/strong>. No m\u00e9todo, \u00e9 usada a apresenta\u00e7\u00e3o de <strong>fotos antigas das mesmas localidades com objetivo de suscitar uma compara\u00e7\u00e3o com as atuais constru\u00e7\u00f5es<\/strong>.<\/p>\n<p><strong>LEIA TAMB\u00c9M<\/strong><br \/>\n<a href=\"https:\/\/jundiai.sp.gov.br\/noticias\/2015\/12\/07\/festa-da-uva-2016-corte-e-eleita-no-polytheama\/\" target=\"_blank\" rel=\"noopener noreferrer\">Festa da Uva 2016: corte \u00e9 eleita no Polytheama<\/a><br \/>\n<a href=\"https:\/\/jundiai.sp.gov.br\/noticias\/2015\/12\/07\/jundiai-tem-semana-especial-para-comemorar-seus-360-anos\/\" target=\"_blank\" rel=\"noopener noreferrer\">Jundia\u00ed tem semana especial para comemorar 360 anos<\/a><br \/>\n<a href=\"https:\/\/jundiai.sp.gov.br\/noticias\/2015\/12\/04\/atracoes-culturais-comemoram-104-anos-do-polytheama\/\" target=\"_blank\" rel=\"noopener noreferrer\">Atra\u00e7\u00f5es culturais comemoram 104 anos do Polytheama<\/a><\/p>\n<p>\u201cA a\u00e7\u00e3o proposta visa <strong>problematizar aspectos da historicidade de locais do Centro<\/strong>, local de ocupa\u00e7\u00e3o sistem\u00e1tica desde do <strong>in\u00edcio do s\u00e9culo 17, ou seja, h\u00e1 quase 400 anos<\/strong>\u201d, explica.<\/p>\n<p>O conte\u00fado tamb\u00e9m vem sendo <strong>continuamente aprimorado desde 2013<\/strong>, incluindo intera\u00e7\u00f5es com <strong>oficinas ocorridas ao longo do projeto-piloto Urbanismo Caminh\u00e1vel<\/strong>, tamb\u00e9m da Prefeitura, implementado neste ano.<\/p>\n<p>Os interessados podem se inscrever pelos telefone <strong>(11) 4521-6259<\/strong>. S\u00e3o <strong>20 vagas<\/strong> dispon\u00edveis. O ponto de encontro para partida do percurso, de 1,3 km, vai ser a <a href=\"http:\/\/cultura.jundiai.sp.gov.br\/espacos-culturais\/pinacoteca-diogenes-duarte-paes\/\" target=\"_blank\" rel=\"noopener noreferrer\">Pinacoteca Di\u00f3genes Duarte Paes<\/a>. A idade m\u00ednima para participa\u00e7\u00e3o \u00e9 <strong>16 anos<\/strong>.<\/p>\n<p>Os organizadores orientam os participantes a usarem <strong>roupas e cal\u00e7ados confort\u00e1veis, levar uma garrafa com \u00e1gua<\/strong> para se hidratar durante a caminhada e tamb\u00e9m durante a realiza\u00e7\u00e3o das atividades, <strong>protetor solar e chap\u00e9u, guarda-chuva e\/ou capa de chuva e mochila<\/strong> para carregar pertences.<\/p>\n<p><strong>Confira o itiner\u00e1rio:<\/strong><\/p>\n<ul>\n<li><em>Ponto de encontro: Pinacoteca, \u00e0s 8h;<\/em><\/li>\n<li><em>Local 1 \u2013 Ponte Torta;<\/em><\/li>\n<li><em>Local 2 \u2013 Esplanada Monte Castelo \u2013 \u201cEscad\u00e3o\u201d;<\/em><\/li>\n<li><em>Local 3 \u2013 Largo do Pelourinho, atual Pra\u00e7a Rui Barbosa;<\/em><\/li>\n<li><em>Local 4 \u2013 Largo da Matriz, atual Pra\u00e7a Governador Pedro de Toledo;<\/em><\/li>\n<li><em>Local 5 &#8211; Encerramento, no Solar do Bar\u00e3o, \u00e0s\u00a010h30.<\/em><\/li>\n<\/ul>\n<p><strong><em>Assessoria de Imprensa<br \/>\nFoto: Divulga\u00e7\u00e3o<\/em><\/strong><\/p>\n","protected":false},"excerpt":{"rendered":"<p>O Museu Hist\u00f3rico e Cultura de Jundia\u00ed Solar do Bar\u00e3o promove, na regi\u00e3o central da cidade, uma media\u00e7\u00e3o did\u00e1tica neste s\u00e1bado (12), das 8h \u00e0s 10h30. Elaborado originalmente para professores, o trabalho \u00e9 aberto especialmente ao p\u00fablico em geral. O percurso hist\u00f3rico recebe o nome de \u201cJundia\u00ed: M\u00faltiplas Temporalidades&#8221;, e possibilita aos participantes uma pequena [&hellip;]<\/p>\n","protected":false},"author":14,"featured_media":0,"comment_status":"closed","ping_status":"closed","sticky":false,"template":"","format":"standard","meta":{"footnotes":""},"categories":[2],"tags":[29,290,370,32,427,659,98],"ods":[],"class_list":["post-163592","post","type-post","status-publish","format-standard","hentry","category-noticias","tag-cultura","tag-museu-historico-e-cultural-solar-do-barao","tag-pinacoteca-municipal-diogenes-duarte-paes","tag-planejamento-e-meio-ambiente","tag-ponte-torta","tag-projeto-urbanismo-caminhavel","tag-teatro-polytheama"],"_links":{"self":[{"href":"https:\/\/jundiai.sp.gov.br\/noticias\/wp-json\/wp\/v2\/posts\/163592","targetHints":{"allow":["GET"]}}],"collection":[{"href":"https:\/\/jundiai.sp.gov.br\/noticias\/wp-json\/wp\/v2\/posts"}],"about":[{"href":"https:\/\/jundiai.sp.gov.br\/noticias\/wp-json\/wp\/v2\/types\/post"}],"author":[{"embeddable":true,"href":"https:\/\/jundiai.sp.gov.br\/noticias\/wp-json\/wp\/v2\/users\/14"}],"replies":[{"embeddable":true,"href":"https:\/\/jundiai.sp.gov.br\/noticias\/wp-json\/wp\/v2\/comments?post=163592"}],"version-history":[{"count":5,"href":"https:\/\/jundiai.sp.gov.br\/noticias\/wp-json\/wp\/v2\/posts\/163592\/revisions"}],"predecessor-version":[{"id":234180,"href":"https:\/\/jundiai.sp.gov.br\/noticias\/wp-json\/wp\/v2\/posts\/163592\/revisions\/234180"}],"wp:attachment":[{"href":"https:\/\/jundiai.sp.gov.br\/noticias\/wp-json\/wp\/v2\/media?parent=163592"}],"wp:term":[{"taxonomy":"category","embeddable":true,"href":"https:\/\/jundiai.sp.gov.br\/noticias\/wp-json\/wp\/v2\/categories?post=163592"},{"taxonomy":"post_tag","embeddable":true,"href":"https:\/\/jundiai.sp.gov.br\/noticias\/wp-json\/wp\/v2\/tags?post=163592"},{"taxonomy":"ods","embeddable":true,"href":"https:\/\/jundiai.sp.gov.br\/noticias\/wp-json\/wp\/v2\/ods?post=163592"}],"curies":[{"name":"wp","href":"https:\/\/api.w.org\/{rel}","templated":true}]}}