{"id":163608,"date":"2015-12-08T15:16:57","date_gmt":"2015-12-08T17:16:57","guid":{"rendered":"https:\/\/jundiai.sp.gov.br\/noticias\/?p=163608"},"modified":"2016-11-04T13:10:35","modified_gmt":"2016-11-04T15:10:35","slug":"coordenadoria-da-juventude-oferece-cursos-gratuitos","status":"publish","type":"post","link":"https:\/\/jundiai.sp.gov.br\/noticias\/2015\/12\/08\/coordenadoria-da-juventude-oferece-cursos-gratuitos\/","title":{"rendered":"Coordenadoria da Juventude oferece cursos gratuitos"},"content":{"rendered":"<div id=\"attachment_163613\" style=\"width: 410px\" class=\"wp-caption alignleft\"><a href=\"https:\/\/jundiai.sp.gov.br\/noticias\/wp-content\/uploads\/sites\/32\/2015\/12\/Oficinas-Esta\u00e7\u00e3o-Juventude-99_G.jpg\"><img loading=\"lazy\" decoding=\"async\" aria-describedby=\"caption-attachment-163613\" class=\"size-large wp-image-163613\" src=\"https:\/\/jundiai.sp.gov.br\/noticias\/wp-content\/uploads\/sites\/32\/2015\/12\/Oficinas-Esta\u00e7\u00e3o-Juventude-99_G-720x468.jpg\" alt=\"Oficina de serigrafia est\u00e1 com inscri\u00e7\u00f5es abertas\" width=\"400\" height=\"350\" \/><\/a><p id=\"caption-attachment-163613\" class=\"wp-caption-text\">Oficina de serigrafia est\u00e1 com inscri\u00e7\u00f5es abertas<\/p><\/div>\n<p><strong>A <a href=\"https:\/\/www.facebook.com\/Coordenadoria-da-Juventude-de-Jundia%C3%AD-227034494027268\/?fref=ts\" target=\"_blank\">Coordenadoria da Juventude<\/a> inicia nesta quinta-feira (10) as \u00faltimas oficinas do ano no <a href=\"http:\/\/estacaojuventude.jundiai.sp.gov.br\/\" target=\"_blank\">Esta\u00e7\u00e3o Juventude (EJ)<\/a>. Mais de 90 atividades j\u00e1 foram realizadas no <a href=\"https:\/\/jundiai.sp.gov.br\/noticias\/2015\/04\/04\/estacao-juventude-abre-como-espaco-de-dialogo-com-jovens\/\" target=\"_blank\">espa\u00e7o inaugurado em abril deste ano<\/a>.<\/strong><\/p>\n<p>Os cursos de <strong>arte urbana, desenho e estampa<\/strong> est\u00e3o com as inscri\u00e7\u00f5es abertas no portal do EJ. As vagas s\u00e3o <strong>limitadas<\/strong>. Para se matricular basta ter <strong>de 15 a 29 anos<\/strong>.<\/p>\n<p>Na <strong>quinta (10) e sexta-feira (11)<\/strong>, est\u00e1 agendada\u00a0a <strong>oficina de serigrafia \u201cDa matriz \u00e0 impress\u00e3o da estampa&#8221;, das 14h e 18h<\/strong>. Tamb\u00e9m na sexta (11), vai ser realizado o curso <strong>\u201cA que lugar eu perten\u00e7o?\u201d, das 14h \u00e0s 17h<\/strong>.<\/p>\n<p>J\u00e1 <strong>no s\u00e1bado (12), das 10h \u00e0s 13h<\/strong>, vai ser a vez da <strong>oficina de desenho, com foco em charges<\/strong>. O curso ainda tem <strong>vagas abertas para o s\u00e1bado (19), sempre das 10h \u00e0s 13h, com 15 vagas<\/strong> por turma.<\/p>\n<p><strong>LEIA TAMB\u00c9M<\/strong><br \/>\n<a href=\"https:\/\/jundiai.sp.gov.br\/noticias\/2015\/12\/03\/prefeito-prestigia-5o-premio-acoes-inclusivas-de-sao-paulo\/\" target=\"_blank\">Prefeito prestigia 5\u00ba Pr\u00eamio A\u00e7\u00f5es Inclusivas de S\u00e3o Paulo<\/a><br \/>\n<a href=\"https:\/\/jundiai.sp.gov.br\/noticias\/2015\/12\/07\/dinamica-da-cadeira-de-rodas-conscientiza-motoristas-no-centro\/\" target=\"_blank\">\u2018Din\u00e2mica da Cadeira de Rodas\u2019 conscientiza motoristas no Centro<\/a><\/p>\n<p><strong>A oficina de moda j\u00e1 est\u00e1 com a matr\u00edcula encerrada.<\/strong><\/p>\n<p>O Esta\u00e7\u00e3o Juventude fica na<strong> avenida Uni\u00e3o dos Ferrovi\u00e1rios, n\u00ba 1.600, Complexo Fepasa. Mais informa\u00e7\u00f5es: 4587-1000 ou 4582-5523<\/strong>.<\/p>\n<p><strong><em>Assessoria de Imprensa<br \/>\nFoto: Fot\u00f3grafos PMJ<\/em><\/strong><\/p>\n","protected":false},"excerpt":{"rendered":"<p>Os cursos de arte urbana, desenho e estampa est\u00e3o com as inscri\u00e7\u00f5es abertas no portal do Esta\u00e7\u00e3o Juventude, com vagas limitadas<\/p>\n","protected":false},"author":14,"featured_media":163624,"comment_status":"closed","ping_status":"closed","sticky":false,"template":"","format":"standard","meta":{"footnotes":""},"categories":[2],"tags":[174,430,449,621],"ods":[],"class_list":["post-163608","post","type-post","status-publish","format-standard","has-post-thumbnail","hentry","category-noticias","tag-coordenadoria-da-juventude","tag-cursos-gratuitos","tag-espaco-expressa","tag-estacao-juventude"],"_links":{"self":[{"href":"https:\/\/jundiai.sp.gov.br\/noticias\/wp-json\/wp\/v2\/posts\/163608","targetHints":{"allow":["GET"]}}],"collection":[{"href":"https:\/\/jundiai.sp.gov.br\/noticias\/wp-json\/wp\/v2\/posts"}],"about":[{"href":"https:\/\/jundiai.sp.gov.br\/noticias\/wp-json\/wp\/v2\/types\/post"}],"author":[{"embeddable":true,"href":"https:\/\/jundiai.sp.gov.br\/noticias\/wp-json\/wp\/v2\/users\/14"}],"replies":[{"embeddable":true,"href":"https:\/\/jundiai.sp.gov.br\/noticias\/wp-json\/wp\/v2\/comments?post=163608"}],"version-history":[{"count":5,"href":"https:\/\/jundiai.sp.gov.br\/noticias\/wp-json\/wp\/v2\/posts\/163608\/revisions"}],"predecessor-version":[{"id":163627,"href":"https:\/\/jundiai.sp.gov.br\/noticias\/wp-json\/wp\/v2\/posts\/163608\/revisions\/163627"}],"wp:featuredmedia":[{"embeddable":true,"href":"https:\/\/jundiai.sp.gov.br\/noticias\/wp-json\/wp\/v2\/media\/163624"}],"wp:attachment":[{"href":"https:\/\/jundiai.sp.gov.br\/noticias\/wp-json\/wp\/v2\/media?parent=163608"}],"wp:term":[{"taxonomy":"category","embeddable":true,"href":"https:\/\/jundiai.sp.gov.br\/noticias\/wp-json\/wp\/v2\/categories?post=163608"},{"taxonomy":"post_tag","embeddable":true,"href":"https:\/\/jundiai.sp.gov.br\/noticias\/wp-json\/wp\/v2\/tags?post=163608"},{"taxonomy":"ods","embeddable":true,"href":"https:\/\/jundiai.sp.gov.br\/noticias\/wp-json\/wp\/v2\/ods?post=163608"}],"curies":[{"name":"wp","href":"https:\/\/api.w.org\/{rel}","templated":true}]}}