{"id":163781,"date":"2015-12-09T16:48:16","date_gmt":"2015-12-09T18:48:16","guid":{"rendered":"https:\/\/jundiai.sp.gov.br\/noticias\/?p=163781"},"modified":"2016-11-04T13:13:46","modified_gmt":"2016-11-04T15:13:46","slug":"coreografia-especial-celebra-os-104-anos-do-polytheama","status":"publish","type":"post","link":"https:\/\/jundiai.sp.gov.br\/noticias\/2015\/12\/09\/coreografia-especial-celebra-os-104-anos-do-polytheama\/","title":{"rendered":"Coreografia especial celebra os 104 anos do Polytheama"},"content":{"rendered":"<p><iframe loading=\"lazy\" width=\"420\" height=\"315\" src=\"https:\/\/www.youtube.com\/embed\/MYgqlJ4xnxY\" frameborder=\"0\" allowfullscreen class=\"alignright\"><\/iframe><strong>A lenda que embasa uma das vers\u00f5es da funda\u00e7\u00e3o de Jundia\u00ed vai ser retratada na coreografia \u201cY \u2013 O In\u00edcio\u201d, da Cia. de Dan\u00e7a de Jundia\u00ed, neste domingo (13), a partir das 19h, no <a href=\"http:\/\/cultura.jundiai.sp.gov.br\/espacos-culturais\/teatro-polytheama\/\" target=\"_blank\">Teatro Polytheama<\/a>, em comemora\u00e7\u00e3o aos seus 104 anos. O trabalho conduzido pelo diretor executivo da companhia, Rafael Zago, homenageia a rica hist\u00f3ria da cidade atrav\u00e9s dos movimentos sincronizados.<\/strong><\/p>\n<p>Entre as gera\u00e7\u00f5es dos jundiaienses corre o <strong>misterioso relato de que a cidade teve como precursores de sua funda\u00e7\u00e3o dois v\u00edvidos amantes da capital paulista, Petronilha Antunes e Rafael de Oliveira. Ambos teriam vindo para a regi\u00e3o de \u201cJundiahy\u201d por volta de 1615, fugindo das trevas de seu mais obscuro ato de amor: o assassinato do primeiro marido de Petronilha, Jos\u00e9 de Camargo Antunes<\/strong>, comerciante em S\u00e3o Paulo.<\/p>\n<p>Segundo a core\u00f3grafa e diretora art\u00edstica da Cia. de Dan\u00e7a, C\u00edntia Ladeira, na estreia da companhia, a coreografia \u201cY\u201d j\u00e1 compunha o espet\u00e1culo \u201cEntre V\u00e3os\u201d, contudo o trabalho foi modificado para a atual apresenta\u00e7\u00e3o. \u201cA vers\u00e3o era sucinta, pois dividia o palco com outros tr\u00eas trabalhos. Desta vez, vamos <strong>abordar com mais completude a hist\u00f3ria a ser transpassada<\/strong>\u201d, adianta.<\/p>\n<p><strong>LEIA TAMB\u00c9M<\/strong><br \/>\n<a href=\"https:\/\/jundiai.sp.gov.br\/noticias\/2015\/12\/09\/jundiai-360-anos-e-tema-de-oficina-de-fotografia\/\" target=\"_blank\">\u2018Jundiai 360 Anos\u2019 \u00e9 tema de oficina de fotografia no Centro<\/a><br \/>\n<a href=\"https:\/\/jundiai.sp.gov.br\/noticias\/2015\/12\/08\/coral-municipal-encerra-temporada-com-parceria-no-samba\/\" target=\"_blank\">Coral Municipal encerra temporada com parceria no samba<\/a><br \/>\n<a href=\"https:\/\/jundiai.sp.gov.br\/noticias\/2015\/12\/08\/corte-inicia-divulgacao-da-33a-festa-da-uva-e-4a-expo-vinhos\/\" target=\"_blank\">Corte inicia divulga\u00e7\u00e3o da 33\u00aa Festa da Uva e 4\u00aa Expo Vinhos<\/a><br \/>\n<a href=\"https:\/\/jundiai.sp.gov.br\/noticias\/2015\/12\/08\/festa-da-uva-2016-inscricao-para-concurso-de-fotografia-segue-ate-sexta-18\/\" target=\"_blank\">Inscri\u00e7\u00e3o do Concurso de Fotografia da Festa da Uva vai at\u00e9 sexta (18)<\/a><\/p>\n<div id=\"attachment_163782\" style=\"width: 730px\" class=\"wp-caption aligncenter\"><a href=\"https:\/\/jundiai.sp.gov.br\/noticias\/wp-content\/uploads\/sites\/32\/2015\/12\/Ensaio_Ballet_A_75G.jpg\"><img loading=\"lazy\" decoding=\"async\" aria-describedby=\"caption-attachment-163782\" class=\"size-large wp-image-163782\" src=\"https:\/\/jundiai.sp.gov.br\/noticias\/wp-content\/uploads\/sites\/32\/2015\/12\/Ensaio_Ballet_A_75G-720x488.jpg\" alt=\"Cia. de Dan\u00e7a apresenta espet\u00e1culo especial\" width=\"720\" height=\"488\" srcset=\"https:\/\/jundiai.sp.gov.br\/noticias\/wp-content\/uploads\/sites\/32\/2015\/12\/Ensaio_Ballet_A_75G-720x488.jpg 720w, https:\/\/jundiai.sp.gov.br\/noticias\/wp-content\/uploads\/sites\/32\/2015\/12\/Ensaio_Ballet_A_75G-300x203.jpg 300w, https:\/\/jundiai.sp.gov.br\/noticias\/wp-content\/uploads\/sites\/32\/2015\/12\/Ensaio_Ballet_A_75G.jpg 1240w\" sizes=\"auto, (max-width: 720px) 100vw, 720px\" \/><\/a><p id=\"caption-attachment-163782\" class=\"wp-caption-text\">Cia. de Dan\u00e7a apresenta espet\u00e1culo especial<\/p><\/div>\n<p><strong>A companhia mantida pela Prefeitura, por meio da <a href=\"http:\/\/cultura.jundiai.sp.gov.br\/\" target=\"_blank\">Secretaria de Cultura<\/a><\/strong>, vai ter a apresenta\u00e7\u00e3o como pen\u00faltimo trabalho do ano. \u201cA Cia. de Dan\u00e7a \u00e9 um programa de <strong>grande import\u00e2ncia<\/strong> para a cidade. Durante todo ano buscamos a <strong>realiza\u00e7\u00e3o de um trabalho de alto n\u00edvel, e esperamos que a popula\u00e7\u00e3o prestigie esta que \u00e9 uma das \u00faltimas oportunidades da temporada 2015<\/strong>\u201d, ressalta a diretora de Teatros, Helo\u00edsa Oliveira.<\/p>\n<p>Outra apresenta\u00e7\u00e3o de \u201cY\u201d vai ser na <strong>sexta-feira (18), \u00e0s 20h, no mesmo local. O Polytheama fica na rua Bar\u00e3o de Jundia\u00ed, 176, Centro. A entrada \u00e9 gratuita. Mais informa\u00e7\u00f5es, telefone (11) 4522\u20130770<\/strong>.<\/p>\n<p><strong><em>Assessoria de Imprensa<br \/>\nFoto: Arquivo PMJ<\/em><\/strong><\/p>\n","protected":false},"excerpt":{"rendered":"<p>A lenda que embasa uma das vers\u00f5es da funda\u00e7\u00e3o de Jundia\u00ed vai ser retratada na coreografia \u201cY \u2013 O In\u00edcio\u201d, da Cia. de Dan\u00e7a de Jundia\u00ed, neste domingo (13), a partir das 19h, no Teatro Polytheama, em comemora\u00e7\u00e3o aos seus 104 anos. O trabalho conduzido pelo diretor executivo da companhia, Rafael Zago, homenageia a rica [&hellip;]<\/p>\n","protected":false},"author":14,"featured_media":0,"comment_status":"closed","ping_status":"closed","sticky":false,"template":"","format":"standard","meta":{"footnotes":""},"categories":[2],"tags":[836,29,439,832,98],"ods":[],"class_list":["post-163781","post","type-post","status-publish","format-standard","hentry","category-noticias","tag-104-anos-do-polytheama","tag-cultura","tag-danca","tag-jundiai-360-anos","tag-teatro-polytheama"],"_links":{"self":[{"href":"https:\/\/jundiai.sp.gov.br\/noticias\/wp-json\/wp\/v2\/posts\/163781","targetHints":{"allow":["GET"]}}],"collection":[{"href":"https:\/\/jundiai.sp.gov.br\/noticias\/wp-json\/wp\/v2\/posts"}],"about":[{"href":"https:\/\/jundiai.sp.gov.br\/noticias\/wp-json\/wp\/v2\/types\/post"}],"author":[{"embeddable":true,"href":"https:\/\/jundiai.sp.gov.br\/noticias\/wp-json\/wp\/v2\/users\/14"}],"replies":[{"embeddable":true,"href":"https:\/\/jundiai.sp.gov.br\/noticias\/wp-json\/wp\/v2\/comments?post=163781"}],"version-history":[{"count":7,"href":"https:\/\/jundiai.sp.gov.br\/noticias\/wp-json\/wp\/v2\/posts\/163781\/revisions"}],"predecessor-version":[{"id":164020,"href":"https:\/\/jundiai.sp.gov.br\/noticias\/wp-json\/wp\/v2\/posts\/163781\/revisions\/164020"}],"wp:attachment":[{"href":"https:\/\/jundiai.sp.gov.br\/noticias\/wp-json\/wp\/v2\/media?parent=163781"}],"wp:term":[{"taxonomy":"category","embeddable":true,"href":"https:\/\/jundiai.sp.gov.br\/noticias\/wp-json\/wp\/v2\/categories?post=163781"},{"taxonomy":"post_tag","embeddable":true,"href":"https:\/\/jundiai.sp.gov.br\/noticias\/wp-json\/wp\/v2\/tags?post=163781"},{"taxonomy":"ods","embeddable":true,"href":"https:\/\/jundiai.sp.gov.br\/noticias\/wp-json\/wp\/v2\/ods?post=163781"}],"curies":[{"name":"wp","href":"https:\/\/api.w.org\/{rel}","templated":true}]}}