{"id":163829,"date":"2015-12-09T17:53:41","date_gmt":"2015-12-09T19:53:41","guid":{"rendered":"https:\/\/jundiai.sp.gov.br\/noticias\/?p=163829"},"modified":"2020-11-06T08:55:22","modified_gmt":"2020-11-06T11:55:22","slug":"jundiaienses-comemoram-recuperacao-da-ponte-torta","status":"publish","type":"post","link":"https:\/\/jundiai.sp.gov.br\/noticias\/2015\/12\/09\/jundiaienses-comemoram-recuperacao-da-ponte-torta\/","title":{"rendered":"Jundiaienses comemoram recupera\u00e7\u00e3o da Ponte Torta"},"content":{"rendered":"<p><strong>A entrega da Ponte Torta \u00e0 comunidade, em evento das 17h \u00e0s 22h neste domingo (13), em comemora\u00e7\u00e3o aos 360 anos do reconhecimento de Jundia\u00ed como vila colonial em 1655, causa boas sensa\u00e7\u00f5es a moradores que consideram importante para a cidade valorizar sua pr\u00f3pria hist\u00f3ria e identidade.<\/strong><\/p>\n<p>Muitas delas contribu\u00edram ao longo do projeto A\u00e7\u00f5es de Conserva\u00e7\u00e3o e Zeladoria da Ponte Torta, lan\u00e7ado em setembro de 2014 e que envolveu tanto a <strong>pesquisa t\u00e9cnica de recupera\u00e7\u00e3o ou at\u00e9 substitui\u00e7\u00f5es de tijolos origin\u00e1rios do s\u00e9culo 19 como a pesquisa de mem\u00f3ria social que contou com especialistas e moradores<\/strong>.<\/p>\n<p><strong>LEIA TAMB\u00c9M<\/strong><br \/>\n<a href=\"https:\/\/jundiai.sp.gov.br\/noticias\/2015\/12\/07\/jundiai-tem-semana-especial-para-comemorar-seus-360-anos\/\" target=\"_blank\" rel=\"noopener noreferrer\">Jundia\u00ed tem semana especial para comemorar 360 anos<\/a><br \/>\n<a href=\"https:\/\/jundiai.sp.gov.br\/noticias\/2015\/12\/09\/coreografia-especial-celebra-os-104-anos-do-polytheama\/\" target=\"_blank\" rel=\"noopener noreferrer\">Coreografia especial celebra os 104 anos do Polytheama<\/a><br \/>\n<a href=\"https:\/\/jundiai.sp.gov.br\/noticias\/2015\/12\/09\/jundiai-360-anos-e-tema-de-oficina-de-fotografia\/\" target=\"_blank\" rel=\"noopener noreferrer\">\u2018Jundiai 360 Anos\u2019 \u00e9 tema de oficina de fotografia no Centro<\/a><br \/>\n<a href=\"https:\/\/jundiai.sp.gov.br\/noticias\/2015\/12\/09\/atracoes-circenses-levam-diversao-a-entrega-da-ponte-torta\/\" target=\"_blank\" rel=\"noopener noreferrer\">Atra\u00e7\u00f5es circenses levam divers\u00e3o \u00e0 entrega da Ponte Torta<\/a><\/p>\n<div id=\"attachment_163830\" style=\"width: 730px\" class=\"wp-caption aligncenter\"><a href=\"https:\/\/jundiai.sp.gov.br\/noticias\/wp-content\/uploads\/sites\/32\/2015\/12\/ponte_torta_P-10G.jpg\"><img loading=\"lazy\" decoding=\"async\" aria-describedby=\"caption-attachment-163830\" class=\"size-large wp-image-163830\" src=\"https:\/\/jundiai.sp.gov.br\/noticias\/wp-content\/uploads\/sites\/32\/2015\/12\/ponte_torta_P-10G-720x457.jpg\" alt=\"A Ponte Torta, j\u00e1 recuperada e pronta para ser 'devolvida' \u00e0 comunidade \" width=\"720\" height=\"457\" srcset=\"https:\/\/jundiai.sp.gov.br\/noticias\/wp-content\/uploads\/sites\/32\/2015\/12\/ponte_torta_P-10G-720x457.jpg 720w, https:\/\/jundiai.sp.gov.br\/noticias\/wp-content\/uploads\/sites\/32\/2015\/12\/ponte_torta_P-10G-300x190.jpg 300w, https:\/\/jundiai.sp.gov.br\/noticias\/wp-content\/uploads\/sites\/32\/2015\/12\/ponte_torta_P-10G.jpg 1240w\" sizes=\"auto, (max-width: 720px) 100vw, 720px\" \/><\/a><p id=\"caption-attachment-163830\" class=\"wp-caption-text\">A Ponte Torta, j\u00e1 recuperada e pronta para ser &#8220;devolvida&#8221; \u00e0 comunidade<\/p><\/div>\n<p>Do uso da ponte para a <strong>passagem de carro\u00e7as de banana<\/strong> at\u00e9 o reconhecimento de seu papel como <strong>s\u00edmbolo popular no uso para bebidas, garapas ou blocos carnavalescos<\/strong>, o projeto <strong>revelou uma outra camada da cidade que estava oculta atr\u00e1s do abandono e do isolamento em que a Ponte Torta havia sido colocada<\/strong>.<\/p>\n<p>O projeto implementado pelo <strong>prefeito Pedro Bigardi, pela Secretaria de Planejamento e Meio Ambiente e pelo Est\u00fadio Saras\u00e1<\/strong>, mostrou tamb\u00e9m que a Ponte Torta, aberta no mesmo de <strong>ano de 1888 que marcou a aboli\u00e7\u00e3o parcial do regime escravo e o in\u00edcio oficial do n\u00facleo da imigra\u00e7\u00e3o italiana<\/strong>, representou tamb\u00e9m um <strong>marco da transforma\u00e7\u00e3o urbana, que levaria caf\u00e9, da ferrovia e das tropas de cavalos para a industrializa\u00e7\u00e3o da ent\u00e3o Jundiahy com fortes focos t\u00eaxtil na Vila Arens e cer\u00e2mico na Ponte, marcando a era industrial-oper\u00e1ria do s\u00e9culo 20<\/strong>.<\/p>\n<p><strong>Confira a\u00a0opini\u00e3o de alguns participantes:<\/strong><\/p>\n<div id=\"attachment_163839\" style=\"width: 410px\" class=\"wp-caption alignright\"><a href=\"https:\/\/jundiai.sp.gov.br\/noticias\/wp-content\/uploads\/sites\/32\/2015\/12\/ponte_torta_P-Roberto-Franco-Bueno-20G.jpg\"><img loading=\"lazy\" decoding=\"async\" aria-describedby=\"caption-attachment-163839\" class=\"size-large wp-image-163839\" src=\"https:\/\/jundiai.sp.gov.br\/noticias\/wp-content\/uploads\/sites\/32\/2015\/12\/ponte_torta_P-Roberto-Franco-Bueno-20G-720x517.jpg\" alt=\"Roberto Franco Bueno,  81 anos\" width=\"400\" height=\"350\" \/><\/a><p id=\"caption-attachment-163839\" class=\"wp-caption-text\">Roberto Franco Bueno, 81 anos<\/p><\/div>\n<p>O <strong>arquiteto e pesquisador de hist\u00f3ria, Roberto Franco Bueno<\/strong>, afirma aos <strong>81 anos<\/strong> que <strong>Jundia\u00ed aponta um rumo importante com a revaloriza\u00e7\u00e3o da Ponte Torta<\/strong>. \u201c<strong>N\u00e3o \u00e9 apenas uma quest\u00e3o de cuidar da ponte<\/strong>, mas representa a <strong>necessidade de cuidarmos da cidade e de suas tradi\u00e7\u00f5es<\/strong>\u201d, afirma ele, lembrando que a <strong>bandeira do munic\u00edpio indica tamb\u00e9m 400 anos de povoa\u00e7\u00e3o<\/strong>.<\/p>\n<p>Autor de um dos livros sobre os dois primeiros s\u00e9culos, \u201cVilla Fermosa de Nossa Senhora do Dest\u00earro do Matto Grosso de Jundiahy\u201d, e terminando um novo volume, ele defende que a<strong> cidade tem uma hist\u00f3ria riqu\u00edssima e que deve ser vista como mat\u00e9ria prima importante desde seus povos nativos at\u00e9 seus imigrantes portugueses, africanos, italianos, arm\u00eanios, turcos, orientais<\/strong> e tantos outros.<\/p>\n<p>\u201c<strong>Lamento que tenhamos demorado tanto tempo para despertarmos para isso<\/strong>. Eu mesmo, como profissional, trabalhei em projeto que demoliu a casa da Nh\u00e1 Poli, na regi\u00e3o da pra\u00e7a da Bandeira, que era um dos mais importantes curtumes dos tempos das tropas de cavalos. E tantos outros profissionais e propriet\u00e1rios demoliram casas de taipa e constru\u00e7\u00f5es que ainda poderiam estar conosco, com outros usos. Por isso <strong>\u00e9 importante corrigir o rumo<\/strong>\u201d, afirma.<\/p>\n<div id=\"attachment_163843\" style=\"width: 410px\" class=\"wp-caption alignleft\"><a href=\"https:\/\/jundiai.sp.gov.br\/noticias\/wp-content\/uploads\/sites\/32\/2015\/12\/ponte_torta_P-Odila-Grella_-4G.jpg\"><img loading=\"lazy\" decoding=\"async\" aria-describedby=\"caption-attachment-163843\" class=\"size-large wp-image-163843\" src=\"https:\/\/jundiai.sp.gov.br\/noticias\/wp-content\/uploads\/sites\/32\/2015\/12\/ponte_torta_P-Odila-Grella_-4G-720x578.jpg\" alt=\"Odila Grella de Oliveira, 55 anos\" width=\"400\" height=\"350\" \/><\/a><p id=\"caption-attachment-163843\" class=\"wp-caption-text\">Odila Grella de Oliveira, 55 anos<\/p><\/div>\n<p>A <strong>artes\u00e3 Odila Grella de Oliveira, de 55 anos<\/strong>, fica orgulhosa ao ser reconhecida como <strong>autora de r\u00e9plicas em miniatura da Ponte Torta dentro dos diversos tipos de trabalhos feitos no programa <a href=\"http:\/\/turismo.jundiai.sp.gov.br\/atrativos\/artesanato-jundiai-feito-a-mao\/\" target=\"_blank\" rel=\"noopener noreferrer\">Jundia\u00ed Feito \u00e0 M\u00e3o<\/a><\/strong>. Ela relembra que o trabalho de cria\u00e7\u00e3o, feito com materiais reciclados, contou com <strong>muita pesquisa e o apoio do companheiro Ademar para a solu\u00e7\u00e3o do arco que \u00e9 a marca t\u00edpica do monumento<\/strong>.<\/p>\n<p>\u201cH\u00e1 algum tempo recebemos uma orienta\u00e7\u00e3o do programa para buscarmos <strong>valorizar o patrim\u00f4nio de Jundia\u00ed<\/strong>. Quando decidi pela Ponte Torta, pouco mais tarde surgiu esse movimento bonito que agora chega ao seu resultado\u201d, afirma.<\/p>\n<p>Para ela, a <strong>cidade oferece muitas fontes de inspira\u00e7\u00e3o<\/strong> para as pessoas e isso \u00e9 importante para a comunidade. Um dos motivos \u00e9 exatamente o seu tempo de exist\u00eancia, que agora chega aos 360 anos apenas de reconhecimento como vila colonial no s\u00e9culo 17. \u201cE tamb\u00e9m nossa natureza\u201d, destaca.<\/p>\n<div id=\"attachment_163844\" style=\"width: 410px\" class=\"wp-caption alignright\"><a href=\"https:\/\/jundiai.sp.gov.br\/noticias\/wp-content\/uploads\/sites\/32\/2015\/12\/ponte_torta_PValdomiro-e-Maria-Tercilia-29G.jpg\"><img loading=\"lazy\" decoding=\"async\" aria-describedby=\"caption-attachment-163844\" class=\"size-large wp-image-163844\" src=\"https:\/\/jundiai.sp.gov.br\/noticias\/wp-content\/uploads\/sites\/32\/2015\/12\/ponte_torta_PValdomiro-e-Maria-Tercilia-29G-720x503.jpg\" alt=\"Maria Terc\u00edlia Espadoni e Valdomiro Jos\u00e9 Imperato, ambos com 85 anos\" width=\"400\" height=\"350\" \/><\/a><p id=\"caption-attachment-163844\" class=\"wp-caption-text\">Maria Terc\u00edlia Espadoni e Valdomiro Jos\u00e9 Imperato, ambos com 85 anos<\/p><\/div>\n<p><strong>Maria Terc\u00edlia Espadoni e Valdomiro Jos\u00e9 Imperato, ambos com 85 anos<\/strong>, afirmam que a <strong>Ponte Torta \u00e9 uma refer\u00eancia para suas vidas e muitas outras da cidade<\/strong>. Ela morava na ent\u00e3o rua Jos\u00e9 do Patroc\u00ednio, bem pr\u00f3ximo do monumento e ainda antes de virar avenida. Ele morava na Vila Progresso mas estudava no Centro e <strong>passava todos os dias pela ponte para ir para a escola, coincidindo com o apito da F\u00e1brica S\u00e3o Bento no hor\u00e1rio das dez para o meio dia<\/strong>.<\/p>\n<p>\u201cPara mim \u00e9 uma <strong>lembran\u00e7a do meu passado, que resgata minha inf\u00e2ncia<\/strong>\u201d, afirma ele. O casal se recorda at\u00e9 mesmo de um banco alinhado ent\u00e3o ao primeiro degrau da ponte, que se prolongava at\u00e9 a sombra de uma \u00e1rvore vizinha, onde conhecidos namoraram durante meio s\u00e9culo sem chegar ao casamento&#8230; e tamb\u00e9m de muitas hist\u00f3rias curiosas ou engra\u00e7adas.<\/p>\n<div id=\"attachment_163846\" style=\"width: 410px\" class=\"wp-caption alignleft\"><a href=\"https:\/\/jundiai.sp.gov.br\/noticias\/wp-content\/uploads\/sites\/32\/2015\/12\/ponte_torta_P-Ignes-de-Castro-DADI-6G.jpg\"><img loading=\"lazy\" decoding=\"async\" aria-describedby=\"caption-attachment-163846\" class=\"size-large wp-image-163846\" src=\"https:\/\/jundiai.sp.gov.br\/noticias\/wp-content\/uploads\/sites\/32\/2015\/12\/ponte_torta_P-Ignes-de-Castro-DADI-6G-720x592.jpg\" alt=\"Ignez de Castro, a Dad\u00ed: Hist\u00f3ria em quadrinhos relata a luta contra a destrui\u00e7\u00e3o da Ponte Torta\" width=\"400\" height=\"350\" \/><\/a><p id=\"caption-attachment-163846\" class=\"wp-caption-text\">Ignez de Castro, a Dad\u00ed: Hist\u00f3ria em quadrinhos relata a luta contra a destrui\u00e7\u00e3o da Ponte Torta<\/p><\/div>\n<p>Para a <strong>professora e artista pl\u00e1stica Ignez de Castro<\/strong>, o agora <strong>monumento \u00e9 uma conquista do povo jundiaiense<\/strong>. Com seu <strong>nome art\u00edstico Dad\u00ed, tornou-se autora da hist\u00f3ria em quadrinhos \u201cO Grande Desaponte\u201d, republicada neste ano na revista As Periquitas (Editorial Kalaco)<\/strong>. De forma ilustrada, ela conta de forma ilustrada com <strong>personagens animais como a Prefeitura decidiu demolir a Ponte Torta na d\u00e9cada de 1980, enfrentando uma grande mobiliza\u00e7\u00e3o popular que impediu essa inten\u00e7\u00e3o mas deixou como marca uma ponte com um dos lados afastados de sua margem<\/strong>.<\/p>\n<p>\u201c<strong>Achava-se ent\u00e3o que a ponte atrapalhava o chamado progresso<\/strong>. Mas descobrirmos que n\u00e3o era apenas <strong>uma ponte<\/strong>, mas <strong>a ponte<\/strong>. Fiquei triste por ainda n\u00e3o ter sido cuidada e ter perdido sua fun\u00e7\u00e3o mais \u00fatil, de ter continuado como um monumento abandonado. <strong>Agora est\u00e1 sendo reconhecida<\/strong>\u201d, afirma. Ela admite uma certa conex\u00e3o entre seu tra\u00e7o na HQ com obras cl\u00e1ssicas dos quadrinhos como em \u201cO Edif\u00edcio\u201d, de Will Eisner, que aborda exatamente o valor do tempo acumulado.<\/p>\n<div id=\"attachment_163850\" style=\"width: 410px\" class=\"wp-caption alignright\"><a href=\"https:\/\/jundiai.sp.gov.br\/noticias\/wp-content\/uploads\/sites\/32\/2015\/12\/ponte_torta_P-Mauricio-Ferreira-15G.jpg\"><img loading=\"lazy\" decoding=\"async\" aria-describedby=\"caption-attachment-163850\" class=\"size-large wp-image-163850\" src=\"https:\/\/jundiai.sp.gov.br\/noticias\/wp-content\/uploads\/sites\/32\/2015\/12\/ponte_torta_P-Mauricio-Ferreira-15G-720x494.jpg\" alt=\"Maur\u00edcio Ferreira, 53 anos\" width=\"400\" height=\"350\" \/><\/a><p id=\"caption-attachment-163850\" class=\"wp-caption-text\">Maur\u00edcio Ferreira, 53 anos<\/p><\/div>\n<p>Para o <strong>professor Maur\u00edcio Ferreira, de 53 anos, a emo\u00e7\u00e3o de ver a Ponte Torta sendo revitalizada deve ser motivo de celebra\u00e7\u00e3o para a cidade<\/strong>. \u201cPara mim, ela \u00e9 como se fosse a <strong><a href=\"https:\/\/jundiai.sp.gov.br\/noticias\/2014\/01\/17\/festa-da-uva-jundiai-celebra-80-anos-da-revolucao-rosada\/\" target=\"_blank\" rel=\"noopener noreferrer\">nossa uva Niagara Rosada<\/a><\/strong>. S\u00e3o <strong>refer\u00eancias de nossa hist\u00f3ria<\/strong>\u201d, afirma. Ele admite lembrar-se ainda crian\u00e7a de sair depois de um filme no <strong>Cine Teatro Polytheama e sentar nos degraus para imaginar os tempos em que a ponte recebia bondinhos antigos e tamb\u00e9m nas milhares de pessoas que j\u00e1 haviam passado por ali<\/strong>.<\/p>\n<p>Conhecido por organizar <strong>um dos maiores acervos de fotografias antigas da cidade a partir da digitaliza\u00e7\u00e3o de imagens de pessoas ou fam\u00edlias (ao lado da atividade no Sebo Jundia\u00ed)<\/strong>, ele considera uma <strong>mudan\u00e7a importante de postura da cidade em rela\u00e7\u00e3o \u00e0 sua pr\u00f3pria mem\u00f3ria coletiva<\/strong>.<\/p>\n<div id=\"attachment_163852\" style=\"width: 410px\" class=\"wp-caption alignleft\"><a href=\"https:\/\/jundiai.sp.gov.br\/noticias\/wp-content\/uploads\/sites\/32\/2015\/12\/ponte_torta_P-Picoco-Barbaro-2G.jpg\"><img loading=\"lazy\" decoding=\"async\" aria-describedby=\"caption-attachment-163852\" class=\"size-large wp-image-163852\" src=\"https:\/\/jundiai.sp.gov.br\/noticias\/wp-content\/uploads\/sites\/32\/2015\/12\/ponte_torta_P-Picoco-Barbaro-2G-720x591.jpg\" alt=\"Pic\u00f4co B\u00e1rbaro,  70 anos\" width=\"400\" height=\"350\" \/><\/a><p id=\"caption-attachment-163852\" class=\"wp-caption-text\">Picoco B\u00e1rbaro, 70 anos<\/p><\/div>\n<p>O <strong>advogado e jornalista Picoco B\u00e1rbaro, de 70 anos<\/strong>, acredita que o trabalho na Ponte Torta mostra que <strong>\u00e9 poss\u00edvel o que chama de reaproveitamento das mem\u00f3rias, das lembran\u00e7as<\/strong>. \u201c<strong>N\u00e3o \u00e9 um saudosismo, mas um reconhecimento<\/strong> de que a hist\u00f3ria da cidade \u00e9 formada pela <strong>hist\u00f3ria das pessoas e isso pode gerar benef\u00edcios para a cidade e para todos<\/strong>\u201d, afirma.<\/p>\n<p>Dentro dessa linha de racioc\u00ednio e lembrando que <strong>conheceu a Ponte Torta tamb\u00e9m com as hist\u00f3rias de seus pais<\/strong>, ele diz que na vida de todas as pessoas o <strong>passado sempre est\u00e1 muito presente<\/strong>, mesmo que n\u00e3o queiram observar isso. \u201cIsso \u00e9 o que oferece as condi\u00e7\u00f5es para <strong>projetar n\u00e3o apenas o aqui e agora, mas o futuro<\/strong>\u201d.<\/p>\n<p>Ele tamb\u00e9m afirma que seus <strong>sentimentos sobre a Ponte Torta n\u00e3o seguem crit\u00e9rios t\u00e9cnicos ou art\u00edsticos mas, como diz seu amigo Norival Sutti, um \u201colhar vagabundo\u201d<\/strong> de emo\u00e7\u00f5es soltas, de felicidade sem motivo, do inconsciente sendo liberado para <strong>tijolo a tijolo construir uma hist\u00f3ria<\/strong>. Como o ef\u00eamero constituindo o eterno, seja ele pir\u00e2mides, pal\u00e1cios, teatros, edif\u00edcios, estradas, t\u00faneis e pontes.<\/p>\n<div id=\"attachment_163856\" style=\"width: 410px\" class=\"wp-caption alignright\"><a href=\"https:\/\/jundiai.sp.gov.br\/noticias\/wp-content\/uploads\/sites\/32\/2015\/12\/ponte_torta_P-Alexandre-de-Oliveira-8G.jpg\"><img loading=\"lazy\" decoding=\"async\" aria-describedby=\"caption-attachment-163856\" class=\"size-large wp-image-163856\" src=\"https:\/\/jundiai.sp.gov.br\/noticias\/wp-content\/uploads\/sites\/32\/2015\/12\/ponte_torta_P-Alexandre-de-Oliveira-8G-720x714.jpg\" alt=\"Alexandre de Oliveira, 41 anos\" width=\"400\" height=\"350\" \/><\/a><p id=\"caption-attachment-163856\" class=\"wp-caption-text\">Alexandre de Oliveira, 41 anos<\/p><\/div>\n<p>O <strong>professor e historiador Alexandre de Oliveira, de 41 anos<\/strong>, afirma que um dos sintomas positivos do projeto realizado na Ponte Torta foi o <strong>envolvimento da comunidade ao longo de diversas etapas<\/strong>. Para ele, o conceito chamado <strong>historicidade<\/strong> n\u00e3o \u00e9 uma teoria restrita aos livros especializados.<\/p>\n<p>\u201c\u00c9 uma <strong>coisa viva<\/strong>, que deve permitir para as pessoas <strong>enxergarem as diversas camadas profundas que est\u00e3o presentes<\/strong> em sua cidade, em seu bairro, em sua rua\u201d, afirma sobre a import\u00e2ncia das refer\u00eancias.<\/p>\n<p>Atuando junto ao <a href=\"http:\/\/cultura.jundiai.sp.gov.br\/espacos-culturais\/museu-historico-e-cultural-de-jundiai\/\" target=\"_blank\" rel=\"noopener noreferrer\">Museu Hist\u00f3rico e Cultural<\/a>, ele tamb\u00e9m coloca a i<strong>mport\u00e2ncia das fontes documentais ao lado das mem\u00f3rias da comunidade<\/strong>. Um desses casos \u00e9 a <strong>revista jundiaiense Sultana<\/strong>, que em <strong>1923<\/strong> narrava a hist\u00f3ria da companhia de bondes que existiu, depois da constru\u00e7\u00e3o da Ponte Torta entre 1886 e 1888, apenas de 1892 a 1897. <strong>A ponte, ent\u00e3o, tornou-se de uso comunit\u00e1rio. \u201cO sentido social da ponte justifica sua conserva\u00e7\u00e3o\u201d<\/strong>, afirma.<\/p>\n<div id=\"attachment_163858\" style=\"width: 730px\" class=\"wp-caption aligncenter\"><a href=\"https:\/\/jundiai.sp.gov.br\/noticias\/wp-content\/uploads\/sites\/32\/2015\/12\/ponte_torta_P-230G.jpg\"><img loading=\"lazy\" decoding=\"async\" aria-describedby=\"caption-attachment-163858\" class=\"size-large wp-image-163858\" src=\"https:\/\/jundiai.sp.gov.br\/noticias\/wp-content\/uploads\/sites\/32\/2015\/12\/ponte_torta_P-230G-720x563.jpg\" alt=\"Jundiaienses comemoram recupera\u00e7\u00e3o da Ponte Torta\" width=\"720\" height=\"563\" srcset=\"https:\/\/jundiai.sp.gov.br\/noticias\/wp-content\/uploads\/sites\/32\/2015\/12\/ponte_torta_P-230G-720x563.jpg 720w, https:\/\/jundiai.sp.gov.br\/noticias\/wp-content\/uploads\/sites\/32\/2015\/12\/ponte_torta_P-230G-300x235.jpg 300w, https:\/\/jundiai.sp.gov.br\/noticias\/wp-content\/uploads\/sites\/32\/2015\/12\/ponte_torta_P-230G.jpg 1240w\" sizes=\"auto, (max-width: 720px) 100vw, 720px\" \/><\/a><p id=\"caption-attachment-163858\" class=\"wp-caption-text\">Jundiaienses comemoram recupera\u00e7\u00e3o da Ponte Torta<\/p><\/div>\n<p><strong><em>Jos\u00e9 Arnaldo de Oliveira<br \/>\nFotos: Paulo Gr\u00e9gio<\/em><\/strong><\/p>\n","protected":false},"excerpt":{"rendered":"<p>Atra\u00e7\u00f5es circenses e musicais levam divers\u00e3o \u00e0 entrega da Ponte neste domingo (13), a partir das 17h<\/p>\n","protected":false},"author":14,"featured_media":163861,"comment_status":"closed","ping_status":"closed","sticky":false,"template":"","format":"standard","meta":{"footnotes":""},"categories":[2],"tags":[832,293,290,32,427],"ods":[],"class_list":["post-163829","post","type-post","status-publish","format-standard","has-post-thumbnail","hentry","category-noticias","tag-jundiai-360-anos","tag-jundiai-feito-a-mao","tag-museu-historico-e-cultural-solar-do-barao","tag-planejamento-e-meio-ambiente","tag-ponte-torta"],"_links":{"self":[{"href":"https:\/\/jundiai.sp.gov.br\/noticias\/wp-json\/wp\/v2\/posts\/163829","targetHints":{"allow":["GET"]}}],"collection":[{"href":"https:\/\/jundiai.sp.gov.br\/noticias\/wp-json\/wp\/v2\/posts"}],"about":[{"href":"https:\/\/jundiai.sp.gov.br\/noticias\/wp-json\/wp\/v2\/types\/post"}],"author":[{"embeddable":true,"href":"https:\/\/jundiai.sp.gov.br\/noticias\/wp-json\/wp\/v2\/users\/14"}],"replies":[{"embeddable":true,"href":"https:\/\/jundiai.sp.gov.br\/noticias\/wp-json\/wp\/v2\/comments?post=163829"}],"version-history":[{"count":13,"href":"https:\/\/jundiai.sp.gov.br\/noticias\/wp-json\/wp\/v2\/posts\/163829\/revisions"}],"predecessor-version":[{"id":257953,"href":"https:\/\/jundiai.sp.gov.br\/noticias\/wp-json\/wp\/v2\/posts\/163829\/revisions\/257953"}],"wp:featuredmedia":[{"embeddable":true,"href":"https:\/\/jundiai.sp.gov.br\/noticias\/wp-json\/wp\/v2\/media\/163861"}],"wp:attachment":[{"href":"https:\/\/jundiai.sp.gov.br\/noticias\/wp-json\/wp\/v2\/media?parent=163829"}],"wp:term":[{"taxonomy":"category","embeddable":true,"href":"https:\/\/jundiai.sp.gov.br\/noticias\/wp-json\/wp\/v2\/categories?post=163829"},{"taxonomy":"post_tag","embeddable":true,"href":"https:\/\/jundiai.sp.gov.br\/noticias\/wp-json\/wp\/v2\/tags?post=163829"},{"taxonomy":"ods","embeddable":true,"href":"https:\/\/jundiai.sp.gov.br\/noticias\/wp-json\/wp\/v2\/ods?post=163829"}],"curies":[{"name":"wp","href":"https:\/\/api.w.org\/{rel}","templated":true}]}}