{"id":164161,"date":"2015-12-13T15:22:07","date_gmt":"2015-12-13T17:22:07","guid":{"rendered":"https:\/\/jundiai.sp.gov.br\/noticias\/?p=164161"},"modified":"2020-11-06T08:53:56","modified_gmt":"2020-11-06T11:53:56","slug":"orquestra-municipal-e-convidados-homenageiam-jundiai","status":"publish","type":"post","link":"https:\/\/jundiai.sp.gov.br\/noticias\/2015\/12\/13\/orquestra-municipal-e-convidados-homenageiam-jundiai\/","title":{"rendered":"Jundia\u00ed \u00e9 homenageada pela Orquestra Municipal"},"content":{"rendered":"<p><strong>Jundia\u00ed ganhou um belo presente para celebrar os 360 anos na noite de s\u00e1bado (12). A Orquestra Municipal mostrou todo o seu talento no espet\u00e1culo \u201cAlma L\u00edrica Brasileira\u201d, ao lado de grandes nomes da m\u00fasica brasileira, como o pianista e arranjador Nelson Ayres, a cantora M\u00f4nica Salmaso, e o flautista e saxofonista Teco Cardoso.<br \/>\n<\/strong><br \/>\nOs m\u00fasicos foram recebidos por um p\u00fablico caloroso e carinhoso. Duas pe\u00e7as exclusivamente instrumentais abriram o espet\u00e1culo: \u201c\u00c1ria das Bachianas Brasileiras N\u00ba4\u201d de Heitor Villa Lobos e \u201cPerto do Cora\u00e7\u00e3o\u201d, de Nelson Ayres.<\/p>\n<div id=\"attachment_164162\" style=\"width: 1250px\" class=\"wp-caption alignnone\"><a style=\"display: inline !important;\" href=\"https:\/\/jundiai.sp.gov.br\/noticias\/wp-content\/uploads\/sites\/32\/2015\/12\/Orquestra-Jundiai-politheama-62_G.jpg\"><img loading=\"lazy\" decoding=\"async\" aria-describedby=\"caption-attachment-164162\" class=\"wp-image-164162 size-full\" src=\"https:\/\/jundiai.sp.gov.br\/noticias\/wp-content\/uploads\/sites\/32\/2015\/12\/Orquestra-Jundiai-politheama-62_G.jpg\" alt=\"Monica Salmaso encantou com interpreta\u00e7\u00e3o \u00edmpar de repert\u00f3rio MPB\" width=\"1240\" height=\"841\" srcset=\"https:\/\/jundiai.sp.gov.br\/noticias\/wp-content\/uploads\/sites\/32\/2015\/12\/Orquestra-Jundiai-politheama-62_G.jpg 1240w, https:\/\/jundiai.sp.gov.br\/noticias\/wp-content\/uploads\/sites\/32\/2015\/12\/Orquestra-Jundiai-politheama-62_G-300x203.jpg 300w, https:\/\/jundiai.sp.gov.br\/noticias\/wp-content\/uploads\/sites\/32\/2015\/12\/Orquestra-Jundiai-politheama-62_G-720x488.jpg 720w\" sizes=\"auto, (max-width: 1240px) 100vw, 1240px\" \/><\/a><p id=\"caption-attachment-164162\" class=\"wp-caption-text\">Monica Salmaso encantou com interpreta\u00e7\u00e3o \u00edmpar de repert\u00f3rio MPB<\/p><\/div>\n<p><span style=\"font-size: inherit;\">M\u00f4nica Salmaso subiu ao palco para entoar \u201cMelodia Sentimental\u201d, tamb\u00e9m de Heitor Villa Lobos. Ovacionada, a voz que emocionou os jundiaienses agradeceu o convite. \u201cEstou muito feliz de estar aqui. Parabenizo a orquestra, que tem um \u00f3timo trabalho e um empenho diferente para fazer bonito\u201d, observou.<\/span><\/p>\n<p>A artista tamb\u00e9m exp\u00f4s a admira\u00e7\u00e3o pelo espa\u00e7o. \u201c<strong>Parab\u00e9ns para Jundia\u00ed e para este incr\u00edvel <a href=\"http:\/\/cultura.jundiai.sp.gov.br\/espacos-culturais\/teatro-polytheama\/\" target=\"_blank\" rel=\"noopener noreferrer\">teatro<\/a>, que completa seus 104 anos. Um idoso muito enxuto, que merece todo carinho<\/strong>\u201d, finalizou Salmaso.<\/p>\n<p><strong>A noite musical tamb\u00e9m homenageou os cinco anos de exist\u00eancia da Orquestra<\/strong>. \u201cEsta noite delineia um perfil para o grupo. N\u00f3s sempre trabalhamos com muitas parcerias que mesclaram, durante esse per\u00edodo, o cl\u00e1ssico e o popular\u201d, contou a maestrina e diretora art\u00edstica, Claudia Feres.<\/p>\n<p><strong>LEIA TAMB\u00c9M<\/strong><br \/>\n<a href=\"https:\/\/jundiai.sp.gov.br\/noticias\/2015\/12\/13\/orquestra-de-viola-caipira-encanta-no-jardim-do-lago\/\" target=\"_blank\" rel=\"noopener noreferrer\">Orquestra de Viola Caipira encanta no Jardim do Lago<\/a><br \/>\n<a href=\"https:\/\/jundiai.sp.gov.br\/noticias\/2015\/12\/09\/coreografia-especial-celebra-os-104-anos-do-polytheama\/\" target=\"_blank\" rel=\"noopener noreferrer\">Coreografia especial celebra os 104 anos do Polytheama<\/a><br \/>\n<a href=\"https:\/\/jundiai.sp.gov.br\/noticias\/2015\/12\/11\/corte-do-carnaval-2016-tem-nova-formacao\/\" target=\"_blank\" rel=\"noopener noreferrer\">A Corte do Carnaval 2016 tem nova forma\u00e7\u00e3o com princesas<\/a><\/p>\n<p>Para o secret\u00e1rio de Cultura, T\u00e9rcio Marinho, o evento conclui o ano com respeit\u00e1vel destaque no cen\u00e1rio erudito brasileiro. \u201cA apresenta\u00e7\u00e3o encerra uma temporada de sucesso em 2015, com a participa\u00e7\u00e3o de tr\u00eas renomados representantes da m\u00fasica brasileira. <strong>Dentro dos 360 anos de Jundia\u00ed, dos 104 do Polytheama e cinco de Orquestra, este momento \u00e9 um marco na hist\u00f3ria da cidade<\/strong>\u201d, salientou.<\/p>\n<p>J\u00e1 para diretora de Teatros, Helo\u00edsa Oliveira, o concerto mostrou o potencial da orquestra e de sua identidade vers\u00e1til. \u201cA gente tem um evento a altura de todas essas festividades, n\u00e3o deixando a desejar na adapta\u00e7\u00e3o entre os g\u00eaneros popular e erudito.&#8221;<\/p>\n<p>Na plateia estava a enfermeira Maria Eunice das Dores, fascinada pelo espet\u00e1culo. \u201cAs can\u00e7\u00f5es, os m\u00fasicos. Tudo estava maravilhoso. N\u00f3s moradores desta bonita cidade merecemos este presente&#8221;, comentou.<\/p>\n<div id=\"attachment_164163\" style=\"width: 730px\" class=\"wp-caption aligncenter\"><a href=\"https:\/\/jundiai.sp.gov.br\/noticias\/wp-content\/uploads\/sites\/32\/2015\/12\/Orquestra-Jundiai-politheama-226_G.jpg\"><img loading=\"lazy\" decoding=\"async\" aria-describedby=\"caption-attachment-164163\" class=\"size-full wp-image-164163\" src=\"https:\/\/jundiai.sp.gov.br\/noticias\/wp-content\/uploads\/sites\/32\/2015\/12\/Orquestra-Jundiai-politheama-226_G.jpg\" alt=\"Orquestra e convidados emocionaram p\u00fablico\" width=\"720\" height=\"513\" \/><\/a><p id=\"caption-attachment-164163\" class=\"wp-caption-text\">Orquestra e convidados emocionaram p\u00fablico<\/p><\/div>\n<p><strong>Mais <\/strong><br \/>\nA comemora\u00e7\u00e3o dos 360 anos de Jundia\u00ed n\u00e3o para por aqui. Ainda, neste domingo (13) acontece a <a href=\"https:\/\/jundiai.sp.gov.br\/noticias\/2015\/12\/11\/entrega-da-ponte-torta-garante-diversidade-musical-2\/\" target=\"_blank\" rel=\"noopener noreferrer\">entrega da revitaliza\u00e7\u00e3o da Ponte Torta<\/a>, a partir das 17h. O evento contar\u00e1 com in\u00fameras atra\u00e7\u00f5es culturais: O espet\u00e1culo circense \u201cAranhas, Arranham C\u00e9u\u201d da perform\u00e1tica Respeit\u00e1vel P\u00fablico; com o repert\u00f3rio de cover dos anos 70, 80 e 90 da banda Johnny Groovy; as marchinhas da bandinha Amigos do Samba e do Bloco da Ponte Torta.<\/p>\n<p><em><strong>Assessoria de Imprensa<br \/>\nFotos: Fot\u00f3grafos PMJ<\/strong><\/em><\/p>\n","protected":false},"excerpt":{"rendered":"<p>MAIS &#8216;JUNDIA\u00cd 360 ANOS&#8217;: Orquestra Jundiaiense de Viola Caipira encanta no Parque Ant\u00f4nio Garcia Machado<\/p>\n","protected":false},"author":21,"featured_media":164164,"comment_status":"closed","ping_status":"closed","sticky":false,"template":"","format":"standard","meta":{"footnotes":""},"categories":[2],"tags":[836,29,832,307,98],"ods":[],"class_list":["post-164161","post","type-post","status-publish","format-standard","has-post-thumbnail","hentry","category-noticias","tag-104-anos-do-polytheama","tag-cultura","tag-jundiai-360-anos","tag-orquestra-municipal-de-jundiai","tag-teatro-polytheama"],"_links":{"self":[{"href":"https:\/\/jundiai.sp.gov.br\/noticias\/wp-json\/wp\/v2\/posts\/164161","targetHints":{"allow":["GET"]}}],"collection":[{"href":"https:\/\/jundiai.sp.gov.br\/noticias\/wp-json\/wp\/v2\/posts"}],"about":[{"href":"https:\/\/jundiai.sp.gov.br\/noticias\/wp-json\/wp\/v2\/types\/post"}],"author":[{"embeddable":true,"href":"https:\/\/jundiai.sp.gov.br\/noticias\/wp-json\/wp\/v2\/users\/21"}],"replies":[{"embeddable":true,"href":"https:\/\/jundiai.sp.gov.br\/noticias\/wp-json\/wp\/v2\/comments?post=164161"}],"version-history":[{"count":6,"href":"https:\/\/jundiai.sp.gov.br\/noticias\/wp-json\/wp\/v2\/posts\/164161\/revisions"}],"predecessor-version":[{"id":257945,"href":"https:\/\/jundiai.sp.gov.br\/noticias\/wp-json\/wp\/v2\/posts\/164161\/revisions\/257945"}],"wp:featuredmedia":[{"embeddable":true,"href":"https:\/\/jundiai.sp.gov.br\/noticias\/wp-json\/wp\/v2\/media\/164164"}],"wp:attachment":[{"href":"https:\/\/jundiai.sp.gov.br\/noticias\/wp-json\/wp\/v2\/media?parent=164161"}],"wp:term":[{"taxonomy":"category","embeddable":true,"href":"https:\/\/jundiai.sp.gov.br\/noticias\/wp-json\/wp\/v2\/categories?post=164161"},{"taxonomy":"post_tag","embeddable":true,"href":"https:\/\/jundiai.sp.gov.br\/noticias\/wp-json\/wp\/v2\/tags?post=164161"},{"taxonomy":"ods","embeddable":true,"href":"https:\/\/jundiai.sp.gov.br\/noticias\/wp-json\/wp\/v2\/ods?post=164161"}],"curies":[{"name":"wp","href":"https:\/\/api.w.org\/{rel}","templated":true}]}}