{"id":164282,"date":"2015-12-14T17:50:30","date_gmt":"2015-12-14T19:50:30","guid":{"rendered":"https:\/\/jundiai.sp.gov.br\/noticias\/?p=164282"},"modified":"2016-11-04T11:37:52","modified_gmt":"2016-11-04T13:37:52","slug":"corte-da-uva-afirma-orgulho-de-representar-jundiai","status":"publish","type":"post","link":"https:\/\/jundiai.sp.gov.br\/noticias\/2015\/12\/14\/corte-da-uva-afirma-orgulho-de-representar-jundiai\/","title":{"rendered":"Corte da Uva afirma orgulho de representar Jundia\u00ed"},"content":{"rendered":"<p><strong>A rainha, Patr\u00edcia Souza, e as princesas, Raquel Carneiro e Gabriela Vidotti, que formam a Corte da 33\u00aa Festa da Uva e 4\u00aa Expo Vinhos, terminaram uma semana de intenso trabalho nesse domingo (13) marcando a presen\u00e7a na <a href=\"https:\/\/jundiai.sp.gov.br\/noticias\/2015\/12\/13\/emocao-marca-entrega-da-revitalizacao-da-ponte-torta\/\" target=\"_blank\">reinaugura\u00e7\u00e3o da Ponte Torta<\/a> e refor\u00e7ando o sentimento de representarem Jundia\u00ed.<\/strong><\/p>\n<p>Apenas entre ter\u00e7a (8) e sexta-feira (11), elas passaram por<strong> Louveira, Vinhedo, Valinhos, Morungaba, Indaiatuba, Itupeva, Cabre\u00fava, Sorocaba, Itatiba, Jarinu, Atibaia, Campo Limpo, V\u00e1rzea Paulista e Cajamar<\/strong>.<\/p>\n<p><strong>\u201c\u00c9 muito bom poder convidar as pessoas e autoridades de outros lugares a conhecerem nossa cidade e nossa cultura\u201d<\/strong>, comenta a rainha Patr\u00edcia Souza.<\/p>\n<p><strong>LEIA TAMB\u00c9M<\/strong><br \/>\n<a href=\"https:\/\/jundiai.sp.gov.br\/noticias\/2015\/12\/14\/ponte-torta-recebe-afeto-e-elogios-de-moradores\/\" target=\"_blank\">Ponte Torta recebe afeto e elogios de moradores<\/a><br \/>\n<a href=\"https:\/\/jundiai.sp.gov.br\/noticias\/2015\/12\/13\/prefeito-e-primeira-dama-prestigiam-corrida-jundiai360\/\" target=\"_blank\">Prefeito e primeira-dama prestigiam Corrida Jundia\u00ed360<\/a><br \/>\n<a href=\"https:\/\/jundiai.sp.gov.br\/noticias\/2015\/12\/14\/concurso-de-fotos-da-festa-da-uva-tem-inscricao-prorrogada-ate-segunda-28\/\" target=\"_blank\">Inscri\u00e7\u00f5es de fotos da Festa da Uva v\u00e3o at\u00e9 segunda-feira (28)<\/a><\/p>\n<div id=\"attachment_164283\" style=\"width: 730px\" class=\"wp-caption aligncenter\"><a href=\"https:\/\/jundiai.sp.gov.br\/noticias\/wp-content\/uploads\/sites\/32\/2015\/12\/Inaugura\u00e7\u00e3o-ponte-torta-619_G.jpg\"><img loading=\"lazy\" decoding=\"async\" aria-describedby=\"caption-attachment-164283\" class=\"size-large wp-image-164283\" src=\"https:\/\/jundiai.sp.gov.br\/noticias\/wp-content\/uploads\/sites\/32\/2015\/12\/Inaugura\u00e7\u00e3o-ponte-torta-619_G-720x569.jpg\" alt=\"Na divulga\u00e7\u00e3o na Ponte Torta, a Corte da Uva encontrou-se com a Corte do Carnaval\" width=\"720\" height=\"569\" srcset=\"https:\/\/jundiai.sp.gov.br\/noticias\/wp-content\/uploads\/sites\/32\/2015\/12\/Inaugura\u00e7\u00e3o-ponte-torta-619_G-720x569.jpg 720w, https:\/\/jundiai.sp.gov.br\/noticias\/wp-content\/uploads\/sites\/32\/2015\/12\/Inaugura\u00e7\u00e3o-ponte-torta-619_G-300x237.jpg 300w, https:\/\/jundiai.sp.gov.br\/noticias\/wp-content\/uploads\/sites\/32\/2015\/12\/Inaugura\u00e7\u00e3o-ponte-torta-619_G.jpg 1240w\" sizes=\"auto, (max-width: 720px) 100vw, 720px\" \/><\/a><p id=\"caption-attachment-164283\" class=\"wp-caption-text\">Na divulga\u00e7\u00e3o na Ponte Torta, a Corte da Uva encontrou-se com a Corte do Carnaval<\/p><\/div>\n<p>As tr\u00eas integrantes da Corte da Uva lembram que <strong>Jundia\u00ed n\u00e3o \u00e9 conhecida como terra dessa fruta apenas pelo volume de produ\u00e7\u00e3o, mas tamb\u00e9m porque <a href=\"https:\/\/jundiai.sp.gov.br\/noticias\/2014\/01\/17\/festa-da-uva-jundiai-celebra-80-anos-da-revolucao-rosada\/\" target=\"_blank\">foi aqui que surgiu a variedade Niagara Rosada no Pa\u00eds<\/a><\/strong> (e talvez no mundo).<\/p>\n<p>Mesmo sem serem todas \u201coriundi\u201d, tamb\u00e9m <strong>elogiam a influ\u00eancia italiana na cidade e afirmam que h\u00e1 talentos em Jundia\u00ed para todos os g\u00eaneros<\/strong>. E lembram imediatamente de grupos alternativos ou pop como Corrosivo 420 (no caso de Patr\u00edcia), Locomotron ou NDK.<\/p>\n<p>Com a agenda lotada desde esta segunda-feira (14),\u00a0<strong>as meninas de Jundia\u00ed buscam seguir o roteiro da boa impress\u00e3o nas roupas e no sorriso, com foco na miss\u00e3o da Corte da Uva de divulgar uma festa tradicional<\/strong> (surgida em 1934), e que prefere <strong>h\u00e1 tr\u00eas anos substituir as atra\u00e7\u00f5es de celebridades pela cultura local de seus artistas, artes\u00e3os, cozinhas de festas comunit\u00e1rias, circuitos para crian\u00e7as e desfiles de cavalos ou ve\u00edculos<\/strong>.<\/p>\n<p>Com acompanhamento da Secretaria de Agricultura, Abastecimento e Turismo, a rainha e as princesas tamb\u00e9m v\u00e3o lembrando a todos que estamos em <strong>plena safra de uva e isso deve ser celebrado inclusive no Natal e Ano Novo. A festa chega logo depois, de 14 a 31 de janeiro.<\/strong><\/p>\n<p><strong><em>Jos\u00e9 Arnaldo de Oliveira<br \/>\nFoto: Fot\u00f3grafos PMJ<\/em><\/strong><\/p>\n","protected":false},"excerpt":{"rendered":"<p>Durante divulga\u00e7\u00e3o na entrega da Ponte Torta revitalizada, a Corte da Uva encontrou-se com a Corte do Carnaval 2016 e com a popula\u00e7\u00e3o<\/p>\n","protected":false},"author":14,"featured_media":164285,"comment_status":"closed","ping_status":"closed","sticky":false,"template":"","format":"standard","meta":{"footnotes":""},"categories":[2],"tags":[786,798,41,13,445,784,491,814,29,458,797,7,768],"ods":[],"class_list":["post-164282","post","type-post","status-publish","format-standard","has-post-thumbnail","hentry","category-noticias","tag-33a-festa-da-uva","tag-4a-expo-vinhos","tag-agricultura-abastecimento-e-turismo","tag-carnaval","tag-corte-da-uva","tag-corte-da-uva-2016","tag-corte-do-carnaval","tag-corte-do-carnaval-2016","tag-cultura","tag-expo-vinhos","tag-expo-vinhos-2016","tag-festa-da-uva","tag-festa-da-uva-2016"],"_links":{"self":[{"href":"https:\/\/jundiai.sp.gov.br\/noticias\/wp-json\/wp\/v2\/posts\/164282","targetHints":{"allow":["GET"]}}],"collection":[{"href":"https:\/\/jundiai.sp.gov.br\/noticias\/wp-json\/wp\/v2\/posts"}],"about":[{"href":"https:\/\/jundiai.sp.gov.br\/noticias\/wp-json\/wp\/v2\/types\/post"}],"author":[{"embeddable":true,"href":"https:\/\/jundiai.sp.gov.br\/noticias\/wp-json\/wp\/v2\/users\/14"}],"replies":[{"embeddable":true,"href":"https:\/\/jundiai.sp.gov.br\/noticias\/wp-json\/wp\/v2\/comments?post=164282"}],"version-history":[{"count":3,"href":"https:\/\/jundiai.sp.gov.br\/noticias\/wp-json\/wp\/v2\/posts\/164282\/revisions"}],"predecessor-version":[{"id":164287,"href":"https:\/\/jundiai.sp.gov.br\/noticias\/wp-json\/wp\/v2\/posts\/164282\/revisions\/164287"}],"wp:featuredmedia":[{"embeddable":true,"href":"https:\/\/jundiai.sp.gov.br\/noticias\/wp-json\/wp\/v2\/media\/164285"}],"wp:attachment":[{"href":"https:\/\/jundiai.sp.gov.br\/noticias\/wp-json\/wp\/v2\/media?parent=164282"}],"wp:term":[{"taxonomy":"category","embeddable":true,"href":"https:\/\/jundiai.sp.gov.br\/noticias\/wp-json\/wp\/v2\/categories?post=164282"},{"taxonomy":"post_tag","embeddable":true,"href":"https:\/\/jundiai.sp.gov.br\/noticias\/wp-json\/wp\/v2\/tags?post=164282"},{"taxonomy":"ods","embeddable":true,"href":"https:\/\/jundiai.sp.gov.br\/noticias\/wp-json\/wp\/v2\/ods?post=164282"}],"curies":[{"name":"wp","href":"https:\/\/api.w.org\/{rel}","templated":true}]}}