{"id":164324,"date":"2015-12-15T15:12:06","date_gmt":"2015-12-15T17:12:06","guid":{"rendered":"https:\/\/jundiai.sp.gov.br\/noticias\/?p=164324"},"modified":"2020-11-06T08:52:36","modified_gmt":"2020-11-06T11:52:36","slug":"prefeito-participa-do-lancamento-do-blog-jj","status":"publish","type":"post","link":"https:\/\/jundiai.sp.gov.br\/noticias\/2015\/12\/15\/prefeito-participa-do-lancamento-do-blog-jj\/","title":{"rendered":"Prefeito participa do lan\u00e7amento do Blog JJ"},"content":{"rendered":"<p><strong>O prefeito Pedro Bigardi participou, na noite dessa segunda-feira (14), na Boutique Z, no Parque do Col\u00e9gio, do lan\u00e7amento do Blog JJ, a mais nova ferramenta digital do Grupo JJ de Comunica\u00e7\u00e3o. A proposta \u00e9 estreitar a rela\u00e7\u00e3o multim\u00eddia desenvolvida pela empresa junto aos internautas. A plataforma inovadora chegou no dia em que Jundia\u00ed comemorou 360 anos.<\/strong><\/p>\n<p><strong>\u201cO JJ \u00e9 um dos mais conceituados grupos de comunica\u00e7\u00e3o de Jundia\u00ed e regi\u00e3o e atingiu o patamar gra\u00e7as \u00e0 credibilidade e compet\u00eancia com que disponibiliza a informa\u00e7\u00e3o \u00e0 sociedade\u201d<\/strong>, comenta Pedro Bigardi.<\/p>\n<p><strong>LEIA TAMB\u00c9M<\/strong><br \/>\n<a href=\"https:\/\/jundiai.sp.gov.br\/noticias\/2015\/12\/13\/emocao-marca-entrega-da-revitalizacao-da-ponte-torta\/\" target=\"_blank\" rel=\"noopener noreferrer\">Emo\u00e7\u00e3o marca entrega da revitaliza\u00e7\u00e3o da Ponte Torta<\/a><br \/>\n<a href=\"https:\/\/jundiai.sp.gov.br\/noticias\/2015\/12\/13\/prefeito-e-primeira-dama-prestigiam-corrida-jundiai360\/\" target=\"_blank\" rel=\"noopener noreferrer\">Prefeito e primeira-dama prestigiam Corrida Jundia\u00ed360<\/a><\/p>\n<div id=\"attachment_164325\" style=\"width: 730px\" class=\"wp-caption aligncenter\"><a href=\"https:\/\/jundiai.sp.gov.br\/noticias\/wp-content\/uploads\/sites\/32\/2015\/12\/blog_jj_lancamento_P45G.jpg\"><img loading=\"lazy\" decoding=\"async\" aria-describedby=\"caption-attachment-164325\" class=\"size-large wp-image-164325\" src=\"https:\/\/jundiai.sp.gov.br\/noticias\/wp-content\/uploads\/sites\/32\/2015\/12\/blog_jj_lancamento_P45G-720x587.jpg\" alt=\"Prefeito Pedro Bigardi no lan\u00e7amento da nova plataforma multim\u00eddia do Grupo JJ\" width=\"720\" height=\"587\" srcset=\"https:\/\/jundiai.sp.gov.br\/noticias\/wp-content\/uploads\/sites\/32\/2015\/12\/blog_jj_lancamento_P45G-720x587.jpg 720w, https:\/\/jundiai.sp.gov.br\/noticias\/wp-content\/uploads\/sites\/32\/2015\/12\/blog_jj_lancamento_P45G-300x245.jpg 300w, https:\/\/jundiai.sp.gov.br\/noticias\/wp-content\/uploads\/sites\/32\/2015\/12\/blog_jj_lancamento_P45G.jpg 1240w\" sizes=\"auto, (max-width: 720px) 100vw, 720px\" \/><\/a><p id=\"caption-attachment-164325\" class=\"wp-caption-text\">Prefeito Pedro Bigardi no lan\u00e7amento da nova plataforma multim\u00eddia do Grupo JJ<\/p><\/div>\n<p>O prefeito diz que a <strong>empresa acerta em ampliar os servi\u00e7os e cita o sucesso que o jornal impresso publicado pelo grupo conquistou ao longo dos anos<\/strong>. \u201c\u00c9 um jornal muito lido e, com certeza, o blog vai alavancar ainda mais os acessos. <strong>A disponibilidade da informa\u00e7\u00e3o r\u00e1pida atinge o \u00e1pice da modernidade<\/strong>\u201d, comenta o prefeito, que esteve acompanhado pela primeira-dama e presidente do Fundo Social de Solidariedade (Funns), Magarete Geraldo Bigardi, e da filha Patr\u00edcia.<\/p>\n<p>O Blog JJ refor\u00e7a a proposta do grupo em apostar em m\u00eddias digitais e rede sociais. O Portal JJ, Twitter, Facebook, Istagram, Periscope, Snapchat, You Tube, WhatsAap e Google+ s\u00e3o algumas das ferramentas que incrementam o sistema de compartilhamento da informa\u00e7\u00e3o usado pela empresa e que possibilita a intera\u00e7\u00e3o do p\u00fablico.<\/p>\n<p>De acordo com o diretor de M\u00eddias Sociais, Rafael Muzaiel, o Blog JJ vai trazer um material diferenciado, a princ\u00edpio dentro dos temas moda e gastronomia, produzido pelo time de jornalistas. O trabalho vai ser executado junto a parceiros comerciais.<\/p>\n<p>\u201cVai ser\u00a0um instrumento com proposta inovadora e temos inten\u00e7\u00e3o de ampli\u00e1-lo para que possa atingir tamb\u00e9m \u00e2mbito regional. Credibilidade e tradi\u00e7\u00e3o traduzem a confian\u00e7a e o respeito que consolidam o Grupo JJ dentro do mercado da comunica\u00e7\u00e3o\u201d, diz Muzaiel, que ainda lembrou que o blog \u00e9 uma evolu\u00e7\u00e3o nos 50 anos da empresa completados este ano.<\/p>\n<p>O secret\u00e1rio de Comunica\u00e7\u00e3o Social, Andr\u00e9 Barros, lembra que a plataforma lan\u00e7ada pelo Grupo JJ vai ao encontro do p\u00fablico que busca a informa\u00e7\u00e3o r\u00e1pida, de qualidade e interatividade. <strong>\u201cCada vez mais as pessoas se incorporam aos meios digitais com o uso de tablets, celulares e computadores para acompanhar as not\u00edcias e interagir ao mesmo tempo. O JJ acompanha esta mudan\u00e7a e est\u00e1 de parab\u00e9ns\u201d<\/strong>, diz.<\/p>\n<p>A\u00a0diretora-presidente, Sueli Muzaiel, destaca que a empresa est\u00e1 sempre atenta \u00e0s mudan\u00e7as tecnol\u00f3gicas e da informa\u00e7\u00e3o e que o lan\u00e7amento do Blog JJ comprova a evolu\u00e7\u00e3o do mercado. \u201cEstamos sempre nos adaptando para levar aos nossos leitores e internautas a informa\u00e7\u00e3o r\u00e1pida e eficiente\u201d.<\/p>\n<p><strong><em>Ivan Lopes<br \/>\nFoto: Paulo Gr\u00e9gio<\/em><\/strong><\/p>\n","protected":false},"excerpt":{"rendered":"<p>O prefeito Pedro Bigardi participou, na noite dessa segunda-feira (14), na Boutique Z, no Parque do Col\u00e9gio, do lan\u00e7amento do Blog JJ, a mais nova ferramenta digital do Grupo JJ de Comunica\u00e7\u00e3o. A proposta \u00e9 estreitar a rela\u00e7\u00e3o multim\u00eddia desenvolvida pela empresa junto aos internautas. A plataforma inovadora chegou no dia em que Jundia\u00ed comemorou [&hellip;]<\/p>\n","protected":false},"author":14,"featured_media":0,"comment_status":"closed","ping_status":"closed","sticky":false,"template":"","format":"standard","meta":{"footnotes":""},"categories":[2],"tags":[339,416,58,417],"ods":[],"class_list":["post-164324","post","type-post","status-publish","format-standard","hentry","category-noticias","tag-comunicacao-social","tag-fundo-social-de-solidariedade-funss","tag-prefeito","tag-primeira-dama"],"_links":{"self":[{"href":"https:\/\/jundiai.sp.gov.br\/noticias\/wp-json\/wp\/v2\/posts\/164324","targetHints":{"allow":["GET"]}}],"collection":[{"href":"https:\/\/jundiai.sp.gov.br\/noticias\/wp-json\/wp\/v2\/posts"}],"about":[{"href":"https:\/\/jundiai.sp.gov.br\/noticias\/wp-json\/wp\/v2\/types\/post"}],"author":[{"embeddable":true,"href":"https:\/\/jundiai.sp.gov.br\/noticias\/wp-json\/wp\/v2\/users\/14"}],"replies":[{"embeddable":true,"href":"https:\/\/jundiai.sp.gov.br\/noticias\/wp-json\/wp\/v2\/comments?post=164324"}],"version-history":[{"count":3,"href":"https:\/\/jundiai.sp.gov.br\/noticias\/wp-json\/wp\/v2\/posts\/164324\/revisions"}],"predecessor-version":[{"id":257940,"href":"https:\/\/jundiai.sp.gov.br\/noticias\/wp-json\/wp\/v2\/posts\/164324\/revisions\/257940"}],"wp:attachment":[{"href":"https:\/\/jundiai.sp.gov.br\/noticias\/wp-json\/wp\/v2\/media?parent=164324"}],"wp:term":[{"taxonomy":"category","embeddable":true,"href":"https:\/\/jundiai.sp.gov.br\/noticias\/wp-json\/wp\/v2\/categories?post=164324"},{"taxonomy":"post_tag","embeddable":true,"href":"https:\/\/jundiai.sp.gov.br\/noticias\/wp-json\/wp\/v2\/tags?post=164324"},{"taxonomy":"ods","embeddable":true,"href":"https:\/\/jundiai.sp.gov.br\/noticias\/wp-json\/wp\/v2\/ods?post=164324"}],"curies":[{"name":"wp","href":"https:\/\/api.w.org\/{rel}","templated":true}]}}