{"id":164437,"date":"2015-12-16T15:32:06","date_gmt":"2015-12-16T17:32:06","guid":{"rendered":"https:\/\/jundiai.sp.gov.br\/noticias\/?p=164437"},"modified":"2016-11-04T13:13:47","modified_gmt":"2016-11-04T15:13:47","slug":"corte-da-uva-convida-vereadores-e-publico-na-camara","status":"publish","type":"post","link":"https:\/\/jundiai.sp.gov.br\/noticias\/2015\/12\/16\/corte-da-uva-convida-vereadores-e-publico-na-camara\/","title":{"rendered":"Corte da Uva convida vereadores e p\u00fablico na C\u00e2mara"},"content":{"rendered":"<div id=\"attachment_164438\" style=\"width: 410px\" class=\"wp-caption alignright\"><a href=\"https:\/\/jundiai.sp.gov.br\/noticias\/wp-content\/uploads\/sites\/32\/2015\/12\/Patricia_Gabriela_Raquel_A_5g.jpg\"><img loading=\"lazy\" decoding=\"async\" aria-describedby=\"caption-attachment-164438\" class=\"size-large wp-image-164438\" src=\"https:\/\/jundiai.sp.gov.br\/noticias\/wp-content\/uploads\/sites\/32\/2015\/12\/Patricia_Gabriela_Raquel_A_5g-720x470.jpg\" alt=\"A rainha Patr\u00edcia fez o convite aos vereadores e ao p\u00fablico na tribuna \" width=\"400\" height=\"350\" \/><\/a><p id=\"caption-attachment-164438\" class=\"wp-caption-text\">A rainha Patr\u00edcia fez o convite aos vereadores e ao p\u00fablico na tribuna<\/p><\/div>\n<p><strong>A rainha e as princesas que formam a Corte da 33\u00aa Festa da Uva e 4\u00aa Expo Vinhos visitaram a sess\u00e3o da <a href=\"http:\/\/www.jundiai.sp.leg.br\/\" target=\"_blank\">C\u00e2mara Municipal<\/a>, nessa ter\u00e7a-feira (15), para convidar vereadores e o p\u00fablico em geral para o evento, que ocorre de 14 a 31 de janeiro de 2016 na cidade.<\/strong><\/p>\n<p>\u201cDesejamos uma boa sorte tanto ao trabalho de divulga\u00e7\u00e3o, que elas est\u00e3o fazendo, como para a festa como um todo, que \u00e9 um <strong>s\u00edmbolo para nossa cidade<\/strong>\u201d, afirmou o presidente da C\u00e2mara, o vereador Marcelo Gastaldo.<\/p>\n<p>A rainha e estudante Patr\u00edcia de Souza fez o convite em nome da Prefeitura de forma objetiva na tribuna do plen\u00e1rio, durante uma pausa da sess\u00e3o concedida pelos vereadores. <strong>\u201cFoi emocionante a experi\u00eancia de falar ali\u201d<\/strong>, comentou.<\/p>\n<p><a href=\"https:\/\/www.flickr.com\/photos\/prefeituradejundiai\/sets\/72157662299015692\" target=\"_blank\">CONFIRA AS FOTOS DAS VISITAS DA CORTE DA UVA 2016<\/a><\/p>\n<p>Ela esteve acompanhada pelas princesas, Raquel Carneiro e Gabriela Vidotti, que formam com ela a Corte da Uva, e pelo diretor da Secretaria de Agricultura, Abastecimento e Turismo, Edilson Chrispim.<\/p>\n<p><strong>LEIA TAMB\u00c9M<\/strong><br \/>\n<a href=\"https:\/\/jundiai.sp.gov.br\/noticias\/2015\/12\/16\/secretario-estadual-de-turismo-e-convidado-a-festa-da-uva\/\" target=\"_blank\">Secret\u00e1rio Estadual de Turismo \u00e9 convidado \u00e0 Festa da Uva<\/a><br \/>\n<a href=\"https:\/\/jundiai.sp.gov.br\/noticias\/2015\/12\/14\/concurso-de-fotos-da-festa-da-uva-tem-inscricao-prorrogada-ate-segunda-28\/\" target=\"_blank\">Inscri\u00e7\u00f5es de fotos da Festa da Uva v\u00e3o at\u00e9 segunda-feira (28)<\/a><br \/>\n<a href=\"https:\/\/jundiai.sp.gov.br\/noticias\/2015\/12\/16\/corte-convida-governador-para-33a-festa-da-uva-e-4a-expo-vinhos\/\" target=\"_blank\">Corte convida governador para 33\u00aa Festa da Uva e 4\u00aa Expo Vinhos<\/a><\/p>\n<p>De acordo com Raquel e Gabriela, a <strong>Corte da Uva tem sido muito bem recebida em todas as cidades que tem percorrido na tarefa de promover o evento.<\/strong><\/p>\n<p>A rainha Patr\u00edcia defende a representa\u00e7\u00e3o feminina porque, apesar de ser um trabalho bastante masculino, \u201cnesse momento \u00e9 preciso beleza e simpatia\u201d. A 1\u00aa princesa Gabriela Framba Vidotti explica que <strong>Jundia\u00ed tem registro de uvas desde o s\u00e9culo 17 e isso faz parte de sua pr\u00f3pria cultura como cidade<\/strong>. E a 2\u00aa princesa Raquel Cristina Carneiro observa que o <strong>vinho tem uma origem long\u00ednqua e justifica o milenar ditado romano de <em>\u201cin vino veritas\u201d<\/em><\/strong> (ou seja, torna as pessoas mais sinceras).<\/p>\n<div id=\"attachment_164440\" style=\"width: 730px\" class=\"wp-caption aligncenter\"><a href=\"https:\/\/jundiai.sp.gov.br\/noticias\/wp-content\/uploads\/sites\/32\/2015\/12\/ALE3520_A_G.jpg\"><img loading=\"lazy\" decoding=\"async\" aria-describedby=\"caption-attachment-164440\" class=\"size-large wp-image-164440\" src=\"https:\/\/jundiai.sp.gov.br\/noticias\/wp-content\/uploads\/sites\/32\/2015\/12\/ALE3520_A_G-720x293.jpg\" alt=\"Corte foi recebida pelo presidente da C\u00e2mara, Marcelo Gastaldo\" width=\"720\" height=\"293\" srcset=\"https:\/\/jundiai.sp.gov.br\/noticias\/wp-content\/uploads\/sites\/32\/2015\/12\/ALE3520_A_G-720x293.jpg 720w, https:\/\/jundiai.sp.gov.br\/noticias\/wp-content\/uploads\/sites\/32\/2015\/12\/ALE3520_A_G-300x122.jpg 300w, https:\/\/jundiai.sp.gov.br\/noticias\/wp-content\/uploads\/sites\/32\/2015\/12\/ALE3520_A_G.jpg 1240w\" sizes=\"auto, (max-width: 720px) 100vw, 720px\" \/><\/a><p id=\"caption-attachment-164440\" class=\"wp-caption-text\">Corte foi recebida pelo presidente da C\u00e2mara, Marcelo Gastaldo<\/p><\/div>\n<p><strong><em>Jos\u00e9 Arnaldo de Oliveira<br \/>\nFotos: Alessandro Rosman<\/em><\/strong><\/p>\n","protected":false},"excerpt":{"rendered":"<p>A rainha e as princesas que formam a Corte da 33\u00aa Festa da Uva e 4\u00aa Expo Vinhos visitaram a sess\u00e3o da C\u00e2mara Municipal, nessa ter\u00e7a-feira (15), para convidar vereadores e o p\u00fablico em geral para o evento, que ocorre de 14 a 31 de janeiro de 2016 na cidade. \u201cDesejamos uma boa sorte tanto [&hellip;]<\/p>\n","protected":false},"author":14,"featured_media":0,"comment_status":"closed","ping_status":"closed","sticky":false,"template":"","format":"standard","meta":{"footnotes":""},"categories":[2],"tags":[786,798,41,428,445,784,29,458,797,7,768],"ods":[],"class_list":["post-164437","post","type-post","status-publish","format-standard","hentry","category-noticias","tag-33a-festa-da-uva","tag-4a-expo-vinhos","tag-agricultura-abastecimento-e-turismo","tag-camara-municipal","tag-corte-da-uva","tag-corte-da-uva-2016","tag-cultura","tag-expo-vinhos","tag-expo-vinhos-2016","tag-festa-da-uva","tag-festa-da-uva-2016"],"_links":{"self":[{"href":"https:\/\/jundiai.sp.gov.br\/noticias\/wp-json\/wp\/v2\/posts\/164437","targetHints":{"allow":["GET"]}}],"collection":[{"href":"https:\/\/jundiai.sp.gov.br\/noticias\/wp-json\/wp\/v2\/posts"}],"about":[{"href":"https:\/\/jundiai.sp.gov.br\/noticias\/wp-json\/wp\/v2\/types\/post"}],"author":[{"embeddable":true,"href":"https:\/\/jundiai.sp.gov.br\/noticias\/wp-json\/wp\/v2\/users\/14"}],"replies":[{"embeddable":true,"href":"https:\/\/jundiai.sp.gov.br\/noticias\/wp-json\/wp\/v2\/comments?post=164437"}],"version-history":[{"count":6,"href":"https:\/\/jundiai.sp.gov.br\/noticias\/wp-json\/wp\/v2\/posts\/164437\/revisions"}],"predecessor-version":[{"id":164445,"href":"https:\/\/jundiai.sp.gov.br\/noticias\/wp-json\/wp\/v2\/posts\/164437\/revisions\/164445"}],"wp:attachment":[{"href":"https:\/\/jundiai.sp.gov.br\/noticias\/wp-json\/wp\/v2\/media?parent=164437"}],"wp:term":[{"taxonomy":"category","embeddable":true,"href":"https:\/\/jundiai.sp.gov.br\/noticias\/wp-json\/wp\/v2\/categories?post=164437"},{"taxonomy":"post_tag","embeddable":true,"href":"https:\/\/jundiai.sp.gov.br\/noticias\/wp-json\/wp\/v2\/tags?post=164437"},{"taxonomy":"ods","embeddable":true,"href":"https:\/\/jundiai.sp.gov.br\/noticias\/wp-json\/wp\/v2\/ods?post=164437"}],"curies":[{"name":"wp","href":"https:\/\/api.w.org\/{rel}","templated":true}]}}