{"id":164531,"date":"2015-12-17T14:57:07","date_gmt":"2015-12-17T16:57:07","guid":{"rendered":"https:\/\/jundiai.sp.gov.br\/noticias\/?p=164531"},"modified":"2016-11-04T13:14:33","modified_gmt":"2016-11-04T15:14:33","slug":"educadores-esportivos-encerram-atividades-do-energiza-jundiai-2015","status":"publish","type":"post","link":"https:\/\/jundiai.sp.gov.br\/noticias\/2015\/12\/17\/educadores-esportivos-encerram-atividades-do-energiza-jundiai-2015\/","title":{"rendered":"Educadores esportivos encerram atividades do Energiza Jundia\u00ed 2015"},"content":{"rendered":"<p><strong>A \u00faltima edi\u00e7\u00e3o do programa Energiza Jundia\u00ed em 2015, nesta quinta-feira (17), n\u00e3o reuniu os grupos de gin\u00e1stica corporal. Essa foi a vez dos educadores esportivos da Secretaria de Esportes e Lazer desfrutarem de uma manh\u00e3 diferente na Serra do Japi. O encontro foi uma forma de celebrar e confraternizar o grupo pelo encerramento de mais um ano de trabalho.<\/strong><\/p>\n<p><strong><a href=\"https:\/\/www.flickr.com\/photos\/prefeituradejundiai\/albums\/72157662442448326\" target=\"_blank\">CONFIRA AS FOTOS DO EVENTO<\/a><\/strong><\/p>\n<div id=\"attachment_164532\" style=\"width: 730px\" class=\"wp-caption aligncenter\"><a href=\"https:\/\/jundiai.sp.gov.br\/noticias\/wp-content\/uploads\/sites\/32\/2015\/12\/CDA7153_G.jpg\"><img loading=\"lazy\" decoding=\"async\" aria-describedby=\"caption-attachment-164532\" class=\"size-full wp-image-164532\" src=\"https:\/\/jundiai.sp.gov.br\/noticias\/wp-content\/uploads\/sites\/32\/2015\/12\/CDA7153_G.jpg\" alt=\"Educadores plantaram mudas de diversas esp\u00e9cies na Rebio\" width=\"720\" height=\"513\" \/><\/a><p id=\"caption-attachment-164532\" class=\"wp-caption-text\">Educadores plantaram mudas de diversas esp\u00e9cies na Rebio<\/p><\/div>\n<p>Na ocasi\u00e3o, os <strong>80 professores plantaram mudas de \u00e1rvores na Reserva Biol\u00f3gica Municipal da Serra do Japi (Rebio)<\/strong> e depois participaram de um caf\u00e9, proporcionado pela padaria Rosa de Ouro, na base da reserva. O secret\u00e1rio de Esportes e Lazer, Cristiano Lopes, participou do encontro e exaltou a import\u00e2ncia da experi\u00eancia vivenciada.<\/p>\n<p>&#8220;Para mim, esse \u00e9 um momento muito especial. Estar com voc\u00eas, educadores esportivos, comemorando mais um ano de trabalho bem feito \u00e9 gratificante. Essa integra\u00e7\u00e3o nos mostra que mesmo cada um trabalhando em um local, com uma modalidade espec\u00edfica, <strong>somos todos uma s\u00f3 equipe que rema junta, por um s\u00f3 objetivo: desenvolver e engrandecer o esporte da cidade<\/strong>\u201d, disse o secret\u00e1rio.<\/p>\n<p>O diretor da pasta, Jos\u00e9 Ant\u00f4nio Pires, tamb\u00e9m parabenizou todos os presentes pelas conquistas e pelo trabalho desenvolvido. \u201cParab\u00e9ns a cada um de voc\u00eas. Foi um ano cheio e dif\u00edcil, com diversas competi\u00e7\u00f5es, jogos regionais em casa e aulas nas escolinhas de inicia\u00e7\u00e3o, mas voc\u00eas conseguiram cumprir tudo o que foi proposto com \u00eaxito. S\u00f3 tenho a agradecer pela dedica\u00e7\u00e3o e confian\u00e7a. Fomos campe\u00f5es\u201d, concluiu.<\/p>\n<p>LEIA TAMB\u00c9M<br \/>\n<a href=\"https:\/\/jundiai.sp.gov.br\/noticias\/2015\/12\/14\/jundiai-e-campea-feminina-do-circuito-das-praias-2015\/\" target=\"_blank\">Jundia\u00ed \u00e9 campe\u00e3 feminina do Circuito das Praias 2015<\/a><br \/>\n<a href=\"https:\/\/jundiai.sp.gov.br\/noticias\/2015\/12\/16\/prefeito-prestigia-premiacao-do-trofeu-camisa-10\/\" target=\"_blank\">Prefeito Pedro Bigardi prestigia premia\u00e7\u00e3o do Trof\u00e9u Camisa 10<\/a><\/p>\n<p>Os professores estavam animados e curtiram o momento. \u201cConsidero muito importante e necess\u00e1rio termos ocasi\u00f5es como essa. Tudo come\u00e7a com o planejamento, quando nos reunimos para discutir sobre as a\u00e7\u00f5es do pr\u00f3ximo ano. A partir da\u00ed come\u00e7amos a <strong>dividir experi\u00eancias, dificuldades, sugest\u00f5es para melhorar o andamento dos trabalhos<\/strong>, assim enriquecendo nosso conv\u00edvio como colegas e profissionais. A confraterniza\u00e7\u00e3o ainda coroa toda essa integra\u00e7\u00e3o, a gente ri, se diverte e tem momentos diferentes juntos\u201d, disse a professora e diretora do Programa de Esportes e Atividades Motoras Adaptas (Peama), Denise Neves.<\/p>\n<p>Tamb\u00e9m estavam presentes o diretor de Esportes, Jo\u00e3o Guilherme Maffia, o assessor especial Mauricio Romanato, que faz parte da equipe organizadora do Energiza Jundia\u00ed, e o superintendente da Funda\u00e7\u00e3o Serra do Japi, Fl\u00e1vio Gramolelli.<\/p>\n<div id=\"attachment_164533\" style=\"width: 410px\" class=\"wp-caption alignleft\"><a href=\"https:\/\/jundiai.sp.gov.br\/noticias\/wp-content\/uploads\/sites\/32\/2015\/12\/CDA7164_G.jpg\"><img loading=\"lazy\" decoding=\"async\" aria-describedby=\"caption-attachment-164533\" class=\"size-full wp-image-164533\" src=\"https:\/\/jundiai.sp.gov.br\/noticias\/wp-content\/uploads\/sites\/32\/2015\/12\/CDA7164_G.jpg\" alt=\"A\u00e7\u00e3o marca o encerramento das atividades neste ano\" width=\"400\" height=\"400\" \/><\/a><p id=\"caption-attachment-164533\" class=\"wp-caption-text\">A\u00e7\u00e3o marca o encerramento das atividades neste ano<\/p><\/div>\n<p><strong>O programa<\/strong><br \/>\nO Energiza Jundia\u00ed tem como principal objetivo promover novas experi\u00eancias e aproximar a popula\u00e7\u00e3o do meio ambiente, melhorando a qualidade de vida dos grupos da gin\u00e1stica corporal de centros esportivos municipais. As atividades consistem em <strong>caminhadas e alongamentos em trilhas na Serra do Japi, acompanhadas por um monitor bi\u00f3logo<\/strong>. Ap\u00f3s a a\u00e7\u00e3o, \u00e9 realizada uma pequena confraterniza\u00e7\u00e3o entre os participantes na Base Ecol\u00f3gica.<\/p>\n<p>O projeto com o ambiente da serra, segundo Gramolelli, tem tudo a ver. \u201cEssa \u00e9 a \u00fanica floresta tropical do mundo localizada sobre quartzito, toda \u00e1rea da serra possui cristais de quartzo. Esses cristais s\u00e3o conhecidos por serem amplificadores de boas energias, e esse projeto tem tudo a ver com a nossa Serra do Japi. Al\u00e9m do mais, n\u00e3o \u00e9 somente a serra que emana energia, voc\u00eas tamb\u00e9m fazem isso. Essa troca saud\u00e1vel faz essa experi\u00eancia ser muito especial\u201d, disse Fl\u00e1vio, ressaltando tamb\u00e9m a import\u00e2ncia de conhecer e preservar o peda\u00e7o de mata atl\u00e2ntica jundiaiense.<\/p>\n<p><strong>As aulas ao ar livre s\u00e3o todas as ter\u00e7as e quartas-feiras, com uma turma diferente a cada dia. A programa\u00e7\u00e3o volta em fevereiro de 2016.<br \/>\n<\/strong><br \/>\n<em><strong>Assessoria de Imprensa<br \/>\nFotos: Cleber de Almeida<\/strong><\/em><\/p>\n","protected":false},"excerpt":{"rendered":"<p>Aulas ao ar livre s\u00e3o todas as ter\u00e7as e quartas-feiras, com uma turma diferente a cada dia; programa\u00e7\u00e3o volta em fevereiro de 2016<\/p>\n","protected":false},"author":21,"featured_media":164536,"comment_status":"closed","ping_status":"closed","sticky":false,"template":"","format":"standard","meta":{"footnotes":""},"categories":[2],"tags":[818,35,96,323],"ods":[],"class_list":["post-164531","post","type-post","status-publish","format-standard","has-post-thumbnail","hentry","category-noticias","tag-energiza-jundiai","tag-esporte-e-lazer","tag-programa-de-esportes-e-atividades-motoras-adaptadas-peama","tag-serra-do-japi"],"_links":{"self":[{"href":"https:\/\/jundiai.sp.gov.br\/noticias\/wp-json\/wp\/v2\/posts\/164531","targetHints":{"allow":["GET"]}}],"collection":[{"href":"https:\/\/jundiai.sp.gov.br\/noticias\/wp-json\/wp\/v2\/posts"}],"about":[{"href":"https:\/\/jundiai.sp.gov.br\/noticias\/wp-json\/wp\/v2\/types\/post"}],"author":[{"embeddable":true,"href":"https:\/\/jundiai.sp.gov.br\/noticias\/wp-json\/wp\/v2\/users\/21"}],"replies":[{"embeddable":true,"href":"https:\/\/jundiai.sp.gov.br\/noticias\/wp-json\/wp\/v2\/comments?post=164531"}],"version-history":[{"count":5,"href":"https:\/\/jundiai.sp.gov.br\/noticias\/wp-json\/wp\/v2\/posts\/164531\/revisions"}],"predecessor-version":[{"id":164661,"href":"https:\/\/jundiai.sp.gov.br\/noticias\/wp-json\/wp\/v2\/posts\/164531\/revisions\/164661"}],"wp:featuredmedia":[{"embeddable":true,"href":"https:\/\/jundiai.sp.gov.br\/noticias\/wp-json\/wp\/v2\/media\/164536"}],"wp:attachment":[{"href":"https:\/\/jundiai.sp.gov.br\/noticias\/wp-json\/wp\/v2\/media?parent=164531"}],"wp:term":[{"taxonomy":"category","embeddable":true,"href":"https:\/\/jundiai.sp.gov.br\/noticias\/wp-json\/wp\/v2\/categories?post=164531"},{"taxonomy":"post_tag","embeddable":true,"href":"https:\/\/jundiai.sp.gov.br\/noticias\/wp-json\/wp\/v2\/tags?post=164531"},{"taxonomy":"ods","embeddable":true,"href":"https:\/\/jundiai.sp.gov.br\/noticias\/wp-json\/wp\/v2\/ods?post=164531"}],"curies":[{"name":"wp","href":"https:\/\/api.w.org\/{rel}","templated":true}]}}