{"id":164983,"date":"2015-12-23T09:25:37","date_gmt":"2015-12-23T11:25:37","guid":{"rendered":"https:\/\/jundiai.sp.gov.br\/noticias\/?p=164983"},"modified":"2016-11-04T13:21:43","modified_gmt":"2016-11-04T15:21:43","slug":"prefeito-lamenta-a-morte-de-jorge-haddad-e-destaca-seu-trabalho","status":"publish","type":"post","link":"https:\/\/jundiai.sp.gov.br\/noticias\/2015\/12\/23\/prefeito-lamenta-a-morte-de-jorge-haddad-e-destaca-seu-trabalho\/","title":{"rendered":"Prefeito lamenta a morte de Jorge Haddad e destaca seu trabalho"},"content":{"rendered":"<p><iframe loading=\"lazy\" width=\"420\" height=\"315\" src=\"https:\/\/www.youtube.com\/embed\/H-un9vBhM-4\" frameborder=\"0\" allowfullscreen class=\"alignright\"><\/iframe><strong>\u201cJorge foi um dos principais articuladores da pol\u00edtica. Partiu numa ter\u00e7a-feira, dia de sess\u00e3o na C\u00e2mara, de pol\u00edtica, de trabalho.\u201d Assim se manifestou o prefeito Pedro Bigardi ao receber a not\u00edcia da morte do diretor administrativo da <a href=\"http:\/\/www.jundiai.sp.leg.br\/\" target=\"_blank\">C\u00e2mara Municipal<\/a>, Jorge Nassif Haddad, ex-vereador por tr\u00eas legislaturas (1983 e 1996), um dos \u00edcones da pol\u00edtica local e regional, ocorrido no Hospital Nove de Julho, em S\u00e3o Paulo, no in\u00edcio da noite desta ter\u00e7a-feira (22). Desta forma, <a href=\"https:\/\/jundiai.sp.gov.br\/noticias\/wp-content\/uploads\/sites\/32\/2015\/12\/Decreto-26230.pdf\" target=\"_blank\">Bigardi decretou Luto Oficial de tr\u00eas dias em Jundia\u00ed<\/a>.<\/strong><\/p>\n<p>Jorge Haddad era natural de Ol\u00edmpia, mas ainda menino veio para Jundia\u00ed onde estudou no Grupo Escolar Pedro de Oliveira e depois o ensino m\u00e9dio na Escola Estadual Ana Paes. Cursou Engenharia Civil em Itatiba.<\/p>\n<p>O vel\u00f3rio est\u00e1 sendo realizado no plen\u00e1rio da C\u00e2mara Municipal, na rua Bar\u00e3o de Jundia\u00ed, 128 \u2013 Centro, e o sepultamento est\u00e1 previsto para as 17h no Cemit\u00e9rio Nossa Senhora do Desterro.<\/p>\n<p><em><strong>Assessoria de Imprensa<\/strong><\/em><\/p>\n","protected":false},"excerpt":{"rendered":"<p>Jorge faleceu no in\u00edcio da noite desta ter\u00e7a-feira (22). Vel\u00f3rio ocorre na C\u00e2mara e decreto instaura luto oficial de tr\u00eas dias na cidade <\/p>\n","protected":false},"author":10,"featured_media":164984,"comment_status":"closed","ping_status":"closed","sticky":false,"template":"","format":"standard","meta":{"footnotes":""},"categories":[2],"tags":[428,58],"ods":[],"class_list":["post-164983","post","type-post","status-publish","format-standard","has-post-thumbnail","hentry","category-noticias","tag-camara-municipal","tag-prefeito"],"_links":{"self":[{"href":"https:\/\/jundiai.sp.gov.br\/noticias\/wp-json\/wp\/v2\/posts\/164983","targetHints":{"allow":["GET"]}}],"collection":[{"href":"https:\/\/jundiai.sp.gov.br\/noticias\/wp-json\/wp\/v2\/posts"}],"about":[{"href":"https:\/\/jundiai.sp.gov.br\/noticias\/wp-json\/wp\/v2\/types\/post"}],"author":[{"embeddable":true,"href":"https:\/\/jundiai.sp.gov.br\/noticias\/wp-json\/wp\/v2\/users\/10"}],"replies":[{"embeddable":true,"href":"https:\/\/jundiai.sp.gov.br\/noticias\/wp-json\/wp\/v2\/comments?post=164983"}],"version-history":[{"count":7,"href":"https:\/\/jundiai.sp.gov.br\/noticias\/wp-json\/wp\/v2\/posts\/164983\/revisions"}],"predecessor-version":[{"id":165126,"href":"https:\/\/jundiai.sp.gov.br\/noticias\/wp-json\/wp\/v2\/posts\/164983\/revisions\/165126"}],"wp:featuredmedia":[{"embeddable":true,"href":"https:\/\/jundiai.sp.gov.br\/noticias\/wp-json\/wp\/v2\/media\/164984"}],"wp:attachment":[{"href":"https:\/\/jundiai.sp.gov.br\/noticias\/wp-json\/wp\/v2\/media?parent=164983"}],"wp:term":[{"taxonomy":"category","embeddable":true,"href":"https:\/\/jundiai.sp.gov.br\/noticias\/wp-json\/wp\/v2\/categories?post=164983"},{"taxonomy":"post_tag","embeddable":true,"href":"https:\/\/jundiai.sp.gov.br\/noticias\/wp-json\/wp\/v2\/tags?post=164983"},{"taxonomy":"ods","embeddable":true,"href":"https:\/\/jundiai.sp.gov.br\/noticias\/wp-json\/wp\/v2\/ods?post=164983"}],"curies":[{"name":"wp","href":"https:\/\/api.w.org\/{rel}","templated":true}]}}