{"id":165031,"date":"2015-12-23T17:19:05","date_gmt":"2015-12-23T19:19:05","guid":{"rendered":"https:\/\/jundiai.sp.gov.br\/noticias\/?p=165031"},"modified":"2020-11-06T10:35:49","modified_gmt":"2020-11-06T13:35:49","slug":"audiencia-publica-em-janeiro-vai-discutir-registro-de-bens-imateriais","status":"publish","type":"post","link":"https:\/\/jundiai.sp.gov.br\/noticias\/2015\/12\/23\/audiencia-publica-em-janeiro-vai-discutir-registro-de-bens-imateriais\/","title":{"rendered":"Audi\u00eancia p\u00fablica em janeiro vai discutir registro de bens imateriais"},"content":{"rendered":"<p><strong>A <a href=\"http:\/\/cultura.jundiai.sp.gov.br\/\" target=\"_blank\" rel=\"noopener noreferrer\">Secretaria de Cultura<\/a> realiza no dia 14 de janeiro, \u00e0s 19h, na <a href=\"http:\/\/www.jundiai.sp.leg.br\/\" target=\"_blank\" rel=\"noopener noreferrer\">C\u00e2mara Municipal<\/a>, audi\u00eancia p\u00fablica para discutir os registros como bens imateriais de Jundia\u00ed do Bloco Carnavalesco Refogado do Sandi, do Clube Beneficente Cultural e Recreativo 28 de Setembro e da Romaria Diocesana Masculina.<\/strong><\/p>\n<p><strong>LEIA TAMB\u00c9M<br \/>\n<\/strong>Rio Jundia\u00ed vai ser tema de a\u00e7\u00e3o intermunicipal em 2016<br \/>\n<a href=\"https:\/\/jundiai.sp.gov.br\/noticias\/2015\/12\/18\/mostra-fotografica-reune-40-obras-na-camara-municipal\/\" target=\"_blank\" rel=\"noopener noreferrer\">Mostra Fotogr\u00e1fica re\u00fane 40 obras na C\u00e2mara Municipal<\/a><br \/>\n<a href=\"https:\/\/jundiai.sp.gov.br\/noticias\/2015\/12\/16\/secretario-estadual-de-turismo-e-convidado-a-festa-da-uva\/\" target=\"_blank\" rel=\"noopener noreferrer\">Secret\u00e1rio Estadual de Turismo \u00e9 convidado \u00e0 Festa da Uva<\/a><\/p>\n<div id=\"attachment_165032\" style=\"width: 410px\" class=\"wp-caption alignleft\"><a href=\"https:\/\/jundiai.sp.gov.br\/noticias\/wp-content\/uploads\/sites\/32\/2015\/12\/Patrimonio_ImaterialG.jpg\"><img loading=\"lazy\" decoding=\"async\" aria-describedby=\"caption-attachment-165032\" class=\"size-large wp-image-165032\" src=\"https:\/\/jundiai.sp.gov.br\/noticias\/wp-content\/uploads\/sites\/32\/2015\/12\/Patrimonio_ImaterialG-720x433.jpg\" alt=\"Em novembro, a Secretaria de Cultura realizou palestra sobre Patrim\u00f4nio Imaterial\" width=\"400\" height=\"400\" \/><\/a><p id=\"caption-attachment-165032\" class=\"wp-caption-text\">Em novembro, a Secretaria de Cultura realizou palestra sobre Patrim\u00f4nio Imaterial<\/p><\/div>\n<p>Segundo o Diretor de Patrim\u00f4nio Hist\u00f3rico e Cultural, Donizetti Aparecido Pinto, se trata de uma etapa importante para o processo de registro. \u201cA Lei que instituiu o processo de registro \u00e9 recente e entendemos que \u00e9 necess\u00e1rio haver discuss\u00e3o com a popula\u00e7\u00e3o antes do Conselho Municipal do Patrim\u00f4nio Cultural (Compac) aprovar o registro\u201d, explica.<\/p>\n<p>Em setembro,<a href=\"https:\/\/jundiai.sp.gov.br\/noticias\/2015\/09\/22\/prefeito-sanciona-lei-que-regulamenta-patrimonio-imaterial-na-cidade\/\" target=\"_blank\" rel=\"noopener noreferrer\"> o prefeito Pedro Bigardi sancionou a lei 564 (complementar \u00e0 lei 443\/2007), que regulamenta o registro de bens imateriais<\/a> na pol\u00edtica municipal de preserva\u00e7\u00e3o do patrim\u00f4nio hist\u00f3rico e cultural.<\/p>\n<p><em><strong>Assessoria de Imprensa<br \/>\nFoto: Arquivo PMJ<\/strong><\/em><\/p>\n","protected":false},"excerpt":{"rendered":"<p>A Secretaria de Cultura realiza no dia 14 de janeiro, \u00e0s 19h, na C\u00e2mara Municipal, audi\u00eancia p\u00fablica para discutir os registros como bens imateriais de Jundia\u00ed do Bloco Carnavalesco Refogado do Sandi, do Clube Beneficente Cultural e Recreativo 28 de Setembro e da Romaria Diocesana Masculina. LEIA TAMB\u00c9M Rio Jundia\u00ed vai ser tema de a\u00e7\u00e3o [&hellip;]<\/p>\n","protected":false},"author":10,"featured_media":0,"comment_status":"closed","ping_status":"closed","sticky":false,"template":"","format":"standard","meta":{"footnotes":""},"categories":[2],"tags":[428,256,29,800],"ods":[],"class_list":["post-165031","post","type-post","status-publish","format-standard","hentry","category-noticias","tag-camara-municipal","tag-conselho-do-patrimonio-cultural-compac","tag-cultura","tag-patrimonio-historico-e-cultural"],"_links":{"self":[{"href":"https:\/\/jundiai.sp.gov.br\/noticias\/wp-json\/wp\/v2\/posts\/165031","targetHints":{"allow":["GET"]}}],"collection":[{"href":"https:\/\/jundiai.sp.gov.br\/noticias\/wp-json\/wp\/v2\/posts"}],"about":[{"href":"https:\/\/jundiai.sp.gov.br\/noticias\/wp-json\/wp\/v2\/types\/post"}],"author":[{"embeddable":true,"href":"https:\/\/jundiai.sp.gov.br\/noticias\/wp-json\/wp\/v2\/users\/10"}],"replies":[{"embeddable":true,"href":"https:\/\/jundiai.sp.gov.br\/noticias\/wp-json\/wp\/v2\/comments?post=165031"}],"version-history":[{"count":8,"href":"https:\/\/jundiai.sp.gov.br\/noticias\/wp-json\/wp\/v2\/posts\/165031\/revisions"}],"predecessor-version":[{"id":258102,"href":"https:\/\/jundiai.sp.gov.br\/noticias\/wp-json\/wp\/v2\/posts\/165031\/revisions\/258102"}],"wp:attachment":[{"href":"https:\/\/jundiai.sp.gov.br\/noticias\/wp-json\/wp\/v2\/media?parent=165031"}],"wp:term":[{"taxonomy":"category","embeddable":true,"href":"https:\/\/jundiai.sp.gov.br\/noticias\/wp-json\/wp\/v2\/categories?post=165031"},{"taxonomy":"post_tag","embeddable":true,"href":"https:\/\/jundiai.sp.gov.br\/noticias\/wp-json\/wp\/v2\/tags?post=165031"},{"taxonomy":"ods","embeddable":true,"href":"https:\/\/jundiai.sp.gov.br\/noticias\/wp-json\/wp\/v2\/ods?post=165031"}],"curies":[{"name":"wp","href":"https:\/\/api.w.org\/{rel}","templated":true}]}}