{"id":165163,"date":"2015-12-28T17:28:27","date_gmt":"2015-12-28T19:28:27","guid":{"rendered":"https:\/\/jundiai.sp.gov.br\/noticias\/?p=165163"},"modified":"2016-11-04T13:12:50","modified_gmt":"2016-11-04T15:12:50","slug":"chuva-coloca-jundiai-na-lista-de-cidades-em-estado-de-atencao","status":"publish","type":"post","link":"https:\/\/jundiai.sp.gov.br\/noticias\/2015\/12\/28\/chuva-coloca-jundiai-na-lista-de-cidades-em-estado-de-atencao\/","title":{"rendered":"Chuva coloca Jundia\u00ed na lista de cidades em &#8216;aten\u00e7\u00e3o&#8217;"},"content":{"rendered":"<p><strong>A Defesa Civil de Jundia\u00ed recebeu \u00e0s 7h56, desta segunda-feira (28), a confirma\u00e7\u00e3o da Coordenadoria Estadual de Defesa Civil (Cedec) da inclus\u00e3o do munic\u00edpio na lista de cidades em estado de aten\u00e7\u00e3o por conta das chuvas que castigam a regi\u00e3o Sudeste.<\/strong><\/p>\n<p>A medida \u00e9 justificada pelos <strong>83 mil\u00edmetros de chuva acumulados durante tr\u00eas dias<\/strong>. A margem foi registrada na <strong>regi\u00e3o do Caxambu. \u00c1reas como S\u00e3o Camilo, Sorocabana e Jardim Tamoio est\u00e3o sendo monitoradas<\/strong>.<\/p>\n<p><strong>LEIA TAMB\u00c9M<\/strong><br \/>\n<a href=\"https:\/\/jundiai.sp.gov.br\/noticias\/2015\/12\/22\/gabinete-de-gestao-define-atuacao-na-operacao-verao\/\" target=\"_blank\">Gabinete de Gest\u00e3o define atua\u00e7\u00e3o na Opera\u00e7\u00e3o Ver\u00e3o<\/a><br \/>\n<a href=\"https:\/\/jundiai.sp.gov.br\/noticias\/2015\/12\/28\/prefeitura-intensifica-acoes-de-protecao-da-serra-do-japi\/\" target=\"_blank\">Prefeitura intensifica a\u00e7\u00f5es de prote\u00e7\u00e3o da Serra do Japi<\/a><br \/>\n<a href=\"https:\/\/jundiai.sp.gov.br\/noticias\/2015\/12\/28\/comite-de-gestao-de-riscos-foca-acoes-em-situacoes-de-emergencia\/\" target=\"_blank\">Comit\u00ea de Gest\u00e3o de Riscos foca a\u00e7\u00f5es em situa\u00e7\u00f5es de emerg\u00eancia<\/a><\/p>\n<div id=\"attachment_165164\" style=\"width: 730px\" class=\"wp-caption aligncenter\"><a href=\"https:\/\/jundiai.sp.gov.br\/noticias\/wp-content\/uploads\/sites\/32\/2015\/12\/Defesa_Civil_A_13g.jpg\"><img loading=\"lazy\" decoding=\"async\" aria-describedby=\"caption-attachment-165164\" class=\"size-large wp-image-165164\" src=\"https:\/\/jundiai.sp.gov.br\/noticias\/wp-content\/uploads\/sites\/32\/2015\/12\/Defesa_Civil_A_13g-720x480.jpg\" alt=\"Agentes da Defesa Civil fazem vistoria \u00e0s margens de c\u00f3rrego no Sorocabana\" width=\"720\" height=\"480\" srcset=\"https:\/\/jundiai.sp.gov.br\/noticias\/wp-content\/uploads\/sites\/32\/2015\/12\/Defesa_Civil_A_13g-720x480.jpg 720w, https:\/\/jundiai.sp.gov.br\/noticias\/wp-content\/uploads\/sites\/32\/2015\/12\/Defesa_Civil_A_13g-300x200.jpg 300w, https:\/\/jundiai.sp.gov.br\/noticias\/wp-content\/uploads\/sites\/32\/2015\/12\/Defesa_Civil_A_13g.jpg 1240w\" sizes=\"auto, (max-width: 720px) 100vw, 720px\" \/><\/a><p id=\"caption-attachment-165164\" class=\"wp-caption-text\">Agentes da Defesa Civil fazem vistoria \u00e0s margens de c\u00f3rrego no Sorocabana<\/p><\/div>\n<p>Com o <strong>Estado de Aten\u00e7\u00e3o<\/strong> decretado, <strong>equipes da Defesa Civil foram a campo para vistoriar as regi\u00f5es mais afetadas pelas chuvas<\/strong>. \u201cFelizmente a <strong>situa\u00e7\u00e3o est\u00e1 dentro da normalidade e n\u00e3o registramos qualquer ocorr\u00eancia<\/strong>&#8220;, ressaltou a chefe da Divis\u00e3o de Or\u00e7amento da Defesa Civil, Juliana de Salvia Mazzei Segala.<\/p>\n<p><iframe loading=\"lazy\" width=\"420\" height=\"315\" src=\"https:\/\/www.youtube.com\/embed\/VDSMpo6fkeo\" frameborder=\"0\" allowfullscreen class=\"alignleft\"><\/iframe>As <strong>vistorias preventivas<\/strong> em \u00e1reas de risco s\u00e3o recomendadas pela Coordenadoria Estadual diante da inclus\u00e3o dos munic\u00edpios no Estado de Aten\u00e7\u00e3o. Na tarde desta segunda-feira (28), por exemplo, <strong>equipes da Defesa Civil vistoriaram o c\u00f3rrego que corta o Jardim Sorocabana<\/strong>.<\/p>\n<p>\u201cPelo que observamos a <strong>situa\u00e7\u00e3o \u00e9 tranquila<\/strong>, mas precisamos ficar atentos, principalmente se mau tempo persistir\u201d, disse o agente da Defesa Civil Ademir Polli, que debaixo de uma chuva e acompanhado por Takashi Skanaka, Jos\u00e9 Pereira e Marcelo Netto, percorreu toda a extens\u00e3o do c\u00f3rrego at\u00e9 que ao local em que se junta \u00e0s \u00e1guas do Rio Jundia\u00ed, nas proximidades da Universidade Paulista (Unip).<\/p>\n<p>\u201cTentamos <strong>detectar em primeiro lugar se h\u00e1 riscos de algum tipo de deslizamento, principalmente de edifica\u00e7\u00f5es \u00e0s margens do c\u00f3rrego. Mas n\u00e3o \u00e9 o caso no momento<\/strong>. Tamb\u00e9m procuramos <strong>pontos de alagamentos<\/strong>\u201d, comentou Polli, lembrando ainda que a Defesa Civil conta com o <strong>servi\u00e7o de SMS para alertar os moradores cadastrados por meios de mensagens de texto via celular.<\/strong><\/p>\n<p>O trabalho de preven\u00e7\u00e3o executado pela Defesa Civil deve ser <strong>ampliado nas pr\u00f3ximas horas<\/strong> at\u00e9 mesmo porque a Coordenadoria Estadual divulgou, na tarde desta segunda-feira (28), <strong>boletim que informa a continuidade da chuva de maneira longa, ou seja, precipita\u00e7\u00f5es cont\u00ednuas at\u00e9 pelo menos quinta-feira (31)<\/strong>.<\/p>\n<p><strong><em>Ivan Lopes<br \/>\nFoto: Alessandro Rosman<\/em><\/strong><\/p>\n","protected":false},"excerpt":{"rendered":"<p>Apesar da situa\u00e7\u00e3o tranquila e aus\u00eancia de ocorr\u00eancias, equipes da Defesa Civil realizam vistorias preventivas<\/p>\n","protected":false},"author":14,"featured_media":165167,"comment_status":"closed","ping_status":"closed","sticky":false,"template":"","format":"standard","meta":{"footnotes":""},"categories":[2],"tags":[34,847],"ods":[],"class_list":["post-165163","post","type-post","status-publish","format-standard","has-post-thumbnail","hentry","category-noticias","tag-defesa-civil","tag-gabinete-de-gestao-de-risco"],"_links":{"self":[{"href":"https:\/\/jundiai.sp.gov.br\/noticias\/wp-json\/wp\/v2\/posts\/165163","targetHints":{"allow":["GET"]}}],"collection":[{"href":"https:\/\/jundiai.sp.gov.br\/noticias\/wp-json\/wp\/v2\/posts"}],"about":[{"href":"https:\/\/jundiai.sp.gov.br\/noticias\/wp-json\/wp\/v2\/types\/post"}],"author":[{"embeddable":true,"href":"https:\/\/jundiai.sp.gov.br\/noticias\/wp-json\/wp\/v2\/users\/14"}],"replies":[{"embeddable":true,"href":"https:\/\/jundiai.sp.gov.br\/noticias\/wp-json\/wp\/v2\/comments?post=165163"}],"version-history":[{"count":10,"href":"https:\/\/jundiai.sp.gov.br\/noticias\/wp-json\/wp\/v2\/posts\/165163\/revisions"}],"predecessor-version":[{"id":165312,"href":"https:\/\/jundiai.sp.gov.br\/noticias\/wp-json\/wp\/v2\/posts\/165163\/revisions\/165312"}],"wp:featuredmedia":[{"embeddable":true,"href":"https:\/\/jundiai.sp.gov.br\/noticias\/wp-json\/wp\/v2\/media\/165167"}],"wp:attachment":[{"href":"https:\/\/jundiai.sp.gov.br\/noticias\/wp-json\/wp\/v2\/media?parent=165163"}],"wp:term":[{"taxonomy":"category","embeddable":true,"href":"https:\/\/jundiai.sp.gov.br\/noticias\/wp-json\/wp\/v2\/categories?post=165163"},{"taxonomy":"post_tag","embeddable":true,"href":"https:\/\/jundiai.sp.gov.br\/noticias\/wp-json\/wp\/v2\/tags?post=165163"},{"taxonomy":"ods","embeddable":true,"href":"https:\/\/jundiai.sp.gov.br\/noticias\/wp-json\/wp\/v2\/ods?post=165163"}],"curies":[{"name":"wp","href":"https:\/\/api.w.org\/{rel}","templated":true}]}}