{"id":165246,"date":"2015-12-30T14:58:45","date_gmt":"2015-12-30T16:58:45","guid":{"rendered":"https:\/\/jundiai.sp.gov.br\/noticias\/?p=165246"},"modified":"2016-11-04T13:14:21","modified_gmt":"2016-11-04T15:14:21","slug":"com-estado-de-atencao-decretado-defesa-civil-vistoria-areas-de-risco","status":"publish","type":"post","link":"https:\/\/jundiai.sp.gov.br\/noticias\/2015\/12\/30\/com-estado-de-atencao-decretado-defesa-civil-vistoria-areas-de-risco\/","title":{"rendered":"Defesa Civil vistoria \u00e1reas de risco"},"content":{"rendered":"<p><strong>A Coordenadoria Estadual de Defesa Civil (Cedec) manteve Jundia\u00ed em estado de aten\u00e7\u00e3o por conta das chuvas que castigam a cidade desde o final de semana. O \u00faltimo boletim foi divulgado na manh\u00e3 desta quarta-feira (30) e mostra o acumulado de 88 mm nos \u00faltimos tr\u00eas dias.<\/strong><\/p>\n<p>Como manda o procedimento em casos de <strong>estado de aten\u00e7\u00e3o, equipes da Defesa de Jundia\u00ed percorrem diariamente \u00e1reas consideradas de risco na cidade.<\/strong><\/p>\n<p><strong>LEIA TAMB\u00c9M<\/strong><br \/>\n<a href=\"https:\/\/jundiai.sp.gov.br\/noticias\/2015\/12\/28\/chuva-coloca-jundiai-na-lista-de-cidades-em-estado-de-atencao\/\" target=\"_blank\">Chuva coloca Jundia\u00ed na lista de cidades em \u2018aten\u00e7\u00e3o\u2019<\/a><br \/>\n<a href=\"https:\/\/jundiai.sp.gov.br\/noticias\/2015\/12\/28\/prefeitura-intensifica-acoes-de-protecao-da-serra-do-japi\/\" target=\"_blank\">Prefeitura intensifica a\u00e7\u00f5es de prote\u00e7\u00e3o da Serra do Japi<\/a><br \/>\n<a href=\"https:\/\/jundiai.sp.gov.br\/noticias\/2015\/12\/28\/comite-de-gestao-de-riscos-foca-acoes-em-situacoes-de-emergencia\/\" target=\"_blank\">Comit\u00ea de Gest\u00e3o de Riscos foca a\u00e7\u00f5es em situa\u00e7\u00f5es de emerg\u00eancia<\/a><\/p>\n<div id=\"attachment_165247\" style=\"width: 730px\" class=\"wp-caption aligncenter\"><a href=\"https:\/\/jundiai.sp.gov.br\/noticias\/wp-content\/uploads\/sites\/32\/2015\/12\/Defesa_Civil_A_8g.jpg\"><img loading=\"lazy\" decoding=\"async\" aria-describedby=\"caption-attachment-165247\" class=\"size-large wp-image-165247\" src=\"https:\/\/jundiai.sp.gov.br\/noticias\/wp-content\/uploads\/sites\/32\/2015\/12\/Defesa_Civil_A_8g-720x480.jpg\" alt=\"Defesa Civil em alerta por conta do longo per\u00edodo de chuva em Jundia\u00ed\" width=\"720\" height=\"480\" srcset=\"https:\/\/jundiai.sp.gov.br\/noticias\/wp-content\/uploads\/sites\/32\/2015\/12\/Defesa_Civil_A_8g-720x480.jpg 720w, https:\/\/jundiai.sp.gov.br\/noticias\/wp-content\/uploads\/sites\/32\/2015\/12\/Defesa_Civil_A_8g-300x200.jpg 300w, https:\/\/jundiai.sp.gov.br\/noticias\/wp-content\/uploads\/sites\/32\/2015\/12\/Defesa_Civil_A_8g.jpg 1240w\" sizes=\"auto, (max-width: 720px) 100vw, 720px\" \/><\/a><p id=\"caption-attachment-165247\" class=\"wp-caption-text\">Defesa Civil em alerta por conta do longo per\u00edodo de chuva em Jundia\u00ed<\/p><\/div>\n<p>As vistorias se <strong>intensificaram nessa segunda-feira (28)<\/strong>, a partir do momento em que a <a href=\"https:\/\/jundiai.sp.gov.br\/noticias\/2015\/12\/28\/chuva-coloca-jundiai-na-lista-de-cidades-em-estado-de-atencao\/\" target=\"_blank\">Cedec incluiu Jundia\u00ed na lista dos munic\u00edpios em estado de aten\u00e7\u00e3o<\/a>. O alerta chegou \u00e0 sede da Defesa Civil exatamente \u00e0s 7h56.<\/p>\n<p>Agentes da Defesa Civil percorreram regi\u00f5es dos <strong>jardins Sorocabana, Tamoio, S\u00e3o Camilo e Ivoturucaia para verificar riscos de escorregamento de terra e pontos de alagamentos<\/strong>.<\/p>\n<p>O <strong>trabalho vai ter continuidade nos pr\u00f3ximos dias<\/strong>. Mesmo com a aproxima\u00e7\u00e3o do feriado de Ano Novo, a <strong>Defesa Civil vai estar em a\u00e7\u00e3o durante 24 horas. Os telefones para contato s\u00e3o o 199 e o 4586-0666.<\/strong><\/p>\n<p>A previs\u00e3o \u00e9 que a <strong>chuva prossiga nas pr\u00f3ximas horas<\/strong>. \u201cTemos a informa\u00e7\u00e3o que a chuva fraca vai continuar pelo menos at\u00e9 este s\u00e1bado (2), mesmo com a possibilidade de o sol aparecer em algum momento dos dias que se aproximam. Por isso, <strong>vamos manter o plant\u00e3o para qualquer eventualidade<\/strong>\u201d, disse o agente da Defesa Civil, Jos\u00e9 Pereira.<\/p>\n<p><strong><em>Ivan Lopes<br \/>\nFoto: Alessandro Rosman<\/em><\/strong><\/p>\n","protected":false},"excerpt":{"rendered":"<p>Mesmo com a aproxima\u00e7\u00e3o do feriado de Ano Novo, \u00f3rg\u00e3o vai estar em a\u00e7\u00e3o 24 horas, atendendo pelos telefones 199 e 4586-0666<\/p>\n","protected":false},"author":14,"featured_media":165250,"comment_status":"closed","ping_status":"closed","sticky":false,"template":"","format":"standard","meta":{"footnotes":""},"categories":[2],"tags":[34],"ods":[],"class_list":["post-165246","post","type-post","status-publish","format-standard","has-post-thumbnail","hentry","category-noticias","tag-defesa-civil"],"_links":{"self":[{"href":"https:\/\/jundiai.sp.gov.br\/noticias\/wp-json\/wp\/v2\/posts\/165246","targetHints":{"allow":["GET"]}}],"collection":[{"href":"https:\/\/jundiai.sp.gov.br\/noticias\/wp-json\/wp\/v2\/posts"}],"about":[{"href":"https:\/\/jundiai.sp.gov.br\/noticias\/wp-json\/wp\/v2\/types\/post"}],"author":[{"embeddable":true,"href":"https:\/\/jundiai.sp.gov.br\/noticias\/wp-json\/wp\/v2\/users\/14"}],"replies":[{"embeddable":true,"href":"https:\/\/jundiai.sp.gov.br\/noticias\/wp-json\/wp\/v2\/comments?post=165246"}],"version-history":[{"count":6,"href":"https:\/\/jundiai.sp.gov.br\/noticias\/wp-json\/wp\/v2\/posts\/165246\/revisions"}],"predecessor-version":[{"id":165301,"href":"https:\/\/jundiai.sp.gov.br\/noticias\/wp-json\/wp\/v2\/posts\/165246\/revisions\/165301"}],"wp:featuredmedia":[{"embeddable":true,"href":"https:\/\/jundiai.sp.gov.br\/noticias\/wp-json\/wp\/v2\/media\/165250"}],"wp:attachment":[{"href":"https:\/\/jundiai.sp.gov.br\/noticias\/wp-json\/wp\/v2\/media?parent=165246"}],"wp:term":[{"taxonomy":"category","embeddable":true,"href":"https:\/\/jundiai.sp.gov.br\/noticias\/wp-json\/wp\/v2\/categories?post=165246"},{"taxonomy":"post_tag","embeddable":true,"href":"https:\/\/jundiai.sp.gov.br\/noticias\/wp-json\/wp\/v2\/tags?post=165246"},{"taxonomy":"ods","embeddable":true,"href":"https:\/\/jundiai.sp.gov.br\/noticias\/wp-json\/wp\/v2\/ods?post=165246"}],"curies":[{"name":"wp","href":"https:\/\/api.w.org\/{rel}","templated":true}]}}