{"id":165316,"date":"2016-01-07T17:15:22","date_gmt":"2016-01-07T19:15:22","guid":{"rendered":"https:\/\/jundiai.sp.gov.br\/noticias\/?p=165316"},"modified":"2016-11-04T13:11:19","modified_gmt":"2016-11-04T15:11:19","slug":"projeto-ferias-chega-a-sua-terceira-edicao","status":"publish","type":"post","link":"https:\/\/jundiai.sp.gov.br\/noticias\/2016\/01\/07\/projeto-ferias-chega-a-sua-terceira-edicao\/","title":{"rendered":"&#8216;Projeto F\u00e9rias&#8217; chega \u00e0 terceira edi\u00e7\u00e3o na cidade"},"content":{"rendered":"<p><iframe loading=\"lazy\" width=\"420\" height=\"315\" src=\"https:\/\/www.youtube.com\/embed\/qQn1bNz1rPI\" frameborder=\"0\" allowfullscreen class=\"alignleft\" ><\/iframe><strong>As festas passaram, mas as f\u00e9rias da crian\u00e7ada continuam e, para alegrar ainda mais esse per\u00edodo, a Secretaria de Esportes e Lazer divulga mais um Projeto F\u00e9rias. As atividades t\u00eam in\u00edcio na ter\u00e7a-feira (19) e a programa\u00e7\u00e3o se estende por diversos centros esportivos at\u00e9 4 de fevereiro.<\/strong><\/p>\n<p>A iniciativa tem como objetivo <strong>atrair crian\u00e7as e adolescentes para os espa\u00e7os p\u00fablicos<\/strong>, onde v\u00e3o ser oferecidas <strong>brincadeiras de rua, folcl\u00f3ricas, jogos e outras atividades recreativas, todas supervisionadas pelos educadores esportivos<\/strong>.<\/p>\n<p>\u201cEste \u00e9 o <strong>terceiro ano<\/strong> que emplacamos esse projeto que se mostrou um <strong>sucesso<\/strong>. Mais que um <strong>momento de recrea\u00e7\u00e3o<\/strong>, procuramos <strong>contribuir tamb\u00e9m com os pais que voltam a trabalhar no per\u00edodo de recesso escolar, oferecendo de forma gratuita divers\u00e3o para seus filhos com seguran\u00e7a e suporte profissional<\/strong>\u201d, disse o secret\u00e1rio, Cristiano Lopes.<\/p>\n<p><strong>LEIA TAMB\u00c9M<\/strong><br \/>\n<a href=\"https:\/\/jundiai.sp.gov.br\/noticias\/2015\/12\/21\/prefeitura-doa-area-para-liga-jundiaiense-de-futebol-de-salao\/\" target=\"_blank\">Prefeitura doa \u00e1rea para Liga Jundiaiense de Futebol de Sal\u00e3o<\/a><br \/>\n<a href=\"https:\/\/jundiai.sp.gov.br\/noticias\/2015\/12\/28\/inscricoes-para-o-3o-torneio-sororoca-de-futebol-de-areia-seguem-abertas\/\" target=\"_blank\">Inscri\u00e7\u00f5es para 3\u00ba Sororoca de Futebol de Areia seguem abertas<\/a><\/p>\n<div id=\"attachment_165317\" style=\"width: 730px\" class=\"wp-caption aligncenter\"><a href=\"https:\/\/jundiai.sp.gov.br\/noticias\/wp-content\/uploads\/sites\/32\/2016\/01\/ProjetoFerias_d_29G.jpg\"><img loading=\"lazy\" decoding=\"async\" aria-describedby=\"caption-attachment-165317\" class=\"size-large wp-image-165317\" src=\"https:\/\/jundiai.sp.gov.br\/noticias\/wp-content\/uploads\/sites\/32\/2016\/01\/ProjetoFerias_d_29G-720x549.jpg\" alt=\"O projeto movimento os centros esportivos durante o recesso escolar\" width=\"720\" height=\"549\" srcset=\"https:\/\/jundiai.sp.gov.br\/noticias\/wp-content\/uploads\/sites\/32\/2016\/01\/ProjetoFerias_d_29G-720x549.jpg 720w, https:\/\/jundiai.sp.gov.br\/noticias\/wp-content\/uploads\/sites\/32\/2016\/01\/ProjetoFerias_d_29G-300x229.jpg 300w, https:\/\/jundiai.sp.gov.br\/noticias\/wp-content\/uploads\/sites\/32\/2016\/01\/ProjetoFerias_d_29G.jpg 1240w\" sizes=\"auto, (max-width: 720px) 100vw, 720px\" \/><\/a><p id=\"caption-attachment-165317\" class=\"wp-caption-text\">O projeto movimento os centros esportivos durante o recesso escolar<\/p><\/div>\n<p>Para participar dos eventos basta se dirigir aos <strong>locais indicados na programa\u00e7\u00e3o<\/strong>, onde atividades v\u00e3o ser\u00a0desenvolvidas em <strong>dois per\u00edodos: das 9h \u00e0s 11h e das 14h30 \u00e0s 16h30<\/strong>.<\/p>\n<p>Esta edi\u00e7\u00e3o ainda traz uma novidade: o <strong>Programa de Esportes e Atividades Motoras Adaptadas (Peama)<\/strong>\u00a0vai ter uma <strong>programa\u00e7\u00e3o especial<\/strong> para seus alunos na <strong>quinta (28) e sexta-feira (29)<\/strong> no <a href=\"http:\/\/parquedacidade.jundiai.sp.gov.br\/\" target=\"_blank\">Parque da Cidade<\/a>; 1 e 2 de fevereiro na piscina do Bol\u00e3o e 3 e 4, no CEU das Artes.<\/p>\n<p><strong>Confira a programa\u00e7\u00e3o completa:<\/strong><\/p>\n<p><strong>Ter\u00e7a (19), quarta (20) e quinta-feira (21)<\/strong> \u2013 <em>Centro Esportivo Francisco Dal Santo (Vila Rami) e Centro Esportivo Jos\u00e9 de Marchi (Jardim Novo Horizonte)<\/em>;<\/p>\n<p><strong>Sexta (22), segunda (25) e tre\u00e7a-feira (26)<\/strong> &#8211; <em>Centro Esportivo Rom\u00e3o de Souza (Col\u00f4nia) e Centro Esportivo Ant\u00f4nio de Lima (Agapeama);<\/em><\/p>\n<p><strong>Quinta (28) e sexta-feira (29)<\/strong> \u2013 <em>Parque Jardim do Lago; Centro Esportivo Benedito de Lima (Retiro); Centro Esportivo Jardim \u00c2ngela (Vila Aparecida); Emeb Prof. Pedro Clarismundo Fornari e Centro Esportivo Pedro Raymundo;<\/em><\/p>\n<p><strong>Segunda (1\u00ba) e Ter\u00e7a (2) de fevereiro<\/strong> \u2013 <em>Centro Esportivo Francisco \u00c1lvaro Siqueira Neto (Jardim Martins); Parque Ecol\u00f3gico Morada das Vinhas; Centro Esportivo Aramis Polli (Hortol\u00e2ndia) e Centro Esportivo Nilo Avelino Macedo (Jardim Esplanada);<\/em><\/p>\n<p><strong>Quarta (3) e quinta-feira (4) de fevereiro<\/strong> \u2013 <em>Centro Esportivo Mario Milani (Ivoturucaia); Centro Esportivo Vanderlei Sperandio (Santa Gertrudes); Centro Esportivo L\u00e9o P. Lemos Nogueira (Jardim Sarapiranga); Centro Esportivo Helena Cestari (Vila Comercial) e CEU das Artes (Vista Alegre)<\/em>.<\/p>\n<p><strong><em>Assessoria de Imprensa<br \/>\nFoto: Dorival Pinheiro Filho<\/em><\/strong><\/p>\n","protected":false},"excerpt":{"rendered":"<p>Para participar, basta se dirigir aos locais indicados na programa\u00e7\u00e3o, onde atividades v\u00e3o ser gratuitas<\/p>\n","protected":false},"author":14,"featured_media":147468,"comment_status":"closed","ping_status":"closed","sticky":false,"template":"","format":"standard","meta":{"footnotes":""},"categories":[2],"tags":[110,411,35,47,96,844,845],"ods":[],"class_list":["post-165316","post","type-post","status-publish","format-standard","has-post-thumbnail","hentry","category-noticias","tag-bolao","tag-centro-esportivo","tag-esporte-e-lazer","tag-parque-da-cidade","tag-programa-de-esportes-e-atividades-motoras-adaptadas-peama","tag-projeto-ferias","tag-projeto-ferias-2016"],"_links":{"self":[{"href":"https:\/\/jundiai.sp.gov.br\/noticias\/wp-json\/wp\/v2\/posts\/165316","targetHints":{"allow":["GET"]}}],"collection":[{"href":"https:\/\/jundiai.sp.gov.br\/noticias\/wp-json\/wp\/v2\/posts"}],"about":[{"href":"https:\/\/jundiai.sp.gov.br\/noticias\/wp-json\/wp\/v2\/types\/post"}],"author":[{"embeddable":true,"href":"https:\/\/jundiai.sp.gov.br\/noticias\/wp-json\/wp\/v2\/users\/14"}],"replies":[{"embeddable":true,"href":"https:\/\/jundiai.sp.gov.br\/noticias\/wp-json\/wp\/v2\/comments?post=165316"}],"version-history":[{"count":10,"href":"https:\/\/jundiai.sp.gov.br\/noticias\/wp-json\/wp\/v2\/posts\/165316\/revisions"}],"predecessor-version":[{"id":165652,"href":"https:\/\/jundiai.sp.gov.br\/noticias\/wp-json\/wp\/v2\/posts\/165316\/revisions\/165652"}],"wp:featuredmedia":[{"embeddable":true,"href":"https:\/\/jundiai.sp.gov.br\/noticias\/wp-json\/wp\/v2\/media\/147468"}],"wp:attachment":[{"href":"https:\/\/jundiai.sp.gov.br\/noticias\/wp-json\/wp\/v2\/media?parent=165316"}],"wp:term":[{"taxonomy":"category","embeddable":true,"href":"https:\/\/jundiai.sp.gov.br\/noticias\/wp-json\/wp\/v2\/categories?post=165316"},{"taxonomy":"post_tag","embeddable":true,"href":"https:\/\/jundiai.sp.gov.br\/noticias\/wp-json\/wp\/v2\/tags?post=165316"},{"taxonomy":"ods","embeddable":true,"href":"https:\/\/jundiai.sp.gov.br\/noticias\/wp-json\/wp\/v2\/ods?post=165316"}],"curies":[{"name":"wp","href":"https:\/\/api.w.org\/{rel}","templated":true}]}}